{"id":25700,"date":"2020-01-10T17:13:09","date_gmt":"2020-01-10T20:13:09","guid":{"rendered":"http:\/\/cronicasyversiones.com\/?p=25700"},"modified":"2020-01-10T17:13:09","modified_gmt":"2020-01-10T20:13:09","slug":"alfredo-arias-presenta-hermafrodita-junto-a-mayra-bonard-y-carlos-casella","status":"publish","type":"post","link":"http:\/\/cronicasyversiones.com\/?p=25700","title":{"rendered":"Alfredo Arias presenta \u00abHermafrodita\u00bb, junto a Mayra Bonard y Carlos Casella"},"content":{"rendered":"<div style=\"padding-bottom:20px; padding-top:10px;\" class=\"hupso-share-buttons\"><!-- Hupso Share Buttons - https:\/\/www.hupso.com\/share\/ --><a class=\"hupso_counters\" href=\"https:\/\/www.hupso.com\/share\/\"><img decoding=\"async\" src=\"http:\/\/static.hupso.com\/share\/buttons\/lang\/es\/share-small.png\" style=\"border:0px; padding-top:2px; float:left;\" alt=\"Share Button\"\/><\/a><script type=\"text\/javascript\">var hupso_services_c=new Array(\"twitter\",\"facebook_like\",\"google\");var hupso_counters_lang = \"es_LA\";var hupso_image_folder_url = \"\";var hupso_twitter_via=\"crsyvrs\";var hupso_url_c=\"\";<\/script><script type=\"text\/javascript\" src=\"http:\/\/static.hupso.com\/share\/js\/counters.js\"><\/script><!-- Hupso Share Buttons --><\/div><h2>La obra trata sobre un personaje del siglo XVIII, cuyas memorias fueron editadas con un prefacio de Michel Foucault.<\/h2>\n<p><img loading=\"lazy\" decoding=\"async\" class=\"size-full wp-image-25701 aligncenter\" src=\"http:\/\/cronicasyversiones.com\/wp-content\/uploads\/2020\/01\/herma.jpg\" alt=\"\" width=\"750\" height=\"514\" srcset=\"http:\/\/cronicasyversiones.com\/wp-content\/uploads\/2020\/01\/herma.jpg 750w, http:\/\/cronicasyversiones.com\/wp-content\/uploads\/2020\/01\/herma-300x206.jpg 300w\" sizes=\"auto, (max-width: 750px) 100vw, 750px\" \/><\/p>\n<p><strong><em>\u201cHermafrodita\u201d,<\/em><\/strong> escrita y dirigida por <strong>Alfredo Arias<\/strong> e interpretada por <strong>Mayra Bonard y Carlos Casella,<\/strong> sobre un personaje del siglo XVIII, cuyas memorias fueron editadas con un prefacio de <strong>Michel Foucault,<\/strong> se estrena en el auditorio del <strong>Malba<\/strong>, en Figueroa Alcorta 3415, barrio de Palermo.<\/p>\n<p>En este retorno a escena, la obra se podr\u00e1 ver el lunes 27, mi\u00e9rcoles 29 y viernes 31 de enero a las 16.<\/p>\n<p>La pieza recoge las memorias de <strong>Herculine Barbin<\/strong>, conocido por su identidad femenina como Alexine B., un pseudo-hermafrodita que ocup\u00f3 en su momento a la ciencia y a los peri\u00f3dicos.<\/p>\n<p>Quien primero habl\u00f3 sobre Herculine fue Ambroise Tardieu, especialista en medicina legal que public\u00f3 en 1874 las memorias de ese pseudo-hermafrodita, donde se relantan sus emociones y su desconcierto a medida que va descubriendo su particular sexualidad.<\/p>\n<p><em><strong>LEA TAMBI\u00c9N:<\/strong> <\/em><\/p>\n<div class=\"video-container\">\n<blockquote class=\"wp-embedded-content\" data-secret=\"A2Cl7gpefe\"><p><a href=\"https:\/\/cronicasyversiones.com\/?p=25637\">\u201cNaturaleza trans\u201d, de Marianella Morena, se suma al FIBA<\/a><\/p><\/blockquote>\n<p><iframe loading=\"lazy\" class=\"wp-embedded-content\" sandbox=\"allow-scripts\" security=\"restricted\" style=\"position: absolute; clip: rect(1px, 1px, 1px, 1px);\" title=\"\u00ab\u201cNaturaleza trans\u201d, de Marianella Morena, se suma al FIBA\u00bb \u2014    \" src=\"https:\/\/cronicasyversiones.com\/?p=25637&#038;embed=true#?secret=e36n0gAVEp#?secret=A2Cl7gpefe\" data-secret=\"A2Cl7gpefe\" width=\"600\" height=\"338\" frameborder=\"0\" marginwidth=\"0\" marginheight=\"0\" scrolling=\"no\"><\/iframe><\/div>\n<p>Con direcci\u00f3n tripartita, la coreograf\u00eda y <strong>la interpretaci\u00f3n pertenecen a Bonard y Casella,<\/strong> las luces a Mat\u00edas Send\u00f3n, el concepto sonoro a Diego Vainer, las artes visuales a Nicola Costantino, la asistencia de direcci\u00f3n a Luciana Milione y Maxi Muti y la producci\u00f3n ejecutiva a Milione y Marlene Nordlinger.<\/p>\n<p>Alfredo Arias naci\u00f3 en Buenos Aires. Particip\u00f3 en el movimiento art\u00edstico del Instituto Di Tella como artista pl\u00e1stico y puestista.<\/p>\n<p>Vive en Francia, pero en los \u00faltimos a\u00f1os ha presentado con frecuencia sus trabajos en Argentina.<\/p>\n<p>&nbsp;<\/p>\n<p>&nbsp;<\/p>\n<div style=\"padding-bottom:20px; padding-top:10px;\" class=\"hupso-share-buttons\"><!-- Hupso Share Buttons - https:\/\/www.hupso.com\/share\/ --><a class=\"hupso_counters\" href=\"https:\/\/www.hupso.com\/share\/\"><img decoding=\"async\" src=\"http:\/\/static.hupso.com\/share\/buttons\/lang\/es\/share-small.png\" style=\"border:0px; padding-top:2px; float:left;\" alt=\"Share Button\"\/><\/a><script type=\"text\/javascript\">var hupso_services_c=new Array(\"twitter\",\"facebook_like\",\"google\");var hupso_counters_lang = \"es_LA\";var hupso_image_folder_url = \"\";var hupso_twitter_via=\"crsyvrs\";var hupso_url_c=\"\";<\/script><script type=\"text\/javascript\" src=\"http:\/\/static.hupso.com\/share\/js\/counters.js\"><\/script><!-- Hupso Share Buttons --><\/div> ","protected":false},"excerpt":{"rendered":"<div style=\"padding-bottom:20px; padding-top:10px;\" class=\"hupso-share-buttons\"><!-- Hupso Share Buttons - https:\/\/www.hupso.com\/share\/ --><a class=\"hupso_counters\" href=\"https:\/\/www.hupso.com\/share\/\"><img src=\"http:\/\/static.hupso.com\/share\/buttons\/lang\/es\/share-small.png\" style=\"border:0px; padding-top:2px; float:left;\" alt=\"Share Button\"\/><\/a><script type=\"text\/javascript\">var hupso_services_c=new Array(\"twitter\",\"facebook_like\",\"google\");var hupso_counters_lang = \"es_LA\";var hupso_image_folder_url = \"\";var hupso_twitter_via=\"crsyvrs\";var hupso_url_c=\"\";<\/script><script type=\"text\/javascript\" src=\"http:\/\/static.hupso.com\/share\/js\/counters.js\"><\/script><!-- Hupso Share Buttons --><\/div><p>La obra trata sobre un personaje del siglo XVIII, cuyas memorias fueron editadas con un prefacio de Michel Foucault. \u201cHermafrodita\u201d, escrita y dirigida por Alfredo Arias e interpretada por Mayra Bonard y Carlos Casella, sobre un personaje del siglo&#46;&#46;&#46;<\/p>\n<div style=\"padding-bottom:20px; padding-top:10px;\" class=\"hupso-share-buttons\"><!-- Hupso Share Buttons - https:\/\/www.hupso.com\/share\/ --><a class=\"hupso_counters\" href=\"https:\/\/www.hupso.com\/share\/\"><img src=\"http:\/\/static.hupso.com\/share\/buttons\/lang\/es\/share-small.png\" style=\"border:0px; padding-top:2px; float:left;\" alt=\"Share Button\"\/><\/a><script type=\"text\/javascript\">var hupso_services_c=new Array(\"twitter\",\"facebook_like\",\"google\");var hupso_counters_lang = \"es_LA\";var hupso_image_folder_url = \"\";var hupso_twitter_via=\"crsyvrs\";var hupso_url_c=\"\";<\/script><script type=\"text\/javascript\" src=\"http:\/\/static.hupso.com\/share\/js\/counters.js\"><\/script><!-- Hupso Share Buttons --><\/div>","protected":false},"author":5,"featured_media":25701,"comment_status":"open","ping_status":"closed","sticky":false,"template":"","format":"standard","meta":{"footnotes":""},"categories":[5],"tags":[8988,3353,37,9507],"class_list":["post-25700","post","type-post","status-publish","format-standard","has-post-thumbnail","hentry","category-teatro","tag-alfredo-arias","tag-carlos-casella","tag-malba","tag-mayra-bonard"],"_links":{"self":[{"href":"http:\/\/cronicasyversiones.com\/index.php?rest_route=\/wp\/v2\/posts\/25700","targetHints":{"allow":["GET"]}}],"collection":[{"href":"http:\/\/cronicasyversiones.com\/index.php?rest_route=\/wp\/v2\/posts"}],"about":[{"href":"http:\/\/cronicasyversiones.com\/index.php?rest_route=\/wp\/v2\/types\/post"}],"author":[{"embeddable":true,"href":"http:\/\/cronicasyversiones.com\/index.php?rest_route=\/wp\/v2\/users\/5"}],"replies":[{"embeddable":true,"href":"http:\/\/cronicasyversiones.com\/index.php?rest_route=%2Fwp%2Fv2%2Fcomments&post=25700"}],"version-history":[{"count":1,"href":"http:\/\/cronicasyversiones.com\/index.php?rest_route=\/wp\/v2\/posts\/25700\/revisions"}],"predecessor-version":[{"id":25702,"href":"http:\/\/cronicasyversiones.com\/index.php?rest_route=\/wp\/v2\/posts\/25700\/revisions\/25702"}],"wp:featuredmedia":[{"embeddable":true,"href":"http:\/\/cronicasyversiones.com\/index.php?rest_route=\/wp\/v2\/media\/25701"}],"wp:attachment":[{"href":"http:\/\/cronicasyversiones.com\/index.php?rest_route=%2Fwp%2Fv2%2Fmedia&parent=25700"}],"wp:term":[{"taxonomy":"category","embeddable":true,"href":"http:\/\/cronicasyversiones.com\/index.php?rest_route=%2Fwp%2Fv2%2Fcategories&post=25700"},{"taxonomy":"post_tag","embeddable":true,"href":"http:\/\/cronicasyversiones.com\/index.php?rest_route=%2Fwp%2Fv2%2Ftags&post=25700"}],"curies":[{"name":"wp","href":"https:\/\/api.w.org\/{rel}","templated":true}]}}