{"id":25733,"date":"2020-01-15T08:32:32","date_gmt":"2020-01-15T11:32:32","guid":{"rendered":"http:\/\/cronicasyversiones.com\/?p=25733"},"modified":"2020-01-15T08:32:41","modified_gmt":"2020-01-15T11:32:41","slug":"un-film-de-agustina-comedi-el-unico-corto-latinoamericano-en-la-berlinale","status":"publish","type":"post","link":"http:\/\/cronicasyversiones.com\/?p=25733","title":{"rendered":"Un film de Agustina Comedi, el \u00fanico corto latinoamericano en la Berlinale"},"content":{"rendered":"<div style=\"padding-bottom:20px; padding-top:10px;\" class=\"hupso-share-buttons\"><!-- Hupso Share Buttons - https:\/\/www.hupso.com\/share\/ --><a class=\"hupso_counters\" href=\"https:\/\/www.hupso.com\/share\/\"><img decoding=\"async\" src=\"http:\/\/static.hupso.com\/share\/buttons\/lang\/es\/share-small.png\" style=\"border:0px; padding-top:2px; float:left;\" alt=\"Share Button\"\/><\/a><script type=\"text\/javascript\">var hupso_services_c=new Array(\"twitter\",\"facebook_like\",\"google\");var hupso_counters_lang = \"es_LA\";var hupso_image_folder_url = \"\";var hupso_twitter_via=\"crsyvrs\";var hupso_url_c=\"\";<\/script><script type=\"text\/javascript\" src=\"http:\/\/static.hupso.com\/share\/js\/counters.js\"><\/script><!-- Hupso Share Buttons --><\/div><h2>Se trata de \u00abPlayback. Ensayo de una despedida\u00bb, que transcurre lejos de la capital argentina, donde el final de la dictadura augura una primavera.<\/h2>\n<p><img loading=\"lazy\" decoding=\"async\" class=\"size-full wp-image-25735 aligncenter\" src=\"http:\/\/cronicasyversiones.com\/wp-content\/uploads\/2020\/01\/Sin-t\u00edtulo-1.jpg\" alt=\"\" width=\"700\" height=\"554\" srcset=\"http:\/\/cronicasyversiones.com\/wp-content\/uploads\/2020\/01\/Sin-t\u00edtulo-1.jpg 700w, http:\/\/cronicasyversiones.com\/wp-content\/uploads\/2020\/01\/Sin-t\u00edtulo-1-300x237.jpg 300w\" sizes=\"auto, (max-width: 700px) 100vw, 700px\" \/><\/p>\n<p><em><strong>\u00abPlayback. Ensayo de una despedida\u00bb<\/strong><\/em>, con direcci\u00f3n de &nbsp;<strong>Agustina Comedi<\/strong>, ser\u00e1 la \u00fanica presencia del cine latinoamericano en la secci\u00f3n de cortos del <strong>Festival de Cine de Berl\u00edn,<\/strong> la cita que arrancar\u00e1 el 20 de febrero en la capital alemana.<\/p>\n<p>La secci\u00f3n cuenta con 23 films en competici\u00f3n y una fuera de concurso, oriundos &nbsp;de 18 pa\u00edses, seg\u00fan inform\u00f3 oficialmente la organizaci\u00f3n del encuentro.<\/p>\n<p>El film, de 14 minutos, transcurre lejos de la capital argentina, <strong>donde el final de la dictadura augura una primavera que durar\u00e1 muy poco.<\/strong><\/p>\n<p>La Delpi es la \u00fanica sobreviviente de un grupo de travestis y transformistas, que hacia fines de los 80 empezaban a morir, una tras otra, de sida.<\/p>\n<p>En una ciudad cat\u00f3lica y de provincia, el Grupo Kalas hizo de los playbacks y de los vestidos improvisados su arma y su trinchera; hoy las im\u00e1genes de un archivo \u00fanico e in\u00e9dito son una carta de despedida, un manifiesto a la amistad.<\/p>\n<p><em><strong>LEA TAMBI\u00c9N:<\/strong> <\/em><\/p>\n<div class=\"video-container\">\n<blockquote class=\"wp-embedded-content\" data-secret=\"4QiSyB89b4\"><p><a href=\"http:\/\/cronicasyversiones.com\/?p=25710\">\u00abGuas\u00f3n\u00bb lidera la lista de nominaciones a los Oscar<\/a><\/p><\/blockquote>\n<p><iframe loading=\"lazy\" class=\"wp-embedded-content\" sandbox=\"allow-scripts\" security=\"restricted\" style=\"position: absolute; clip: rect(1px, 1px, 1px, 1px);\" title=\"\u00ab\u00abGuas\u00f3n\u00bb lidera la lista de nominaciones a los Oscar\u00bb \u2014    \" src=\"http:\/\/cronicasyversiones.com\/?p=25710&#038;embed=true#?secret=NBKTEygBrq#?secret=4QiSyB89b4\" data-secret=\"4QiSyB89b4\" width=\"600\" height=\"338\" frameborder=\"0\" marginwidth=\"0\" marginheight=\"0\" scrolling=\"no\"><\/iframe><\/div>\n<p>El corto de la cordobesa Agustina Comedi , quien debut\u00f3 en 2017 con su \u00f3pera prima <strong><em>\u00abEl silencio es un cuerpo que cae\u00bb,<\/em><\/strong> fue distinguido en noviembre pasado con el premio al mejor cortometraje en el 34 Festival de Cine de Mar del Plata.<\/p>\n<p>Su primera producci\u00f3n, un documental sobre los recuerdos de su padre en base a cintas filmadas por \u00e9l, cosech\u00f3 buenas cr\u00edticas y se mantuvo varias semanas en salas de cine independiente.<\/p>\n<p>Entre los otros 22 films que ir\u00e1n por el Oso de Oro de la Berlinale, figuran cortos de Canad\u00e1 (4), Francia (3), Estados Unidos (3), Suiza, Lituania, Australia, India, Israel, Austria, Alemania, Rusia y B\u00e9lgica.<\/p>\n<p>&nbsp;<\/p>\n<p>&nbsp;<\/p>\n<div style=\"padding-bottom:20px; padding-top:10px;\" class=\"hupso-share-buttons\"><!-- Hupso Share Buttons - https:\/\/www.hupso.com\/share\/ --><a class=\"hupso_counters\" href=\"https:\/\/www.hupso.com\/share\/\"><img decoding=\"async\" src=\"http:\/\/static.hupso.com\/share\/buttons\/lang\/es\/share-small.png\" style=\"border:0px; padding-top:2px; float:left;\" alt=\"Share Button\"\/><\/a><script type=\"text\/javascript\">var hupso_services_c=new Array(\"twitter\",\"facebook_like\",\"google\");var hupso_counters_lang = \"es_LA\";var hupso_image_folder_url = \"\";var hupso_twitter_via=\"crsyvrs\";var hupso_url_c=\"\";<\/script><script type=\"text\/javascript\" src=\"http:\/\/static.hupso.com\/share\/js\/counters.js\"><\/script><!-- Hupso Share Buttons --><\/div> ","protected":false},"excerpt":{"rendered":"<div style=\"padding-bottom:20px; padding-top:10px;\" class=\"hupso-share-buttons\"><!-- Hupso Share Buttons - https:\/\/www.hupso.com\/share\/ --><a class=\"hupso_counters\" href=\"https:\/\/www.hupso.com\/share\/\"><img src=\"http:\/\/static.hupso.com\/share\/buttons\/lang\/es\/share-small.png\" style=\"border:0px; padding-top:2px; float:left;\" alt=\"Share Button\"\/><\/a><script type=\"text\/javascript\">var hupso_services_c=new Array(\"twitter\",\"facebook_like\",\"google\");var hupso_counters_lang = \"es_LA\";var hupso_image_folder_url = \"\";var hupso_twitter_via=\"crsyvrs\";var hupso_url_c=\"\";<\/script><script type=\"text\/javascript\" src=\"http:\/\/static.hupso.com\/share\/js\/counters.js\"><\/script><!-- Hupso Share Buttons --><\/div><p>Se trata de \u00abPlayback. Ensayo de una despedida\u00bb, que transcurre lejos de la capital argentina, donde el final de la dictadura augura una primavera. \u00abPlayback. Ensayo de una despedida\u00bb, con direcci\u00f3n de &nbsp;Agustina Comedi, ser\u00e1 la \u00fanica presencia del&#46;&#46;&#46;<\/p>\n<div style=\"padding-bottom:20px; padding-top:10px;\" class=\"hupso-share-buttons\"><!-- Hupso Share Buttons - https:\/\/www.hupso.com\/share\/ --><a class=\"hupso_counters\" href=\"https:\/\/www.hupso.com\/share\/\"><img src=\"http:\/\/static.hupso.com\/share\/buttons\/lang\/es\/share-small.png\" style=\"border:0px; padding-top:2px; float:left;\" alt=\"Share Button\"\/><\/a><script type=\"text\/javascript\">var hupso_services_c=new Array(\"twitter\",\"facebook_like\",\"google\");var hupso_counters_lang = \"es_LA\";var hupso_image_folder_url = \"\";var hupso_twitter_via=\"crsyvrs\";var hupso_url_c=\"\";<\/script><script type=\"text\/javascript\" src=\"http:\/\/static.hupso.com\/share\/js\/counters.js\"><\/script><!-- Hupso Share Buttons --><\/div>","protected":false},"author":5,"featured_media":25735,"comment_status":"open","ping_status":"closed","sticky":false,"template":"","format":"standard","meta":{"footnotes":""},"categories":[4],"tags":[3549],"class_list":["post-25733","post","type-post","status-publish","format-standard","has-post-thumbnail","hentry","category-cine","tag-festival-de-cine-de-berlin"],"_links":{"self":[{"href":"http:\/\/cronicasyversiones.com\/index.php?rest_route=\/wp\/v2\/posts\/25733","targetHints":{"allow":["GET"]}}],"collection":[{"href":"http:\/\/cronicasyversiones.com\/index.php?rest_route=\/wp\/v2\/posts"}],"about":[{"href":"http:\/\/cronicasyversiones.com\/index.php?rest_route=\/wp\/v2\/types\/post"}],"author":[{"embeddable":true,"href":"http:\/\/cronicasyversiones.com\/index.php?rest_route=\/wp\/v2\/users\/5"}],"replies":[{"embeddable":true,"href":"http:\/\/cronicasyversiones.com\/index.php?rest_route=%2Fwp%2Fv2%2Fcomments&post=25733"}],"version-history":[{"count":3,"href":"http:\/\/cronicasyversiones.com\/index.php?rest_route=\/wp\/v2\/posts\/25733\/revisions"}],"predecessor-version":[{"id":25744,"href":"http:\/\/cronicasyversiones.com\/index.php?rest_route=\/wp\/v2\/posts\/25733\/revisions\/25744"}],"wp:featuredmedia":[{"embeddable":true,"href":"http:\/\/cronicasyversiones.com\/index.php?rest_route=\/wp\/v2\/media\/25735"}],"wp:attachment":[{"href":"http:\/\/cronicasyversiones.com\/index.php?rest_route=%2Fwp%2Fv2%2Fmedia&parent=25733"}],"wp:term":[{"taxonomy":"category","embeddable":true,"href":"http:\/\/cronicasyversiones.com\/index.php?rest_route=%2Fwp%2Fv2%2Fcategories&post=25733"},{"taxonomy":"post_tag","embeddable":true,"href":"http:\/\/cronicasyversiones.com\/index.php?rest_route=%2Fwp%2Fv2%2Ftags&post=25733"}],"curies":[{"name":"wp","href":"https:\/\/api.w.org\/{rel}","templated":true}]}}