{"id":25751,"date":"2020-01-15T18:06:15","date_gmt":"2020-01-15T21:06:15","guid":{"rendered":"http:\/\/cronicasyversiones.com\/?p=25751"},"modified":"2020-01-15T18:40:52","modified_gmt":"2020-01-15T21:40:52","slug":"depeche-mode-entrara-al-salon-de-la-fama-del-rock-roll","status":"publish","type":"post","link":"http:\/\/cronicasyversiones.com\/?p=25751","title":{"rendered":"Depeche Mode entrar\u00e1 al Sal\u00f3n de la Fama del Rock &#038; Roll"},"content":{"rendered":"<div style=\"padding-bottom:20px; padding-top:10px;\" class=\"hupso-share-buttons\"><!-- Hupso Share Buttons - https:\/\/www.hupso.com\/share\/ --><a class=\"hupso_counters\" href=\"https:\/\/www.hupso.com\/share\/\"><img decoding=\"async\" src=\"http:\/\/static.hupso.com\/share\/buttons\/lang\/es\/share-small.png\" style=\"border:0px; padding-top:2px; float:left;\" alt=\"Share Button\"\/><\/a><script type=\"text\/javascript\">var hupso_services_c=new Array(\"twitter\",\"facebook_like\",\"google\");var hupso_counters_lang = \"es_LA\";var hupso_image_folder_url = \"\";var hupso_twitter_via=\"crsyvrs\";var hupso_url_c=\"\";<\/script><script type=\"text\/javascript\" src=\"http:\/\/static.hupso.com\/share\/js\/counters.js\"><\/script><!-- Hupso Share Buttons --><\/div><h2>La banda brit\u00e1nica, junto con Whitney Houston y otros artistas, formar\u00e1n parte de esta instituci\u00f3n a partir de este a\u00f1o.<\/h2>\n<p><img loading=\"lazy\" decoding=\"async\" class=\" wp-image-25752\" src=\"http:\/\/cronicasyversiones.com\/wp-content\/uploads\/2020\/01\/depeche.jpg\" alt=\"\" width=\"798\" height=\"479\" srcset=\"http:\/\/cronicasyversiones.com\/wp-content\/uploads\/2020\/01\/depeche.jpg 750w, http:\/\/cronicasyversiones.com\/wp-content\/uploads\/2020\/01\/depeche-300x180.jpg 300w\" sizes=\"auto, (max-width: 798px) 100vw, 798px\" \/><\/p>\n<p>Los brit\u00e1nicos de <strong>Depeche Mode<\/strong> y la fallecida vocalista estadounidense <strong>Whitney Houston<\/strong> integran la lista de los solistas y bandas que formar\u00e1n parte del <strong>Sal\u00f3n de la Fama del Rock &amp; Roll. <\/strong><\/p>\n<p>Tambi\u00e9n se sumar\u00e1n el rapero <strong>The Notorious B.I.G., <\/strong>asesinado el 9 de marzo de 1997, y los grupos <strong>Nine Inch Nails, The Doobie Brothers <\/strong>y<strong> T-Rex.<\/strong><\/p>\n<p>Las nuevas incorporaciones ser\u00e1n celebradas en la ceremonia anual programada para el 2 de mayo en la sede del Sal\u00f3n de la Fama de Cleveland, Ohio, que ser\u00e1 transmitida por HBO.<\/p>\n<p><em><strong>LEA TAMBI\u00c9N:<\/strong> <\/em><\/p>\n<div class=\"video-container\">\n<blockquote class=\"wp-embedded-content\" data-secret=\"ZRKTYV0fJA\"><p><a href=\"http:\/\/cronicasyversiones.com\/?p=25690\">Publican una versi\u00f3n de \u201cThe man who sold the world\u201d, de David Bowie<\/a><\/p><\/blockquote>\n<p><iframe loading=\"lazy\" class=\"wp-embedded-content\" sandbox=\"allow-scripts\" security=\"restricted\" style=\"position: absolute; clip: rect(1px, 1px, 1px, 1px);\" title=\"\u00abPublican una versi\u00f3n de \u201cThe man who sold the world\u201d, de David Bowie\u00bb \u2014    \" src=\"http:\/\/cronicasyversiones.com\/?p=25690&#038;embed=true#?secret=4tqz74Ayil#?secret=ZRKTYV0fJA\" data-secret=\"ZRKTYV0fJA\" width=\"600\" height=\"338\" frameborder=\"0\" marginwidth=\"0\" marginheight=\"0\" scrolling=\"no\"><\/iframe><\/div>\n<p>El requisito fundamental para poder acceder a este prestigioso club estipula que la primera grabaci\u00f3n del artista o banda en cuesti\u00f3n debe haberse editado al menos hace 25 a\u00f1os.<\/p>\n<p>Los miembros son elegidos a trav\u00e9s de una encuesta entre m\u00e1s de 1.000 m\u00fasicos, historiadores y miembros de la industria, que eval\u00faan el trabajo profesional, la innovaci\u00f3n, la habilidad y la influencia de los postulantes.<\/p>\n<p>M\u00e1s de 320 artistas ya fueron &nbsp;reconocidos por el <strong>\u00abHall\u00bb<\/strong> desde 1986, mientras que Def Leppard, Janet Jackson, Radiohead, Roxy Music, Stevie Nicks, The Cure y The Zombies fueron los siete artistas y conjuntos que entraron en 2019 en esta instituci\u00f3n.<\/p>\n<div style=\"padding-bottom:20px; padding-top:10px;\" class=\"hupso-share-buttons\"><!-- Hupso Share Buttons - https:\/\/www.hupso.com\/share\/ --><a class=\"hupso_counters\" href=\"https:\/\/www.hupso.com\/share\/\"><img decoding=\"async\" src=\"http:\/\/static.hupso.com\/share\/buttons\/lang\/es\/share-small.png\" style=\"border:0px; padding-top:2px; float:left;\" alt=\"Share Button\"\/><\/a><script type=\"text\/javascript\">var hupso_services_c=new Array(\"twitter\",\"facebook_like\",\"google\");var hupso_counters_lang = \"es_LA\";var hupso_image_folder_url = \"\";var hupso_twitter_via=\"crsyvrs\";var hupso_url_c=\"\";<\/script><script type=\"text\/javascript\" src=\"http:\/\/static.hupso.com\/share\/js\/counters.js\"><\/script><!-- Hupso Share Buttons --><\/div> ","protected":false},"excerpt":{"rendered":"<div style=\"padding-bottom:20px; padding-top:10px;\" class=\"hupso-share-buttons\"><!-- Hupso Share Buttons - https:\/\/www.hupso.com\/share\/ --><a class=\"hupso_counters\" href=\"https:\/\/www.hupso.com\/share\/\"><img src=\"http:\/\/static.hupso.com\/share\/buttons\/lang\/es\/share-small.png\" style=\"border:0px; padding-top:2px; float:left;\" alt=\"Share Button\"\/><\/a><script type=\"text\/javascript\">var hupso_services_c=new Array(\"twitter\",\"facebook_like\",\"google\");var hupso_counters_lang = \"es_LA\";var hupso_image_folder_url = \"\";var hupso_twitter_via=\"crsyvrs\";var hupso_url_c=\"\";<\/script><script type=\"text\/javascript\" src=\"http:\/\/static.hupso.com\/share\/js\/counters.js\"><\/script><!-- Hupso Share Buttons --><\/div><p>La banda brit\u00e1nica, junto con Whitney Houston y otros artistas, formar\u00e1n parte de esta instituci\u00f3n a partir de este a\u00f1o. Los brit\u00e1nicos de Depeche Mode y la fallecida vocalista estadounidense Whitney Houston integran la lista de los solistas y&#46;&#46;&#46;<\/p>\n<div style=\"padding-bottom:20px; padding-top:10px;\" class=\"hupso-share-buttons\"><!-- Hupso Share Buttons - https:\/\/www.hupso.com\/share\/ --><a class=\"hupso_counters\" href=\"https:\/\/www.hupso.com\/share\/\"><img src=\"http:\/\/static.hupso.com\/share\/buttons\/lang\/es\/share-small.png\" style=\"border:0px; padding-top:2px; float:left;\" alt=\"Share Button\"\/><\/a><script type=\"text\/javascript\">var hupso_services_c=new Array(\"twitter\",\"facebook_like\",\"google\");var hupso_counters_lang = \"es_LA\";var hupso_image_folder_url = \"\";var hupso_twitter_via=\"crsyvrs\";var hupso_url_c=\"\";<\/script><script type=\"text\/javascript\" src=\"http:\/\/static.hupso.com\/share\/js\/counters.js\"><\/script><!-- Hupso Share Buttons --><\/div>","protected":false},"author":5,"featured_media":25752,"comment_status":"open","ping_status":"closed","sticky":false,"template":"","format":"standard","meta":{"footnotes":""},"categories":[3],"tags":[3197,9019],"class_list":["post-25751","post","type-post","status-publish","format-standard","has-post-thumbnail","hentry","category-musica","tag-depeche-mode","tag-salon-de-la-fama-del-rock"],"_links":{"self":[{"href":"http:\/\/cronicasyversiones.com\/index.php?rest_route=\/wp\/v2\/posts\/25751","targetHints":{"allow":["GET"]}}],"collection":[{"href":"http:\/\/cronicasyversiones.com\/index.php?rest_route=\/wp\/v2\/posts"}],"about":[{"href":"http:\/\/cronicasyversiones.com\/index.php?rest_route=\/wp\/v2\/types\/post"}],"author":[{"embeddable":true,"href":"http:\/\/cronicasyversiones.com\/index.php?rest_route=\/wp\/v2\/users\/5"}],"replies":[{"embeddable":true,"href":"http:\/\/cronicasyversiones.com\/index.php?rest_route=%2Fwp%2Fv2%2Fcomments&post=25751"}],"version-history":[{"count":2,"href":"http:\/\/cronicasyversiones.com\/index.php?rest_route=\/wp\/v2\/posts\/25751\/revisions"}],"predecessor-version":[{"id":25759,"href":"http:\/\/cronicasyversiones.com\/index.php?rest_route=\/wp\/v2\/posts\/25751\/revisions\/25759"}],"wp:featuredmedia":[{"embeddable":true,"href":"http:\/\/cronicasyversiones.com\/index.php?rest_route=\/wp\/v2\/media\/25752"}],"wp:attachment":[{"href":"http:\/\/cronicasyversiones.com\/index.php?rest_route=%2Fwp%2Fv2%2Fmedia&parent=25751"}],"wp:term":[{"taxonomy":"category","embeddable":true,"href":"http:\/\/cronicasyversiones.com\/index.php?rest_route=%2Fwp%2Fv2%2Fcategories&post=25751"},{"taxonomy":"post_tag","embeddable":true,"href":"http:\/\/cronicasyversiones.com\/index.php?rest_route=%2Fwp%2Fv2%2Ftags&post=25751"}],"curies":[{"name":"wp","href":"https:\/\/api.w.org\/{rel}","templated":true}]}}