{"id":25782,"date":"2020-01-19T10:24:20","date_gmt":"2020-01-19T13:24:20","guid":{"rendered":"http:\/\/cronicasyversiones.com\/?p=25782"},"modified":"2020-01-19T10:43:01","modified_gmt":"2020-01-19T13:43:01","slug":"apu-nahasapeemapetilon-deja-los-los-simpsons","status":"publish","type":"post","link":"http:\/\/cronicasyversiones.com\/?p=25782","title":{"rendered":"Apu Nahasapeemapetilon deja \u00abLos Simpsons\u00bb"},"content":{"rendered":"<div style=\"padding-bottom:20px; padding-top:10px;\" class=\"hupso-share-buttons\"><!-- Hupso Share Buttons - https:\/\/www.hupso.com\/share\/ --><a class=\"hupso_counters\" href=\"https:\/\/www.hupso.com\/share\/\"><img decoding=\"async\" src=\"http:\/\/static.hupso.com\/share\/buttons\/lang\/es\/share-small.png\" style=\"border:0px; padding-top:2px; float:left;\" alt=\"Share Button\"\/><\/a><script type=\"text\/javascript\">var hupso_services_c=new Array(\"twitter\",\"facebook_like\",\"google\");var hupso_counters_lang = \"es_LA\";var hupso_image_folder_url = \"\";var hupso_twitter_via=\"crsyvrs\";var hupso_url_c=\"\";<\/script><script type=\"text\/javascript\" src=\"http:\/\/static.hupso.com\/share\/js\/counters.js\"><\/script><!-- Hupso Share Buttons --><\/div><h2>El actor le pone la voz a este personaje, Fank Azaria, anunci\u00f3 que dejar\u00e1 de doblar al due\u00f1o del minis\u00faper en una decisi\u00f3n consensuada.<\/h2>\n<p><img loading=\"lazy\" decoding=\"async\" class=\"wp-image-25783 aligncenter\" src=\"http:\/\/cronicasyversiones.com\/wp-content\/uploads\/2020\/01\/apu_0_0_0.jpg\" alt=\"\" width=\"733\" height=\"499\" srcset=\"http:\/\/cronicasyversiones.com\/wp-content\/uploads\/2020\/01\/apu_0_0_0.jpg 834w, http:\/\/cronicasyversiones.com\/wp-content\/uploads\/2020\/01\/apu_0_0_0-300x204.jpg 300w, http:\/\/cronicasyversiones.com\/wp-content\/uploads\/2020\/01\/apu_0_0_0-768x523.jpg 768w\" sizes=\"auto, (max-width: 733px) 100vw, 733px\" \/><\/p>\n<p><strong>Fank Azaria,<\/strong> el actor le pone la voz a <strong>Apu Nahasapeemapetilon<\/strong> en <em><strong>\u00abLos Simpsons\u00bb<\/strong><\/em>, anunci\u00f3 que dejar\u00e1 de doblar al personaje y que la decisi\u00f3n consensuada con el equipo de la serie tiene como origen una cuesti\u00f3n moral.<\/p>\n<p>El anuncio ocurri\u00f3 durante una conferencia de prensa de la Television Critics Association, conformado por unos 200 periodistas y columnistas de Estados Unidos y Canad\u00e1 que cubren programas de televisi\u00f3n.<\/p>\n<blockquote><p>\u00abTodo lo que sabemos es que ya no voy a doblarlo m\u00e1s, a menos que haya alg\u00fan modo que (el personaje) tenga una transici\u00f3n o algo as\u00ed\u00bb, expres\u00f3 Azaria.<\/p><\/blockquote>\n<p>Parte de la opini\u00f3n p\u00fablica considerara que en <em><strong>\u00abLos Simpsons\u00bb<\/strong><\/em> se perpetuaban prejuicios sobre la comunidad hind\u00fa en los Estados Unidos, se gener\u00f3 cierta incertidumbre alrededor de cu\u00e1l ser\u00eda el futuro del personaje y aunque el pasado agosto se dijo que Apu continuar\u00eda en la serie, parece que el equipo cambi\u00f3 de parecer.<\/p>\n<p>De todos modos, Hank Azaria continuar\u00e1 formando parte del staff de la serie, ya que, adem\u00e1s de doblar a Apu, tambi\u00e9n es la voz de personajes como el <strong>jefe Wiggum, Moe Szyslak<\/strong> o el tipo de la tienda de c\u00f3mics.<\/p>\n<p><em><strong>LEA TAMBI\u00c9N:&nbsp;<\/strong><\/em><\/p>\n<div class=\"video-container\">\n<blockquote class=\"wp-embedded-content\" data-secret=\"MNZ4vokAoM\"><p><a href=\"https:\/\/cronicasyversiones.com\/?p=25756\">\u201cTony\u201d, una serie con toques dram\u00e1ticos y bizarros de UN3<\/a><\/p><\/blockquote>\n<p><iframe loading=\"lazy\" class=\"wp-embedded-content\" sandbox=\"allow-scripts\" security=\"restricted\" style=\"position: absolute; clip: rect(1px, 1px, 1px, 1px);\" title=\"\u00ab\u201cTony\u201d, una serie con toques dram\u00e1ticos y bizarros de UN3\u00bb \u2014    \" src=\"https:\/\/cronicasyversiones.com\/?p=25756&#038;embed=true#?secret=jvBXchuVoc#?secret=MNZ4vokAoM\" data-secret=\"MNZ4vokAoM\" width=\"600\" height=\"338\" frameborder=\"0\" marginwidth=\"0\" marginheight=\"0\" scrolling=\"no\"><\/iframe><\/div>\n<p>Siempre en sinton\u00eda con su \u00e9poca y dispuesta a integrar referencias de actualidad, <em><strong>\u201cLos Simpsons\u201d<\/strong> <\/em>ostentan desde hace tiempo el r\u00e9cord de permanencia de una serie, animada o no, en Estados Unidos.<\/p>\n<p>Una larga lista de estrellas prestaron con el correr de los a\u00f1os sus voces a personajes que en ocasiones eran ellos mismos, como Michael Jackson, Ringo Starr, Lady Gaga, Dustin Hoffman y LeBron James, entre otros.<\/p>\n<p>El furor de \u201cLos Simpsons\u201d incluye 21 premios Emmy, un premio Peabody, una nominaci\u00f3n al \u00d3scar en 2012 por el cortometraje \u201cThe Longest Daycare\u201d, entre otros. Esta genial creaci\u00f3n de Matt Groening irrumpi\u00f3 en pantalla el 17 de diciembre de 1989 y se transform\u00f3 en un referente cultural de los \u00faltimos a\u00f1os.<\/p>\n<div style=\"padding-bottom:20px; padding-top:10px;\" class=\"hupso-share-buttons\"><!-- Hupso Share Buttons - https:\/\/www.hupso.com\/share\/ --><a class=\"hupso_counters\" href=\"https:\/\/www.hupso.com\/share\/\"><img decoding=\"async\" src=\"http:\/\/static.hupso.com\/share\/buttons\/lang\/es\/share-small.png\" style=\"border:0px; padding-top:2px; float:left;\" alt=\"Share Button\"\/><\/a><script type=\"text\/javascript\">var hupso_services_c=new Array(\"twitter\",\"facebook_like\",\"google\");var hupso_counters_lang = \"es_LA\";var hupso_image_folder_url = \"\";var hupso_twitter_via=\"crsyvrs\";var hupso_url_c=\"\";<\/script><script type=\"text\/javascript\" src=\"http:\/\/static.hupso.com\/share\/js\/counters.js\"><\/script><!-- Hupso Share Buttons --><\/div> ","protected":false},"excerpt":{"rendered":"<div style=\"padding-bottom:20px; padding-top:10px;\" class=\"hupso-share-buttons\"><!-- Hupso Share Buttons - https:\/\/www.hupso.com\/share\/ --><a class=\"hupso_counters\" href=\"https:\/\/www.hupso.com\/share\/\"><img src=\"http:\/\/static.hupso.com\/share\/buttons\/lang\/es\/share-small.png\" style=\"border:0px; padding-top:2px; float:left;\" alt=\"Share Button\"\/><\/a><script type=\"text\/javascript\">var hupso_services_c=new Array(\"twitter\",\"facebook_like\",\"google\");var hupso_counters_lang = \"es_LA\";var hupso_image_folder_url = \"\";var hupso_twitter_via=\"crsyvrs\";var hupso_url_c=\"\";<\/script><script type=\"text\/javascript\" src=\"http:\/\/static.hupso.com\/share\/js\/counters.js\"><\/script><!-- Hupso Share Buttons --><\/div><p>El actor le pone la voz a este personaje, Fank Azaria, anunci\u00f3 que dejar\u00e1 de doblar al due\u00f1o del minis\u00faper en una decisi\u00f3n consensuada. Fank Azaria, el actor le pone la voz a Apu Nahasapeemapetilon en \u00abLos Simpsons\u00bb, anunci\u00f3&#46;&#46;&#46;<\/p>\n<div style=\"padding-bottom:20px; padding-top:10px;\" class=\"hupso-share-buttons\"><!-- Hupso Share Buttons - https:\/\/www.hupso.com\/share\/ --><a class=\"hupso_counters\" href=\"https:\/\/www.hupso.com\/share\/\"><img src=\"http:\/\/static.hupso.com\/share\/buttons\/lang\/es\/share-small.png\" style=\"border:0px; padding-top:2px; float:left;\" alt=\"Share Button\"\/><\/a><script type=\"text\/javascript\">var hupso_services_c=new Array(\"twitter\",\"facebook_like\",\"google\");var hupso_counters_lang = \"es_LA\";var hupso_image_folder_url = \"\";var hupso_twitter_via=\"crsyvrs\";var hupso_url_c=\"\";<\/script><script type=\"text\/javascript\" src=\"http:\/\/static.hupso.com\/share\/js\/counters.js\"><\/script><!-- Hupso Share Buttons --><\/div>","protected":false},"author":5,"featured_media":25783,"comment_status":"open","ping_status":"closed","sticky":false,"template":"","format":"standard","meta":{"footnotes":""},"categories":[6],"tags":[52],"class_list":["post-25782","post","type-post","status-publish","format-standard","has-post-thumbnail","hentry","category-radio-y-tv","tag-los-simpsons"],"_links":{"self":[{"href":"http:\/\/cronicasyversiones.com\/index.php?rest_route=\/wp\/v2\/posts\/25782","targetHints":{"allow":["GET"]}}],"collection":[{"href":"http:\/\/cronicasyversiones.com\/index.php?rest_route=\/wp\/v2\/posts"}],"about":[{"href":"http:\/\/cronicasyversiones.com\/index.php?rest_route=\/wp\/v2\/types\/post"}],"author":[{"embeddable":true,"href":"http:\/\/cronicasyversiones.com\/index.php?rest_route=\/wp\/v2\/users\/5"}],"replies":[{"embeddable":true,"href":"http:\/\/cronicasyversiones.com\/index.php?rest_route=%2Fwp%2Fv2%2Fcomments&post=25782"}],"version-history":[{"count":2,"href":"http:\/\/cronicasyversiones.com\/index.php?rest_route=\/wp\/v2\/posts\/25782\/revisions"}],"predecessor-version":[{"id":25785,"href":"http:\/\/cronicasyversiones.com\/index.php?rest_route=\/wp\/v2\/posts\/25782\/revisions\/25785"}],"wp:featuredmedia":[{"embeddable":true,"href":"http:\/\/cronicasyversiones.com\/index.php?rest_route=\/wp\/v2\/media\/25783"}],"wp:attachment":[{"href":"http:\/\/cronicasyversiones.com\/index.php?rest_route=%2Fwp%2Fv2%2Fmedia&parent=25782"}],"wp:term":[{"taxonomy":"category","embeddable":true,"href":"http:\/\/cronicasyversiones.com\/index.php?rest_route=%2Fwp%2Fv2%2Fcategories&post=25782"},{"taxonomy":"post_tag","embeddable":true,"href":"http:\/\/cronicasyversiones.com\/index.php?rest_route=%2Fwp%2Fv2%2Ftags&post=25782"}],"curies":[{"name":"wp","href":"https:\/\/api.w.org\/{rel}","templated":true}]}}