{"id":25827,"date":"2020-01-22T18:52:56","date_gmt":"2020-01-22T21:52:56","guid":{"rendered":"http:\/\/cronicasyversiones.com\/?p=25827"},"modified":"2020-01-23T08:41:18","modified_gmt":"2020-01-23T11:41:18","slug":"luis-alberto-spinetta-cumpliria-70-anos","status":"publish","type":"post","link":"http:\/\/cronicasyversiones.com\/?p=25827","title":{"rendered":"Hace 70 a\u00f1os nac\u00eda Luis Alberto Spinetta"},"content":{"rendered":"<div style=\"padding-bottom:20px; padding-top:10px;\" class=\"hupso-share-buttons\"><!-- Hupso Share Buttons - https:\/\/www.hupso.com\/share\/ --><a class=\"hupso_counters\" href=\"https:\/\/www.hupso.com\/share\/\"><img decoding=\"async\" src=\"http:\/\/static.hupso.com\/share\/buttons\/lang\/es\/share-small.png\" style=\"border:0px; padding-top:2px; float:left;\" alt=\"Share Button\"\/><\/a><script type=\"text\/javascript\">var hupso_services_c=new Array(\"twitter\",\"facebook_like\",\"google\");var hupso_counters_lang = \"es_LA\";var hupso_image_folder_url = \"\";var hupso_twitter_via=\"crsyvrs\";var hupso_url_c=\"\";<\/script><script type=\"text\/javascript\" src=\"http:\/\/static.hupso.com\/share\/js\/counters.js\"><\/script><!-- Hupso Share Buttons --><\/div><h4>Por Edgardo Solano<\/h4>\n<h2>A siete d\u00e9cadas de su nacimiento y casi ocho a\u00f1os de su partida, la obra del Flaco sigue vigente y actual, siendo tambi\u00e9n fuente de inspiraci\u00f3n para las nuevas generaciones.<\/h2>\n<p><img loading=\"lazy\" decoding=\"async\" class=\" wp-image-25828 aligncenter\" src=\"http:\/\/cronicasyversiones.com\/wp-content\/uploads\/2020\/01\/luis-1.jpg\" alt=\"\" width=\"802\" height=\"485\" srcset=\"http:\/\/cronicasyversiones.com\/wp-content\/uploads\/2020\/01\/luis-1.jpg 767w, http:\/\/cronicasyversiones.com\/wp-content\/uploads\/2020\/01\/luis-1-300x181.jpg 300w\" sizes=\"auto, (max-width: 802px) 100vw, 802px\" \/><\/p>\n<p>El 23 de enero de 1950, hace 70 a\u00f1os, nac\u00eda en el barrio de Belgrano, en la casa de una partera, <strong>Luis Alberto Spinetta,<\/strong> uno de los artistas m\u00e1s destacados de la rica cultura popular argentina.<\/p>\n<p>Hijo de <strong>Julia Ram\u00edrez y de Luis Santiago, <\/strong>el peque\u00f1o Luis Alberto se acerc\u00f3 a la m\u00fasica precozmente, fue animador de las fiestas familiares en su ni\u00f1ez y pas\u00f3 por varios concursos juveniles, hasta que comenz\u00f3 a armar sus primeras bandas.<\/p>\n<p>Destacado compositor, adem\u00e1s de ser un gran cantante y un notable guitarrista, dej\u00f3 su huella en el rock argentino al frente de Almendra, Pescado Rabioso, Invisible, Jade y Los Socios del Desierto. Tambi\u00e9n desarroll\u00f3 una frondosa carrera en solitario y tuvo eventuales participaciones con otros m\u00fasicos.<\/p>\n<p>Su Curriculum tiene m\u00e1s de <strong>40 discos oficiales editados<\/strong>, muchos de ellos de antolog\u00eda; un tendal de composiciones, que incluyen cl\u00e1sicos imperecederos y perlas no tan escuchadas; y un sinn\u00famero de &nbsp;shows en vivo, con Las Bandas Eternas como una de las presentaciones m\u00e1s destacadas.<\/p>\n<p>Al margen de la m\u00fasica, el Flaco tambi\u00e9n despleg\u00f3 su pluma en dibujos e ilustraciones y en textos y poes\u00edas. Tambi\u00e9n tuvo algunas apariciones en cine y otras aventuras.<\/p>\n<p><strong>Reconocido por el grueso de sus pares<\/strong>, no obtuvo el reconocimiento un\u00e1nime de los medios y del periodismo, con los que tuvo siempre una relaci\u00f3n tensa y de constantes idas y vueltas. Incluso, cierto sector del p\u00fablico rockero no lo tuvo tan en cuenta con el absurdo argumento de no \u201centender\u201d sus canciones, como si la m\u00fasica fuese una ciencia exacta a descifrar a trav\u00e9s de f\u00f3rmulas matem\u00e1ticas.<\/p>\n<p>Por supuesto que siempre tuvo un p\u00fablico fiel que supo acompa\u00f1arlo en sus contantes aventuras art\u00edsticas que incluyeron varios virajes estil\u00edsticos, con la f\u00e9rrea premisa de que ma\u00f1ana ser\u00e1 mejor y de no dormirse pl\u00e1cidamente en los laureles de los \u00e9xitos conseguidos.<\/p>\n<p>LEA TAMBI\u00c9N:<\/p>\n<div class=\"video-container\">\n<blockquote class=\"wp-embedded-content\" data-secret=\"Qe3B0ho5pk\"><p><a href=\"http:\/\/cronicasyversiones.com\/?p=25724\">El primer disco de Almendra cumple 50 a\u00f1os<\/a><\/p><\/blockquote>\n<p><iframe loading=\"lazy\" class=\"wp-embedded-content\" sandbox=\"allow-scripts\" security=\"restricted\" style=\"position: absolute; clip: rect(1px, 1px, 1px, 1px);\" title=\"\u00abEl primer disco de Almendra cumple 50 a\u00f1os\u00bb \u2014    \" src=\"http:\/\/cronicasyversiones.com\/?p=25724&#038;embed=true#?secret=cjioJrcrZQ#?secret=Qe3B0ho5pk\" data-secret=\"Qe3B0ho5pk\" width=\"600\" height=\"338\" frameborder=\"0\" marginwidth=\"0\" marginheight=\"0\" scrolling=\"no\"><\/iframe><\/div>\n<p><strong>El tiempo fue poniendo todo en su debido lugar<\/strong> y a pesar de su muerte, o tal vez por alguna dosis de reconocimiento tard\u00edo, la obra de Spinetta sigue justicieramente vigente y hasta es redescubierta por nuevas generaciones y por aquellos que lo oyeron en tiempo.<\/p>\n<p>Luego de su muerte, ocurrida hace casi ocho a\u00f1os, se editaron una serie de libros biogr\u00e1ficos y otros que hacen anclaje en un momento determinado de su obra, entre otras tem\u00e1ticas relacionas a su figura, en un furor editorial que promete seguir creciendo.<\/p>\n<p>Mientras que el Flaco estaba entre nosotros, s\u00f3lo un par de publicaciones que lo ten\u00edan como protagonista llegaron a las librer\u00edas, al margen de<strong><em> \u201cGuitarra Negra\u201d, <\/em><\/strong>de la propia autor\u00eda del m\u00fasico.<\/p>\n<p>En otro de los reconocimientos, en 2015 se sancion\u00f3 en el Congreso Nacional el proyecto de ley que design\u00f3 a su d\u00eda de nacimiento como el <strong>D\u00eda Nacional del M\u00fasico,<\/strong> una iniciativa parlamentaria que tuvo un enorme consenso.<\/p>\n<p>Tambi\u00e9n se multiplicaron los recitales en clave de homenaje, muchos de ellos encabezados por grandes figuras del rock argentino y por m\u00fasicos con los que comparti\u00f3 su carrera, al margen de otros organizados por artistas ignotos que se suman a la causa.<\/p>\n<p>Sus temas siguen siendo versionados por m\u00faltiples artistas y una edici\u00f3n de <strong><em>\u201cArtaud\u201d<\/em><\/strong> cont\u00f3 con los temas originales con grabaciones de las mismas canciones en manos de grupos del Under.<\/p>\n<p>M\u00e1s all\u00e1 de lo comercial, se relazaron muchos de sus discos en vinilo con el arte de tapa original, que se vendieron como pan caliente, a pesar del precio desorbitante.<\/p>\n<p>Lo recuerdan tambi\u00e9n espacios de la Ciudad de Buenos Aires, como un paso a nivel, y hasta hay una noble cruzada para que <strong>la calle Iber\u00e1<\/strong>, donde estaba su estudio <strong>La Diosa Salvaje<\/strong>, lleve su nombre.<\/p>\n<p>Una sucesi\u00f3n de especiales televisivos tambi\u00e9n lo recuerdan a menudo y la producci\u00f3n m\u00e1s lograda fue en el ciclo <strong><em>\u201cBios\u201d,<\/em><\/strong> de Nat Geo, que cont\u00f3 el aporte y la presencia de su familia.<\/p>\n<p>En estos d\u00edas, la grata sorpresa es el homenaje realizado por el rapero estadounidense <strong>Eminem,<\/strong> quien difundi\u00f3 una canci\u00f3n de su nuevo disco en la que utiliza como base un tema de <strong>Pescado Rabioso.<\/strong><\/p>\n<p><strong><em>\u00abStepdad\u00bb<\/em><\/strong> es el tema que public\u00f3 el artista norteamericano en sus redes sociales y que forma parte de su flamante \u00e1lbum, <strong><em>\u00abMusic to be murdered by\u00bb.<\/em><\/strong><\/p>\n<p>Para estas siete d\u00e9cadas de su natalicio se edita <strong><em>\u00abYa no mires atr\u00e1s\u00bb,<\/em><\/strong> un \u00e1lbum con varias canciones que fueron halladas por sus hijos, grabadas entre 2008 y 2009, que ser\u00e1 el segundo disco p\u00f3stumo despu\u00e9s de <strong><em>\u201cLos Amigo\u201d.<\/em><\/strong><\/p>\n<p>A 70 a\u00f1os de su llega al mundo, la obra spinetteana goza de buena salud y la vigencia de sus canciones es incorrosible y la influencia sobre los nuevos artistas se mantiene como en los viejos tiempos.<\/p>\n<div style=\"padding-bottom:20px; padding-top:10px;\" class=\"hupso-share-buttons\"><!-- Hupso Share Buttons - https:\/\/www.hupso.com\/share\/ --><a class=\"hupso_counters\" href=\"https:\/\/www.hupso.com\/share\/\"><img decoding=\"async\" src=\"http:\/\/static.hupso.com\/share\/buttons\/lang\/es\/share-small.png\" style=\"border:0px; padding-top:2px; float:left;\" alt=\"Share Button\"\/><\/a><script type=\"text\/javascript\">var hupso_services_c=new Array(\"twitter\",\"facebook_like\",\"google\");var hupso_counters_lang = \"es_LA\";var hupso_image_folder_url = \"\";var hupso_twitter_via=\"crsyvrs\";var hupso_url_c=\"\";<\/script><script type=\"text\/javascript\" src=\"http:\/\/static.hupso.com\/share\/js\/counters.js\"><\/script><!-- Hupso Share Buttons --><\/div> ","protected":false},"excerpt":{"rendered":"<div style=\"padding-bottom:20px; padding-top:10px;\" class=\"hupso-share-buttons\"><!-- Hupso Share Buttons - https:\/\/www.hupso.com\/share\/ --><a class=\"hupso_counters\" href=\"https:\/\/www.hupso.com\/share\/\"><img src=\"http:\/\/static.hupso.com\/share\/buttons\/lang\/es\/share-small.png\" style=\"border:0px; padding-top:2px; float:left;\" alt=\"Share Button\"\/><\/a><script type=\"text\/javascript\">var hupso_services_c=new Array(\"twitter\",\"facebook_like\",\"google\");var hupso_counters_lang = \"es_LA\";var hupso_image_folder_url = \"\";var hupso_twitter_via=\"crsyvrs\";var hupso_url_c=\"\";<\/script><script type=\"text\/javascript\" src=\"http:\/\/static.hupso.com\/share\/js\/counters.js\"><\/script><!-- Hupso Share Buttons --><\/div><p>Por Edgardo Solano A siete d\u00e9cadas de su nacimiento y casi ocho a\u00f1os de su partida, la obra del Flaco sigue vigente y actual, siendo tambi\u00e9n fuente de inspiraci\u00f3n para las nuevas generaciones. El 23 de enero de 1950,&#46;&#46;&#46;<\/p>\n<div style=\"padding-bottom:20px; padding-top:10px;\" class=\"hupso-share-buttons\"><!-- Hupso Share Buttons - https:\/\/www.hupso.com\/share\/ --><a class=\"hupso_counters\" href=\"https:\/\/www.hupso.com\/share\/\"><img src=\"http:\/\/static.hupso.com\/share\/buttons\/lang\/es\/share-small.png\" style=\"border:0px; padding-top:2px; float:left;\" alt=\"Share Button\"\/><\/a><script type=\"text\/javascript\">var hupso_services_c=new Array(\"twitter\",\"facebook_like\",\"google\");var hupso_counters_lang = \"es_LA\";var hupso_image_folder_url = \"\";var hupso_twitter_via=\"crsyvrs\";var hupso_url_c=\"\";<\/script><script type=\"text\/javascript\" src=\"http:\/\/static.hupso.com\/share\/js\/counters.js\"><\/script><!-- Hupso Share Buttons --><\/div>","protected":false},"author":5,"featured_media":25828,"comment_status":"open","ping_status":"closed","sticky":false,"template":"","format":"standard","meta":{"footnotes":""},"categories":[3,3944],"tags":[47],"class_list":["post-25827","post","type-post","status-publish","format-standard","has-post-thumbnail","hentry","category-musica","category-spinettario","tag-luis-alberto-spinetta"],"_links":{"self":[{"href":"http:\/\/cronicasyversiones.com\/index.php?rest_route=\/wp\/v2\/posts\/25827","targetHints":{"allow":["GET"]}}],"collection":[{"href":"http:\/\/cronicasyversiones.com\/index.php?rest_route=\/wp\/v2\/posts"}],"about":[{"href":"http:\/\/cronicasyversiones.com\/index.php?rest_route=\/wp\/v2\/types\/post"}],"author":[{"embeddable":true,"href":"http:\/\/cronicasyversiones.com\/index.php?rest_route=\/wp\/v2\/users\/5"}],"replies":[{"embeddable":true,"href":"http:\/\/cronicasyversiones.com\/index.php?rest_route=%2Fwp%2Fv2%2Fcomments&post=25827"}],"version-history":[{"count":3,"href":"http:\/\/cronicasyversiones.com\/index.php?rest_route=\/wp\/v2\/posts\/25827\/revisions"}],"predecessor-version":[{"id":25841,"href":"http:\/\/cronicasyversiones.com\/index.php?rest_route=\/wp\/v2\/posts\/25827\/revisions\/25841"}],"wp:featuredmedia":[{"embeddable":true,"href":"http:\/\/cronicasyversiones.com\/index.php?rest_route=\/wp\/v2\/media\/25828"}],"wp:attachment":[{"href":"http:\/\/cronicasyversiones.com\/index.php?rest_route=%2Fwp%2Fv2%2Fmedia&parent=25827"}],"wp:term":[{"taxonomy":"category","embeddable":true,"href":"http:\/\/cronicasyversiones.com\/index.php?rest_route=%2Fwp%2Fv2%2Fcategories&post=25827"},{"taxonomy":"post_tag","embeddable":true,"href":"http:\/\/cronicasyversiones.com\/index.php?rest_route=%2Fwp%2Fv2%2Ftags&post=25827"}],"curies":[{"name":"wp","href":"https:\/\/api.w.org\/{rel}","templated":true}]}}