{"id":25877,"date":"2020-01-26T09:58:21","date_gmt":"2020-01-26T12:58:21","guid":{"rendered":"http:\/\/cronicasyversiones.com\/?p=25877"},"modified":"2020-01-26T09:58:21","modified_gmt":"2020-01-26T12:58:21","slug":"la-odisea-de-los-giles-gano-el-goya-como-mejor-pelicula-iberoamericana","status":"publish","type":"post","link":"http:\/\/cronicasyversiones.com\/?p=25877","title":{"rendered":"\u00abLa odisea de los giles\u00bb gan\u00f3 el Goya como Mejor pel\u00edcula iberoamericana"},"content":{"rendered":"<div style=\"padding-bottom:20px; padding-top:10px;\" class=\"hupso-share-buttons\"><!-- Hupso Share Buttons - https:\/\/www.hupso.com\/share\/ --><a class=\"hupso_counters\" href=\"https:\/\/www.hupso.com\/share\/\"><img decoding=\"async\" src=\"http:\/\/static.hupso.com\/share\/buttons\/lang\/es\/share-small.png\" style=\"border:0px; padding-top:2px; float:left;\" alt=\"Share Button\"\/><\/a><script type=\"text\/javascript\">var hupso_services_c=new Array(\"twitter\",\"facebook_like\",\"google\");var hupso_counters_lang = \"es_LA\";var hupso_image_folder_url = \"\";var hupso_twitter_via=\"crsyvrs\";var hupso_url_c=\"\";<\/script><script type=\"text\/javascript\" src=\"http:\/\/static.hupso.com\/share\/js\/counters.js\"><\/script><!-- Hupso Share Buttons --><\/div><h2>La pel\u00edcula de Sebasti\u00e1n Borensztein \u00a0tiene como escenario a la Argentina atravesada por la crisis 2001, protagonizada por un elenco estelar.<\/h2>\n<p><img loading=\"lazy\" decoding=\"async\" class=\"wp-image-25878 aligncenter\" src=\"http:\/\/cronicasyversiones.com\/wp-content\/uploads\/2020\/01\/odisea-1024x680.jpg\" alt=\"\" width=\"764\" height=\"508\" srcset=\"http:\/\/cronicasyversiones.com\/wp-content\/uploads\/2020\/01\/odisea.jpg 1024w, http:\/\/cronicasyversiones.com\/wp-content\/uploads\/2020\/01\/odisea-300x199.jpg 300w, http:\/\/cronicasyversiones.com\/wp-content\/uploads\/2020\/01\/odisea-768x510.jpg 768w, http:\/\/cronicasyversiones.com\/wp-content\/uploads\/2020\/01\/odisea-480x320.jpg 480w\" sizes=\"auto, (max-width: 764px) 100vw, 764px\" \/><\/p>\n<p><em><strong>\u00a0\u201cLa odisea de los giles\u201d<\/strong><\/em>, de<strong> Sebasti\u00e1n Borensztein<\/strong>, gan\u00f3 el premio a Mejor pel\u00edcula iberoamericana en la 34a edici\u00f3n de los <strong>Premios Goya de la Academia de Artes y Ciencias Cinematogr\u00e1fica de Espa\u00f1a.<\/strong><\/p>\n<p>El premio lo disputaron con <em><strong>\u00abMonos\u00bb<\/strong><\/em>, de Alejandro Landes (Colombia); <em><strong>\u00abAra\u00f1a\u00bb<\/strong><\/em>, de Andr\u00e9s Wood (Chile) y \u00ab<em><strong>El despertar de las hormigas\u00bb<\/strong><\/em>, de Antonella Sudasassi (Costa Rica).<\/p>\n<p>El film de Borensztein tiene como escenario a la Argentina atravesada por la crisis pol\u00edtica, econ\u00f3mica y social de 2001.<\/p>\n<p>En esta coproducci\u00f3n con Espa\u00f1a, el autor de \u00abUn cuento chino\u00bb y \u00abKoblic\u00bb reuni\u00f3 al escritor Eduardo Sacheri con actores como <strong>Ricardo Dar\u00edn, Luis Brandoni, Chino Dar\u00edn, Ver\u00f3nica Llin\u00e1s, Daniel Ar\u00e1oz, Carlos Belloso, Rita Cortese, Andr\u00e9s Parra y Marco Antonio Caponi.<\/strong><\/p>\n<p><em><strong>LEA TAMBI\u00c9N:\u00a0<\/strong><\/em><\/p>\n<div class=\"video-container\">\n<blockquote class=\"wp-embedded-content\" data-secret=\"YSRYCTjtmP\"><p><a href=\"http:\/\/cronicasyversiones.com\/?p=25710\">\u00abGuas\u00f3n\u00bb lidera la lista de nominaciones a los Oscar<\/a><\/p><\/blockquote>\n<p><iframe loading=\"lazy\" class=\"wp-embedded-content\" sandbox=\"allow-scripts\" security=\"restricted\" style=\"position: absolute; clip: rect(1px, 1px, 1px, 1px);\" title=\"\u00ab\u00abGuas\u00f3n\u00bb lidera la lista de nominaciones a los Oscar\u00bb \u2014    \" src=\"http:\/\/cronicasyversiones.com\/?p=25710&#038;embed=true#?secret=kN4msXsJtt#?secret=YSRYCTjtmP\" data-secret=\"YSRYCTjtmP\" width=\"600\" height=\"338\" frameborder=\"0\" marginwidth=\"0\" marginheight=\"0\" scrolling=\"no\"><\/iframe><\/div>\n<p>La trama, tomada del libro <em><strong>\u00abLa noche de la usina\u00bb<\/strong><\/em> (2016), recrea la historia de una decena de trabajadores de un pueblo bonaerense que decide organizarse cuando descubre c\u00f3mo fueron estafados por un abogado y un gerente de banco previo al estallido de 2001.<\/p>\n<p>Las categor\u00edas principales de los Goya 2020, Mejor pel\u00edcula y Mejor direcci\u00f3n, fueron para <em><strong>\u201cDolor y gloria\u201d,<\/strong><\/em> de <strong>Pedro Almod\u00f3var,<\/strong> que se qued\u00f3 con siete de las 16 ternas en las que estaba nominada y fue la m\u00e1s premiada de la gala.<\/p>\n<div style=\"padding-bottom:20px; padding-top:10px;\" class=\"hupso-share-buttons\"><!-- Hupso Share Buttons - https:\/\/www.hupso.com\/share\/ --><a class=\"hupso_counters\" href=\"https:\/\/www.hupso.com\/share\/\"><img decoding=\"async\" src=\"http:\/\/static.hupso.com\/share\/buttons\/lang\/es\/share-small.png\" style=\"border:0px; padding-top:2px; float:left;\" alt=\"Share Button\"\/><\/a><script type=\"text\/javascript\">var hupso_services_c=new Array(\"twitter\",\"facebook_like\",\"google\");var hupso_counters_lang = \"es_LA\";var hupso_image_folder_url = \"\";var hupso_twitter_via=\"crsyvrs\";var hupso_url_c=\"\";<\/script><script type=\"text\/javascript\" src=\"http:\/\/static.hupso.com\/share\/js\/counters.js\"><\/script><!-- Hupso Share Buttons --><\/div> ","protected":false},"excerpt":{"rendered":"<div style=\"padding-bottom:20px; padding-top:10px;\" class=\"hupso-share-buttons\"><!-- Hupso Share Buttons - https:\/\/www.hupso.com\/share\/ --><a class=\"hupso_counters\" href=\"https:\/\/www.hupso.com\/share\/\"><img src=\"http:\/\/static.hupso.com\/share\/buttons\/lang\/es\/share-small.png\" style=\"border:0px; padding-top:2px; float:left;\" alt=\"Share Button\"\/><\/a><script type=\"text\/javascript\">var hupso_services_c=new Array(\"twitter\",\"facebook_like\",\"google\");var hupso_counters_lang = \"es_LA\";var hupso_image_folder_url = \"\";var hupso_twitter_via=\"crsyvrs\";var hupso_url_c=\"\";<\/script><script type=\"text\/javascript\" src=\"http:\/\/static.hupso.com\/share\/js\/counters.js\"><\/script><!-- Hupso Share Buttons --><\/div><p>La pel\u00edcula de Sebasti\u00e1n Borensztein \u00a0tiene como escenario a la Argentina atravesada por la crisis 2001, protagonizada por un elenco estelar. \u00a0\u201cLa odisea de los giles\u201d, de Sebasti\u00e1n Borensztein, gan\u00f3 el premio a Mejor pel\u00edcula iberoamericana en la 34a&#46;&#46;&#46;<\/p>\n<div style=\"padding-bottom:20px; padding-top:10px;\" class=\"hupso-share-buttons\"><!-- Hupso Share Buttons - https:\/\/www.hupso.com\/share\/ --><a class=\"hupso_counters\" href=\"https:\/\/www.hupso.com\/share\/\"><img src=\"http:\/\/static.hupso.com\/share\/buttons\/lang\/es\/share-small.png\" style=\"border:0px; padding-top:2px; float:left;\" alt=\"Share Button\"\/><\/a><script type=\"text\/javascript\">var hupso_services_c=new Array(\"twitter\",\"facebook_like\",\"google\");var hupso_counters_lang = \"es_LA\";var hupso_image_folder_url = \"\";var hupso_twitter_via=\"crsyvrs\";var hupso_url_c=\"\";<\/script><script type=\"text\/javascript\" src=\"http:\/\/static.hupso.com\/share\/js\/counters.js\"><\/script><!-- Hupso Share Buttons --><\/div>","protected":false},"author":5,"featured_media":25878,"comment_status":"open","ping_status":"closed","sticky":false,"template":"","format":"standard","meta":{"footnotes":""},"categories":[4],"tags":[3913,1763,6004,7665,371,1165,3534,6249,4282],"class_list":["post-25877","post","type-post","status-publish","format-standard","has-post-thumbnail","hentry","category-cine","tag-carlos-belloso","tag-chino-darin","tag-daniel-araoz","tag-luis-brandoni","tag-premios-goya","tag-ricardo-darin","tag-rita-cortese","tag-sebastian-borensztein","tag-veronica-llinas"],"_links":{"self":[{"href":"http:\/\/cronicasyversiones.com\/index.php?rest_route=\/wp\/v2\/posts\/25877","targetHints":{"allow":["GET"]}}],"collection":[{"href":"http:\/\/cronicasyversiones.com\/index.php?rest_route=\/wp\/v2\/posts"}],"about":[{"href":"http:\/\/cronicasyversiones.com\/index.php?rest_route=\/wp\/v2\/types\/post"}],"author":[{"embeddable":true,"href":"http:\/\/cronicasyversiones.com\/index.php?rest_route=\/wp\/v2\/users\/5"}],"replies":[{"embeddable":true,"href":"http:\/\/cronicasyversiones.com\/index.php?rest_route=%2Fwp%2Fv2%2Fcomments&post=25877"}],"version-history":[{"count":1,"href":"http:\/\/cronicasyversiones.com\/index.php?rest_route=\/wp\/v2\/posts\/25877\/revisions"}],"predecessor-version":[{"id":25879,"href":"http:\/\/cronicasyversiones.com\/index.php?rest_route=\/wp\/v2\/posts\/25877\/revisions\/25879"}],"wp:featuredmedia":[{"embeddable":true,"href":"http:\/\/cronicasyversiones.com\/index.php?rest_route=\/wp\/v2\/media\/25878"}],"wp:attachment":[{"href":"http:\/\/cronicasyversiones.com\/index.php?rest_route=%2Fwp%2Fv2%2Fmedia&parent=25877"}],"wp:term":[{"taxonomy":"category","embeddable":true,"href":"http:\/\/cronicasyversiones.com\/index.php?rest_route=%2Fwp%2Fv2%2Fcategories&post=25877"},{"taxonomy":"post_tag","embeddable":true,"href":"http:\/\/cronicasyversiones.com\/index.php?rest_route=%2Fwp%2Fv2%2Ftags&post=25877"}],"curies":[{"name":"wp","href":"https:\/\/api.w.org\/{rel}","templated":true}]}}