{"id":25883,"date":"2020-01-27T14:01:17","date_gmt":"2020-01-27T17:01:17","guid":{"rendered":"http:\/\/cronicasyversiones.com\/?p=25883"},"modified":"2020-01-27T14:01:44","modified_gmt":"2020-01-27T17:01:44","slug":"jaime-roos-reedito-cuatro-de-sus-discos-fundamentales","status":"publish","type":"post","link":"http:\/\/cronicasyversiones.com\/?p=25883","title":{"rendered":"Jaime Roos reedita cuatro de sus discos fundamentales"},"content":{"rendered":"<div style=\"padding-bottom:20px; padding-top:10px;\" class=\"hupso-share-buttons\"><!-- Hupso Share Buttons - https:\/\/www.hupso.com\/share\/ --><a class=\"hupso_counters\" href=\"https:\/\/www.hupso.com\/share\/\"><img decoding=\"async\" src=\"http:\/\/static.hupso.com\/share\/buttons\/lang\/es\/share-small.png\" style=\"border:0px; padding-top:2px; float:left;\" alt=\"Share Button\"\/><\/a><script type=\"text\/javascript\">var hupso_services_c=new Array(\"twitter\",\"facebook_like\",\"google\");var hupso_counters_lang = \"es_LA\";var hupso_image_folder_url = \"\";var hupso_twitter_via=\"crsyvrs\";var hupso_url_c=\"\";<\/script><script type=\"text\/javascript\" src=\"http:\/\/static.hupso.com\/share\/js\/counters.js\"><\/script><!-- Hupso Share Buttons --><\/div><h2>Se trata de los \u00e1lbumes \u201cSi me voy antes que vos\u201d, \u201cConcierto aniversario\u201d, \u201cContrase\u00f1a\u201d y \u201cFuera de ambiente\u201d, grabados entre 1196 y 2016.<\/h2>\n<p><img loading=\"lazy\" decoding=\"async\" class=\"size-full wp-image-25884 aligncenter\" src=\"http:\/\/cronicasyversiones.com\/wp-content\/uploads\/2020\/01\/jaime.jpg\" alt=\"\" width=\"750\" height=\"545\" srcset=\"http:\/\/cronicasyversiones.com\/wp-content\/uploads\/2020\/01\/jaime.jpg 750w, http:\/\/cronicasyversiones.com\/wp-content\/uploads\/2020\/01\/jaime-300x218.jpg 300w\" sizes=\"auto, (max-width: 750px) 100vw, 750px\" \/><\/p>\n<p><strong>Jaime Roos<\/strong> reedit\u00f3 \u201c<em><strong>Si me voy antes que vos\u201d, \u201cConcierto aniversario\u201d, \u201cContrase\u00f1a\u201d <\/strong><\/em>y<em><strong> \u201cFuera de ambiente\u201d<\/strong><\/em>, cuatro \u00e1lbumes clave de su discograf\u00eda, que fueron lanzados originalmente entre 1996 y 2006.<\/p>\n<p>Se trata de cuatro trabajos remasterizados que forman parte de los 20 relanzamientos previstos en el marco del proyecto <em><strong>\u201cObra Completa\u201d,<\/strong><\/em> con el que el m\u00fasico vuelve a poner a disposici\u00f3n todos los \u00e1lbumes de su carrera.<\/p>\n<p>Estas entregas forman parte de los festejos que el cantautor uruguayo planea por sus 50 a\u00f1os de trayectoria, que incluye la presentaci\u00f3n del espect\u00e1culo<em><strong> \u201cMediosiglo\u201d<\/strong><\/em>, que se realizar\u00e1 en agosto de este a\u00f1o en el Auditorio Nacional del Sodre, en Montevideo; y una serie de conciertos en nuestro pa\u00eds.<\/p>\n<p>Esta reedici\u00f3n estaba prevista para finales de 2018 pero sufrieron una demora porque el artista aprovech\u00f3 para hacer algunos retoques a los discos <em><strong>\u201cSi me voy antes que vos\u201d <\/strong><\/em>y<em><strong> \u201cFuera de ambiente\u201d<\/strong><\/em>, cuyas versiones originales nunca lo hab\u00edan dejado conforme.<\/p>\n<p><em><strong>LEA TAMBI\u00c9N:&nbsp;<\/strong><\/em><\/p>\n<div class=\"video-container\">\n<blockquote class=\"wp-embedded-content\" data-secret=\"eZAlzIpa18\"><p><a href=\"http:\/\/cronicasyversiones.com\/?p=25873\">\u201cYa no mires atr\u00e1s\u201d, el disco p\u00f3stumo de Luis Alberto Spinetta<\/a><\/p><\/blockquote>\n<p><iframe loading=\"lazy\" class=\"wp-embedded-content\" sandbox=\"allow-scripts\" security=\"restricted\" style=\"position: absolute; clip: rect(1px, 1px, 1px, 1px);\" title=\"\u00ab\u201cYa no mires atr\u00e1s\u201d, el disco p\u00f3stumo de Luis Alberto Spinetta\u00bb \u2014    \" src=\"http:\/\/cronicasyversiones.com\/?p=25873&#038;embed=true#?secret=qdpspx3RrH#?secret=eZAlzIpa18\" data-secret=\"eZAlzIpa18\" width=\"600\" height=\"338\" frameborder=\"0\" marginwidth=\"0\" marginheight=\"0\" scrolling=\"no\"><\/iframe><\/div>\n<p>La tanda la completan su disco en vivo m\u00e1s popular y <em><strong>\u201cContrase\u00f1a\u201d,<\/strong><\/em> una grabaci\u00f3n en la que aprovech\u00f3 para versionar a diferentes autores uruguayos, que en este caso es relanzado con cinco temas extra.<\/p>\n<p>El proyecto <em><strong>\u201cObra Completa\u201d<\/strong><\/em> se inici\u00f3 en 2015 y ya present\u00f3 17 t\u00edtulos, por lo que s\u00f3lo resta una tanda que incluir\u00e1 los discos \u201cHermano te estoy hablando\u201d, de 2009; \u201cEn vivo en el R\u00edo de la Plata\u201d, de 2014; y la selecci\u00f3n \u201cSelladas 2\u201d, con rarezas registradas desde 1981 hasta la actualidad.<\/p>\n<div style=\"padding-bottom:20px; padding-top:10px;\" class=\"hupso-share-buttons\"><!-- Hupso Share Buttons - https:\/\/www.hupso.com\/share\/ --><a class=\"hupso_counters\" href=\"https:\/\/www.hupso.com\/share\/\"><img decoding=\"async\" src=\"http:\/\/static.hupso.com\/share\/buttons\/lang\/es\/share-small.png\" style=\"border:0px; padding-top:2px; float:left;\" alt=\"Share Button\"\/><\/a><script type=\"text\/javascript\">var hupso_services_c=new Array(\"twitter\",\"facebook_like\",\"google\");var hupso_counters_lang = \"es_LA\";var hupso_image_folder_url = \"\";var hupso_twitter_via=\"crsyvrs\";var hupso_url_c=\"\";<\/script><script type=\"text\/javascript\" src=\"http:\/\/static.hupso.com\/share\/js\/counters.js\"><\/script><!-- Hupso Share Buttons --><\/div> ","protected":false},"excerpt":{"rendered":"<div style=\"padding-bottom:20px; padding-top:10px;\" class=\"hupso-share-buttons\"><!-- Hupso Share Buttons - https:\/\/www.hupso.com\/share\/ --><a class=\"hupso_counters\" href=\"https:\/\/www.hupso.com\/share\/\"><img src=\"http:\/\/static.hupso.com\/share\/buttons\/lang\/es\/share-small.png\" style=\"border:0px; padding-top:2px; float:left;\" alt=\"Share Button\"\/><\/a><script type=\"text\/javascript\">var hupso_services_c=new Array(\"twitter\",\"facebook_like\",\"google\");var hupso_counters_lang = \"es_LA\";var hupso_image_folder_url = \"\";var hupso_twitter_via=\"crsyvrs\";var hupso_url_c=\"\";<\/script><script type=\"text\/javascript\" src=\"http:\/\/static.hupso.com\/share\/js\/counters.js\"><\/script><!-- Hupso Share Buttons --><\/div><p>Se trata de los \u00e1lbumes \u201cSi me voy antes que vos\u201d, \u201cConcierto aniversario\u201d, \u201cContrase\u00f1a\u201d y \u201cFuera de ambiente\u201d, grabados entre 1196 y 2016. Jaime Roos reedit\u00f3 \u201cSi me voy antes que vos\u201d, \u201cConcierto aniversario\u201d, \u201cContrase\u00f1a\u201d y \u201cFuera de ambiente\u201d,&#46;&#46;&#46;<\/p>\n<div style=\"padding-bottom:20px; padding-top:10px;\" class=\"hupso-share-buttons\"><!-- Hupso Share Buttons - https:\/\/www.hupso.com\/share\/ --><a class=\"hupso_counters\" href=\"https:\/\/www.hupso.com\/share\/\"><img src=\"http:\/\/static.hupso.com\/share\/buttons\/lang\/es\/share-small.png\" style=\"border:0px; padding-top:2px; float:left;\" alt=\"Share Button\"\/><\/a><script type=\"text\/javascript\">var hupso_services_c=new Array(\"twitter\",\"facebook_like\",\"google\");var hupso_counters_lang = \"es_LA\";var hupso_image_folder_url = \"\";var hupso_twitter_via=\"crsyvrs\";var hupso_url_c=\"\";<\/script><script type=\"text\/javascript\" src=\"http:\/\/static.hupso.com\/share\/js\/counters.js\"><\/script><!-- Hupso Share Buttons --><\/div>","protected":false},"author":5,"featured_media":25884,"comment_status":"open","ping_status":"closed","sticky":false,"template":"","format":"standard","meta":{"footnotes":""},"categories":[3],"tags":[870],"class_list":["post-25883","post","type-post","status-publish","format-standard","has-post-thumbnail","hentry","category-musica","tag-jaime-roos"],"_links":{"self":[{"href":"http:\/\/cronicasyversiones.com\/index.php?rest_route=\/wp\/v2\/posts\/25883","targetHints":{"allow":["GET"]}}],"collection":[{"href":"http:\/\/cronicasyversiones.com\/index.php?rest_route=\/wp\/v2\/posts"}],"about":[{"href":"http:\/\/cronicasyversiones.com\/index.php?rest_route=\/wp\/v2\/types\/post"}],"author":[{"embeddable":true,"href":"http:\/\/cronicasyversiones.com\/index.php?rest_route=\/wp\/v2\/users\/5"}],"replies":[{"embeddable":true,"href":"http:\/\/cronicasyversiones.com\/index.php?rest_route=%2Fwp%2Fv2%2Fcomments&post=25883"}],"version-history":[{"count":2,"href":"http:\/\/cronicasyversiones.com\/index.php?rest_route=\/wp\/v2\/posts\/25883\/revisions"}],"predecessor-version":[{"id":25886,"href":"http:\/\/cronicasyversiones.com\/index.php?rest_route=\/wp\/v2\/posts\/25883\/revisions\/25886"}],"wp:featuredmedia":[{"embeddable":true,"href":"http:\/\/cronicasyversiones.com\/index.php?rest_route=\/wp\/v2\/media\/25884"}],"wp:attachment":[{"href":"http:\/\/cronicasyversiones.com\/index.php?rest_route=%2Fwp%2Fv2%2Fmedia&parent=25883"}],"wp:term":[{"taxonomy":"category","embeddable":true,"href":"http:\/\/cronicasyversiones.com\/index.php?rest_route=%2Fwp%2Fv2%2Fcategories&post=25883"},{"taxonomy":"post_tag","embeddable":true,"href":"http:\/\/cronicasyversiones.com\/index.php?rest_route=%2Fwp%2Fv2%2Ftags&post=25883"}],"curies":[{"name":"wp","href":"https:\/\/api.w.org\/{rel}","templated":true}]}}