{"id":25893,"date":"2020-01-27T18:59:14","date_gmt":"2020-01-27T21:59:14","guid":{"rendered":"http:\/\/cronicasyversiones.com\/?p=25893"},"modified":"2020-01-27T18:59:14","modified_gmt":"2020-01-27T21:59:14","slug":"se-estrena-solo-queda-rezar-la-ultima-obra-de-tito-cossa","status":"publish","type":"post","link":"http:\/\/cronicasyversiones.com\/?p=25893","title":{"rendered":"Se estrena \u201cS\u00f3lo queda rezar\u201d, la \u00faltima obra de Tito Cossa"},"content":{"rendered":"<div style=\"padding-bottom:20px; padding-top:10px;\" class=\"hupso-share-buttons\"><!-- Hupso Share Buttons - https:\/\/www.hupso.com\/share\/ --><a class=\"hupso_counters\" href=\"https:\/\/www.hupso.com\/share\/\"><img decoding=\"async\" src=\"http:\/\/static.hupso.com\/share\/buttons\/lang\/es\/share-small.png\" style=\"border:0px; padding-top:2px; float:left;\" alt=\"Share Button\"\/><\/a><script type=\"text\/javascript\">var hupso_services_c=new Array(\"twitter\",\"facebook_like\",\"google\");var hupso_counters_lang = \"es_LA\";var hupso_image_folder_url = \"\";var hupso_twitter_via=\"crsyvrs\";var hupso_url_c=\"\";<\/script><script type=\"text\/javascript\" src=\"http:\/\/static.hupso.com\/share\/js\/counters.js\"><\/script><!-- Hupso Share Buttons --><\/div><h2>La puesta, escrita en colaboraci\u00f3n con su hijo Mariano Cossa y dirigida por Andr\u00e9s Bazzalo, se anuncia como una comedia filos\u00f3fica.<\/h2>\n<p><img loading=\"lazy\" decoding=\"async\" class=\"wp-image-25894 aligncenter\" src=\"http:\/\/cronicasyversiones.com\/wp-content\/uploads\/2020\/01\/solo-1024x683.png\" alt=\"\" width=\"852\" height=\"568\" srcset=\"http:\/\/cronicasyversiones.com\/wp-content\/uploads\/2020\/01\/solo-1024x683.png 1024w, http:\/\/cronicasyversiones.com\/wp-content\/uploads\/2020\/01\/solo-300x200.png 300w, http:\/\/cronicasyversiones.com\/wp-content\/uploads\/2020\/01\/solo-768x512.png 768w, http:\/\/cronicasyversiones.com\/wp-content\/uploads\/2020\/01\/solo-480x320.png 480w, http:\/\/cronicasyversiones.com\/wp-content\/uploads\/2020\/01\/solo.png 2048w\" sizes=\"auto, (max-width: 852px) 100vw, 852px\" \/><\/p>\n<p><strong><em>\u00a0\u201cS\u00f3lo queda rezar\u201d,<\/em><\/strong> de <strong>Roberto \u201cTito\u201d Cossa<\/strong> y <strong>Mariano Cossa,<\/strong> con la direcci\u00f3n de <strong>Andr\u00e9s Bazzalo<\/strong> y con las actuaciones de <strong>Luis Longhi <\/strong>y<strong> Carlos Weber,<\/strong> sale a escena en el <strong>Teatro del Pueblo. <\/strong><\/p>\n<p>La obra se presenta en la sala porte\u00f1a ubicada en Lavalle 3636 los s\u00e1bados y domingos a las 20.<\/p>\n<p>La \u00faltima obra del c\u00e9lebre dramaturgo <strong>Roberto \u201cTito\u201d Cossa,<\/strong> escrita en colaboraci\u00f3n con su hijo Mariano Cossa se anuncia como una comedia filos\u00f3fica: inesperadamente, un porte\u00f1o creador de historietas que dorm\u00eda la siesta en su casa una tarde cualquiera, despierta en un lugar desconocido y misterioso ante un personaje inquietante.<\/p>\n<p><strong>\u00bfCu\u00e1l es el motivo para que una persona, en apariencia poco importante, resulte de inter\u00e9s para alguien tan poderoso?<\/strong> La situaci\u00f3n imprevista lo llenar\u00e1 de asombro cambiando su perspectiva para siempre.<\/p>\n<p>El teatro como met\u00e1fora, como forma de interrogaci\u00f3n, como planteo de la incertidumbre que genera el devenir de la pol\u00edtica actual en el pa\u00eds y en el mundo. Pero el teatro tambi\u00e9n como entretenimiento ir\u00f3nico e inteligente.<\/p>\n<p><em><strong>LEA TAMBI\u00c9N:<\/strong> <\/em><\/p>\n<div class=\"video-container\">\n<blockquote class=\"wp-embedded-content\" data-secret=\"QpIQ711AtS\"><p><a href=\"https:\/\/cronicasyversiones.com\/?p=25720\">\u201cLa vis c\u00f3mica\u201d, de Mauricio Kartun, regresa al San Mart\u00edn<\/a><\/p><\/blockquote>\n<p><iframe loading=\"lazy\" class=\"wp-embedded-content\" sandbox=\"allow-scripts\" security=\"restricted\" style=\"position: absolute; clip: rect(1px, 1px, 1px, 1px);\" title=\"\u00ab\u201cLa vis c\u00f3mica\u201d, de Mauricio Kartun, regresa al San Mart\u00edn\u00bb \u2014    \" src=\"https:\/\/cronicasyversiones.com\/?p=25720&#038;embed=true#?secret=LFTaEHNzyx#?secret=QpIQ711AtS\" data-secret=\"QpIQ711AtS\" width=\"600\" height=\"338\" frameborder=\"0\" marginwidth=\"0\" marginheight=\"0\" scrolling=\"no\"><\/iframe><\/div>\n<p>Este espect\u00e1culo cuenta con el apoyo de \u00abM\u00e1s teatro\u00bb- Fundaci\u00f3n Sagai y del Instituto Nacional del Teatro.<\/p>\n<p><strong><em>\u201cS\u00f3lo queda rezar\u201d<\/em><\/strong> tiene dise\u00f1o de vestuario de Adriana Dicaprio, dise\u00f1o y realizaci\u00f3n escenogr\u00e1fica de Gustavo Di Sarro, asistencia de escenograf\u00eda de Le\u00f3n Seritti, dise\u00f1o sonoro de Mariano Cossa, dise\u00f1o de luces de Soledad Ianni, artes visuales de Lucio Bazzalo, asistencia de artes visuales de Javier Gonzalez Tu\u00f1\u00f3n, y producci\u00f3n ejecutiva y asistencia de direcci\u00f3n de Melania Barreiros.<\/p>\n<p>&nbsp;<\/p>\n<div style=\"padding-bottom:20px; padding-top:10px;\" class=\"hupso-share-buttons\"><!-- Hupso Share Buttons - https:\/\/www.hupso.com\/share\/ --><a class=\"hupso_counters\" href=\"https:\/\/www.hupso.com\/share\/\"><img decoding=\"async\" src=\"http:\/\/static.hupso.com\/share\/buttons\/lang\/es\/share-small.png\" style=\"border:0px; padding-top:2px; float:left;\" alt=\"Share Button\"\/><\/a><script type=\"text\/javascript\">var hupso_services_c=new Array(\"twitter\",\"facebook_like\",\"google\");var hupso_counters_lang = \"es_LA\";var hupso_image_folder_url = \"\";var hupso_twitter_via=\"crsyvrs\";var hupso_url_c=\"\";<\/script><script type=\"text\/javascript\" src=\"http:\/\/static.hupso.com\/share\/js\/counters.js\"><\/script><!-- Hupso Share Buttons --><\/div> ","protected":false},"excerpt":{"rendered":"<div style=\"padding-bottom:20px; padding-top:10px;\" class=\"hupso-share-buttons\"><!-- Hupso Share Buttons - https:\/\/www.hupso.com\/share\/ --><a class=\"hupso_counters\" href=\"https:\/\/www.hupso.com\/share\/\"><img src=\"http:\/\/static.hupso.com\/share\/buttons\/lang\/es\/share-small.png\" style=\"border:0px; padding-top:2px; float:left;\" alt=\"Share Button\"\/><\/a><script type=\"text\/javascript\">var hupso_services_c=new Array(\"twitter\",\"facebook_like\",\"google\");var hupso_counters_lang = \"es_LA\";var hupso_image_folder_url = \"\";var hupso_twitter_via=\"crsyvrs\";var hupso_url_c=\"\";<\/script><script type=\"text\/javascript\" src=\"http:\/\/static.hupso.com\/share\/js\/counters.js\"><\/script><!-- Hupso Share Buttons --><\/div><p>La puesta, escrita en colaboraci\u00f3n con su hijo Mariano Cossa y dirigida por Andr\u00e9s Bazzalo, se anuncia como una comedia filos\u00f3fica. \u00a0\u201cS\u00f3lo queda rezar\u201d, de Roberto \u201cTito\u201d Cossa y Mariano Cossa, con la direcci\u00f3n de Andr\u00e9s Bazzalo y con&#46;&#46;&#46;<\/p>\n<div style=\"padding-bottom:20px; padding-top:10px;\" class=\"hupso-share-buttons\"><!-- Hupso Share Buttons - https:\/\/www.hupso.com\/share\/ --><a class=\"hupso_counters\" href=\"https:\/\/www.hupso.com\/share\/\"><img src=\"http:\/\/static.hupso.com\/share\/buttons\/lang\/es\/share-small.png\" style=\"border:0px; padding-top:2px; float:left;\" alt=\"Share Button\"\/><\/a><script type=\"text\/javascript\">var hupso_services_c=new Array(\"twitter\",\"facebook_like\",\"google\");var hupso_counters_lang = \"es_LA\";var hupso_image_folder_url = \"\";var hupso_twitter_via=\"crsyvrs\";var hupso_url_c=\"\";<\/script><script type=\"text\/javascript\" src=\"http:\/\/static.hupso.com\/share\/js\/counters.js\"><\/script><!-- Hupso Share Buttons --><\/div>","protected":false},"author":5,"featured_media":25894,"comment_status":"open","ping_status":"closed","sticky":false,"template":"","format":"standard","meta":{"footnotes":""},"categories":[5],"tags":[8148,4902,2247],"class_list":["post-25893","post","type-post","status-publish","format-standard","has-post-thumbnail","hentry","category-teatro","tag-andres-bazzalo","tag-mariano-cossa","tag-roberto-tito-cossa"],"_links":{"self":[{"href":"http:\/\/cronicasyversiones.com\/index.php?rest_route=\/wp\/v2\/posts\/25893","targetHints":{"allow":["GET"]}}],"collection":[{"href":"http:\/\/cronicasyversiones.com\/index.php?rest_route=\/wp\/v2\/posts"}],"about":[{"href":"http:\/\/cronicasyversiones.com\/index.php?rest_route=\/wp\/v2\/types\/post"}],"author":[{"embeddable":true,"href":"http:\/\/cronicasyversiones.com\/index.php?rest_route=\/wp\/v2\/users\/5"}],"replies":[{"embeddable":true,"href":"http:\/\/cronicasyversiones.com\/index.php?rest_route=%2Fwp%2Fv2%2Fcomments&post=25893"}],"version-history":[{"count":1,"href":"http:\/\/cronicasyversiones.com\/index.php?rest_route=\/wp\/v2\/posts\/25893\/revisions"}],"predecessor-version":[{"id":25895,"href":"http:\/\/cronicasyversiones.com\/index.php?rest_route=\/wp\/v2\/posts\/25893\/revisions\/25895"}],"wp:featuredmedia":[{"embeddable":true,"href":"http:\/\/cronicasyversiones.com\/index.php?rest_route=\/wp\/v2\/media\/25894"}],"wp:attachment":[{"href":"http:\/\/cronicasyversiones.com\/index.php?rest_route=%2Fwp%2Fv2%2Fmedia&parent=25893"}],"wp:term":[{"taxonomy":"category","embeddable":true,"href":"http:\/\/cronicasyversiones.com\/index.php?rest_route=%2Fwp%2Fv2%2Fcategories&post=25893"},{"taxonomy":"post_tag","embeddable":true,"href":"http:\/\/cronicasyversiones.com\/index.php?rest_route=%2Fwp%2Fv2%2Ftags&post=25893"}],"curies":[{"name":"wp","href":"https:\/\/api.w.org\/{rel}","templated":true}]}}