{"id":25929,"date":"2020-02-02T09:41:27","date_gmt":"2020-02-02T12:41:27","guid":{"rendered":"http:\/\/cronicasyversiones.com\/?p=25929"},"modified":"2020-02-02T09:41:32","modified_gmt":"2020-02-02T12:41:32","slug":"abel-pintos-soledad-y-raly-barrionuevo-en-la-fiesta-de-la-chaya","status":"publish","type":"post","link":"http:\/\/cronicasyversiones.com\/?p=25929","title":{"rendered":"Abel Pintos, Soledad y Raly Barrionuevo, en la Fiesta de La Chaya"},"content":{"rendered":"<div style=\"padding-bottom:20px; padding-top:10px;\" class=\"hupso-share-buttons\"><!-- Hupso Share Buttons - https:\/\/www.hupso.com\/share\/ --><a class=\"hupso_counters\" href=\"https:\/\/www.hupso.com\/share\/\"><img decoding=\"async\" src=\"http:\/\/static.hupso.com\/share\/buttons\/lang\/es\/share-small.png\" style=\"border:0px; padding-top:2px; float:left;\" alt=\"Share Button\"\/><\/a><script type=\"text\/javascript\">var hupso_services_c=new Array(\"twitter\",\"facebook_like\",\"google\");var hupso_counters_lang = \"es_LA\";var hupso_image_folder_url = \"\";var hupso_twitter_via=\"crsyvrs\";var hupso_url_c=\"\";<\/script><script type=\"text\/javascript\" src=\"http:\/\/static.hupso.com\/share\/js\/counters.js\"><\/script><!-- Hupso Share Buttons --><\/div><h2>El encuentro m\u00e1s importante de La Rioja incluir\u00e1 actividades culturales y recreativas enmarcadas en el esp\u00edritu chayero.<\/h2>\n<p><img loading=\"lazy\" decoding=\"async\" class=\"wp-image-25930 aligncenter\" src=\"http:\/\/cronicasyversiones.com\/wp-content\/uploads\/2020\/01\/abel.jpg\" alt=\"\" width=\"779\" height=\"519\" srcset=\"http:\/\/cronicasyversiones.com\/wp-content\/uploads\/2020\/01\/abel.jpg 960w, http:\/\/cronicasyversiones.com\/wp-content\/uploads\/2020\/01\/abel-300x200.jpg 300w, http:\/\/cronicasyversiones.com\/wp-content\/uploads\/2020\/01\/abel-768x512.jpg 768w, http:\/\/cronicasyversiones.com\/wp-content\/uploads\/2020\/01\/abel-480x320.jpg 480w\" sizes=\"auto, (max-width: 779px) 100vw, 779px\" \/><\/p>\n<p>La <strong>Fiesta de La Chaya, <\/strong>la celebraci\u00f3n m\u00e1s importante de <strong>La Rioja<\/strong> que se realizar\u00e1 entre 13 y el 17 de febrero en la capital provincial, contar\u00e1 con <strong>Abel Pintos, Luciano Pereyra, Soledad Pastorutti, Sergio Galleguillo y Raly Barrionuevo. &nbsp;<\/strong><\/p>\n<p>La 51ra. edici\u00f3n del festival incluir\u00e1 actividades culturales y recreativas enmarcadas en el esp\u00edritu chayero. Habr\u00e1 pe\u00f1as, ferias de artesanos, clases y talleres de danza, caja y pintura, chayas barriales para ni\u00f1os y ni\u00f1as, y diversos concursos.<\/p>\n<p>La Chaya es una celebraci\u00f3n ancestral convertida en Fiesta Nacional que cada a\u00f1o re\u00fane a miles de personas en torno a <strong>la leyenda diaguita de Pujllay y Chaya.<\/strong><\/p>\n<p>El per\u00edodo de celebraci\u00f3n va m\u00e1s all\u00e1 de la fiesta en los escenarios montados en el aut\u00f3dromo de la capital riojana, y es considerado tiempo de encuentro entre vecinos, de reconciliaci\u00f3n, alegr\u00eda y momento de olvidar penas, rencores y diferencias sociales.<\/p>\n<p>LEA TAMBI\u00c9N:<\/p>\n<div class=\"video-container\">\n<blockquote class=\"wp-embedded-content\" data-secret=\"khfL5AwPqj\"><p><a href=\"https:\/\/cronicasyversiones.com\/?p=25804\">Claudia Chucair Tr\u00edo presenta \u201cLo que trajo el camino\u201d<\/a><\/p><\/blockquote>\n<p><iframe loading=\"lazy\" class=\"wp-embedded-content\" sandbox=\"allow-scripts\" security=\"restricted\" style=\"position: absolute; clip: rect(1px, 1px, 1px, 1px);\" title=\"\u00abClaudia Chucair Tr\u00edo presenta \u201cLo que trajo el camino\u201d\u00bb \u2014    \" src=\"https:\/\/cronicasyversiones.com\/?p=25804&#038;embed=true#?secret=GoqIqh284r#?secret=khfL5AwPqj\" data-secret=\"khfL5AwPqj\" width=\"600\" height=\"338\" frameborder=\"0\" marginwidth=\"0\" marginheight=\"0\" scrolling=\"no\"><\/iframe><\/div>\n<p>La fiesta abrir\u00e1 el jueves 13 de febrero con la presentaci\u00f3n de Jorge Rojas, y continuar\u00e1 el viernes 14 con Abel Pintos, el s\u00e1bado 15 con la actuaci\u00f3n de Soledad, Raly Barrionuevo y Dale Q\u00b4 Va , y el s\u00e1bado 16 con Luciano Pereyra.<\/p>\n<p>El cierre llegar\u00e1 el lunes 17 y estar\u00e1 a cargo del cantante local Sergio Galleguillo y de la banda de cumbia santafesina Los Palmeras.<\/p>\n<p>Adem\u00e1s, habr\u00e1 m\u00fasicos de todos los departamentos, entre los que se cuentan <strong>La Bruja Salguero<\/strong>, Gloria de la Vega, Ramiro Gonz\u00e1lez, Juan Arabel, Josho Gonz\u00e1lez, Lapacho D\u00fao, Antigal, Chayai Huasi, Leticia Aranda, Belen Perea, Riojan\u00eda, Pancho Cabral, Pica Juarez, Mili Juarez y Mariel Valdez.<\/p>\n<div style=\"padding-bottom:20px; padding-top:10px;\" class=\"hupso-share-buttons\"><!-- Hupso Share Buttons - https:\/\/www.hupso.com\/share\/ --><a class=\"hupso_counters\" href=\"https:\/\/www.hupso.com\/share\/\"><img decoding=\"async\" src=\"http:\/\/static.hupso.com\/share\/buttons\/lang\/es\/share-small.png\" style=\"border:0px; padding-top:2px; float:left;\" alt=\"Share Button\"\/><\/a><script type=\"text\/javascript\">var hupso_services_c=new Array(\"twitter\",\"facebook_like\",\"google\");var hupso_counters_lang = \"es_LA\";var hupso_image_folder_url = \"\";var hupso_twitter_via=\"crsyvrs\";var hupso_url_c=\"\";<\/script><script type=\"text\/javascript\" src=\"http:\/\/static.hupso.com\/share\/js\/counters.js\"><\/script><!-- Hupso Share Buttons --><\/div> ","protected":false},"excerpt":{"rendered":"<div style=\"padding-bottom:20px; padding-top:10px;\" class=\"hupso-share-buttons\"><!-- Hupso Share Buttons - https:\/\/www.hupso.com\/share\/ --><a class=\"hupso_counters\" href=\"https:\/\/www.hupso.com\/share\/\"><img src=\"http:\/\/static.hupso.com\/share\/buttons\/lang\/es\/share-small.png\" style=\"border:0px; padding-top:2px; float:left;\" alt=\"Share Button\"\/><\/a><script type=\"text\/javascript\">var hupso_services_c=new Array(\"twitter\",\"facebook_like\",\"google\");var hupso_counters_lang = \"es_LA\";var hupso_image_folder_url = \"\";var hupso_twitter_via=\"crsyvrs\";var hupso_url_c=\"\";<\/script><script type=\"text\/javascript\" src=\"http:\/\/static.hupso.com\/share\/js\/counters.js\"><\/script><!-- Hupso Share Buttons --><\/div><p>El encuentro m\u00e1s importante de La Rioja incluir\u00e1 actividades culturales y recreativas enmarcadas en el esp\u00edritu chayero. La Fiesta de La Chaya, la celebraci\u00f3n m\u00e1s importante de La Rioja que se realizar\u00e1 entre 13 y el 17 de febrero&#46;&#46;&#46;<\/p>\n<div style=\"padding-bottom:20px; padding-top:10px;\" class=\"hupso-share-buttons\"><!-- Hupso Share Buttons - https:\/\/www.hupso.com\/share\/ --><a class=\"hupso_counters\" href=\"https:\/\/www.hupso.com\/share\/\"><img src=\"http:\/\/static.hupso.com\/share\/buttons\/lang\/es\/share-small.png\" style=\"border:0px; padding-top:2px; float:left;\" alt=\"Share Button\"\/><\/a><script type=\"text\/javascript\">var hupso_services_c=new Array(\"twitter\",\"facebook_like\",\"google\");var hupso_counters_lang = \"es_LA\";var hupso_image_folder_url = \"\";var hupso_twitter_via=\"crsyvrs\";var hupso_url_c=\"\";<\/script><script type=\"text\/javascript\" src=\"http:\/\/static.hupso.com\/share\/js\/counters.js\"><\/script><!-- Hupso Share Buttons --><\/div>","protected":false},"author":5,"featured_media":25930,"comment_status":"open","ping_status":"closed","sticky":false,"template":"","format":"standard","meta":{"footnotes":""},"categories":[3],"tags":[1902,5126,4504,5969,2443],"class_list":["post-25929","post","type-post","status-publish","format-standard","has-post-thumbnail","hentry","category-musica","tag-abel-pintos","tag-luciano-pereyra","tag-raly-barrionuevo","tag-sergio-galleguillo","tag-soledad-pastorutti"],"_links":{"self":[{"href":"http:\/\/cronicasyversiones.com\/index.php?rest_route=\/wp\/v2\/posts\/25929","targetHints":{"allow":["GET"]}}],"collection":[{"href":"http:\/\/cronicasyversiones.com\/index.php?rest_route=\/wp\/v2\/posts"}],"about":[{"href":"http:\/\/cronicasyversiones.com\/index.php?rest_route=\/wp\/v2\/types\/post"}],"author":[{"embeddable":true,"href":"http:\/\/cronicasyversiones.com\/index.php?rest_route=\/wp\/v2\/users\/5"}],"replies":[{"embeddable":true,"href":"http:\/\/cronicasyversiones.com\/index.php?rest_route=%2Fwp%2Fv2%2Fcomments&post=25929"}],"version-history":[{"count":2,"href":"http:\/\/cronicasyversiones.com\/index.php?rest_route=\/wp\/v2\/posts\/25929\/revisions"}],"predecessor-version":[{"id":25960,"href":"http:\/\/cronicasyversiones.com\/index.php?rest_route=\/wp\/v2\/posts\/25929\/revisions\/25960"}],"wp:featuredmedia":[{"embeddable":true,"href":"http:\/\/cronicasyversiones.com\/index.php?rest_route=\/wp\/v2\/media\/25930"}],"wp:attachment":[{"href":"http:\/\/cronicasyversiones.com\/index.php?rest_route=%2Fwp%2Fv2%2Fmedia&parent=25929"}],"wp:term":[{"taxonomy":"category","embeddable":true,"href":"http:\/\/cronicasyversiones.com\/index.php?rest_route=%2Fwp%2Fv2%2Fcategories&post=25929"},{"taxonomy":"post_tag","embeddable":true,"href":"http:\/\/cronicasyversiones.com\/index.php?rest_route=%2Fwp%2Fv2%2Ftags&post=25929"}],"curies":[{"name":"wp","href":"https:\/\/api.w.org\/{rel}","templated":true}]}}