{"id":25944,"date":"2020-03-02T08:29:53","date_gmt":"2020-03-02T11:29:53","guid":{"rendered":"http:\/\/cronicasyversiones.com\/?p=25944"},"modified":"2020-03-02T08:29:56","modified_gmt":"2020-03-02T11:29:56","slug":"fito-paez-presentara-la-conquista-del-espacio-en-rosario","status":"publish","type":"post","link":"http:\/\/cronicasyversiones.com\/?p=25944","title":{"rendered":"Fito P\u00e1ez presentar\u00e1 \u201cLa Conquista del Espacio\u201d en Rosario"},"content":{"rendered":"<div style=\"padding-bottom:20px; padding-top:10px;\" class=\"hupso-share-buttons\"><!-- Hupso Share Buttons - https:\/\/www.hupso.com\/share\/ --><a class=\"hupso_counters\" href=\"https:\/\/www.hupso.com\/share\/\"><img decoding=\"async\" src=\"http:\/\/static.hupso.com\/share\/buttons\/lang\/es\/share-small.png\" style=\"border:0px; padding-top:2px; float:left;\" alt=\"Share Button\"\/><\/a><script type=\"text\/javascript\">var hupso_services_c=new Array(\"twitter\",\"facebook_like\",\"google\");var hupso_counters_lang = \"es_LA\";var hupso_image_folder_url = \"\";var hupso_twitter_via=\"crsyvrs\";var hupso_url_c=\"\";<\/script><script type=\"text\/javascript\" src=\"http:\/\/static.hupso.com\/share\/js\/counters.js\"><\/script><!-- Hupso Share Buttons --><\/div><h2>El m\u00fasico mostrar\u00e1 las canciones de su nuevo disco en el Hip\u00f3dromo de su ciudad natal y en el d\u00eda de su cumplea\u00f1os.<\/h2>\n<p><img loading=\"lazy\" decoding=\"async\" class=\"size-full wp-image-25945 aligncenter\" src=\"http:\/\/cronicasyversiones.com\/wp-content\/uploads\/2020\/01\/fito.jpg\" alt=\"\" width=\"700\" height=\"471\" srcset=\"http:\/\/cronicasyversiones.com\/wp-content\/uploads\/2020\/01\/fito.jpg 700w, http:\/\/cronicasyversiones.com\/wp-content\/uploads\/2020\/01\/fito-300x202.jpg 300w\" sizes=\"auto, (max-width: 700px) 100vw, 700px\" \/><\/p>\n<p><strong>Fito P\u00e1ez<\/strong> presentar\u00e1 oficialmente las canciones de<strong><em> \u201cLa Conquista del Espacio\u201d, <\/em><\/strong>su nuevo \u00e1lbum, el viernes 13 de marzo en el Hip\u00f3dromo de Rosario, fecha que coincidir\u00e1 tambi\u00e9n con el cumplea\u00f1os 57 del m\u00fasico.<\/p>\n<p>Ser\u00e1 el primer recital de una extensa gira que tambi\u00e9n llevar\u00e1 al artista rosarino por distintos pa\u00edses de Latinoam\u00e9rica, Europa y varios puntos de Estados Unidos.<\/p>\n<p><strong><em>\u201cLa Conquista del Espacio\u201d<\/em><\/strong> fue registrado en el Capitol Studios, de Los \u00c1ngeles, donde P\u00e1ez cont\u00f3 con la colaboraci\u00f3n de m\u00fasicos como <strong>Abe Laboriel,<\/strong> baterista de <strong>Paul McCartney,<\/strong> <strong>Guillermo Vadal\u00e1<\/strong> y la orquesta sinf\u00f3nica de Nashville.<\/p>\n<p><em><strong>LEA TAMBI\u00c9N:<\/strong> <\/em><\/p>\n<div class=\"video-container\">\n<blockquote class=\"wp-embedded-content\" data-secret=\"2lbR7uuRN5\"><p><a href=\"http:\/\/cronicasyversiones.com\/?p=25873\">\u201cYa no mires atr\u00e1s\u201d, el disco p\u00f3stumo de Luis Alberto Spinetta<\/a><\/p><\/blockquote>\n<p><iframe loading=\"lazy\" class=\"wp-embedded-content\" sandbox=\"allow-scripts\" security=\"restricted\" style=\"position: absolute; clip: rect(1px, 1px, 1px, 1px);\" title=\"\u00ab\u201cYa no mires atr\u00e1s\u201d, el disco p\u00f3stumo de Luis Alberto Spinetta\u00bb \u2014    \" src=\"http:\/\/cronicasyversiones.com\/?p=25873&#038;embed=true#?secret=uht3Z9uivw#?secret=2lbR7uuRN5\" data-secret=\"2lbR7uuRN5\" width=\"600\" height=\"338\" frameborder=\"0\" marginwidth=\"0\" marginheight=\"0\" scrolling=\"no\"><\/iframe><\/div>\n<p>Luego de acompa\u00f1ar a Juan <strong>Carlos Baglietto<\/strong> en la llegada de <strong>Trova Rosarina<\/strong> a Buenos Aires, Fito P\u00e1ez integr\u00f3 la banda de <strong>Charly Garc\u00eda<\/strong> en tiempos del disco <strong><em>\u201cPiano Bar\u201d,<\/em><\/strong> de 1984, con apenas 21 a\u00f1os.<\/p>\n<p>Desde su debut discogr\u00e1fico en 1984 con el \u00e1lbum <strong><em>\u201cDel 63\u201d <\/em><\/strong>y su pronta consagraci\u00f3n <strong><em>\u201cGiros\u201d,<\/em><\/strong> uno de sus mejores \u00e1lbumes, el rosarino edit\u00f3 m\u00e1s de 20 discos de estudio y cuatro en vivo.<\/p>\n<p>Adem\u00e1s de su exitosa carrera musical, P\u00e1ez es cineasta, guionista y director de dos pel\u00edculas (\u201cVidas privadas\u201d y \u201cDe qui\u00e9n es el portaligas\u201d) y escribi\u00f3 tres libros: \u201cLa puta diabla\u201d, \u201cDiario de viaje\u201d y \u201cLos d\u00edas de Kirchner\u201d.<\/p>\n<div style=\"padding-bottom:20px; padding-top:10px;\" class=\"hupso-share-buttons\"><!-- Hupso Share Buttons - https:\/\/www.hupso.com\/share\/ --><a class=\"hupso_counters\" href=\"https:\/\/www.hupso.com\/share\/\"><img decoding=\"async\" src=\"http:\/\/static.hupso.com\/share\/buttons\/lang\/es\/share-small.png\" style=\"border:0px; padding-top:2px; float:left;\" alt=\"Share Button\"\/><\/a><script type=\"text\/javascript\">var hupso_services_c=new Array(\"twitter\",\"facebook_like\",\"google\");var hupso_counters_lang = \"es_LA\";var hupso_image_folder_url = \"\";var hupso_twitter_via=\"crsyvrs\";var hupso_url_c=\"\";<\/script><script type=\"text\/javascript\" src=\"http:\/\/static.hupso.com\/share\/js\/counters.js\"><\/script><!-- Hupso Share Buttons --><\/div> ","protected":false},"excerpt":{"rendered":"<div style=\"padding-bottom:20px; padding-top:10px;\" class=\"hupso-share-buttons\"><!-- Hupso Share Buttons - https:\/\/www.hupso.com\/share\/ --><a class=\"hupso_counters\" href=\"https:\/\/www.hupso.com\/share\/\"><img src=\"http:\/\/static.hupso.com\/share\/buttons\/lang\/es\/share-small.png\" style=\"border:0px; padding-top:2px; float:left;\" alt=\"Share Button\"\/><\/a><script type=\"text\/javascript\">var hupso_services_c=new Array(\"twitter\",\"facebook_like\",\"google\");var hupso_counters_lang = \"es_LA\";var hupso_image_folder_url = \"\";var hupso_twitter_via=\"crsyvrs\";var hupso_url_c=\"\";<\/script><script type=\"text\/javascript\" src=\"http:\/\/static.hupso.com\/share\/js\/counters.js\"><\/script><!-- Hupso Share Buttons --><\/div><p>El m\u00fasico mostrar\u00e1 las canciones de su nuevo disco en el Hip\u00f3dromo de su ciudad natal y en el d\u00eda de su cumplea\u00f1os. Fito P\u00e1ez presentar\u00e1 oficialmente las canciones de \u201cLa Conquista del Espacio\u201d, su nuevo \u00e1lbum, el viernes&#46;&#46;&#46;<\/p>\n<div style=\"padding-bottom:20px; padding-top:10px;\" class=\"hupso-share-buttons\"><!-- Hupso Share Buttons - https:\/\/www.hupso.com\/share\/ --><a class=\"hupso_counters\" href=\"https:\/\/www.hupso.com\/share\/\"><img src=\"http:\/\/static.hupso.com\/share\/buttons\/lang\/es\/share-small.png\" style=\"border:0px; padding-top:2px; float:left;\" alt=\"Share Button\"\/><\/a><script type=\"text\/javascript\">var hupso_services_c=new Array(\"twitter\",\"facebook_like\",\"google\");var hupso_counters_lang = \"es_LA\";var hupso_image_folder_url = \"\";var hupso_twitter_via=\"crsyvrs\";var hupso_url_c=\"\";<\/script><script type=\"text\/javascript\" src=\"http:\/\/static.hupso.com\/share\/js\/counters.js\"><\/script><!-- Hupso Share Buttons --><\/div>","protected":false},"author":5,"featured_media":25945,"comment_status":"open","ping_status":"closed","sticky":false,"template":"","format":"standard","meta":{"footnotes":""},"categories":[3],"tags":[13],"class_list":["post-25944","post","type-post","status-publish","format-standard","has-post-thumbnail","hentry","category-musica","tag-fito-paez"],"_links":{"self":[{"href":"http:\/\/cronicasyversiones.com\/index.php?rest_route=\/wp\/v2\/posts\/25944","targetHints":{"allow":["GET"]}}],"collection":[{"href":"http:\/\/cronicasyversiones.com\/index.php?rest_route=\/wp\/v2\/posts"}],"about":[{"href":"http:\/\/cronicasyversiones.com\/index.php?rest_route=\/wp\/v2\/types\/post"}],"author":[{"embeddable":true,"href":"http:\/\/cronicasyversiones.com\/index.php?rest_route=\/wp\/v2\/users\/5"}],"replies":[{"embeddable":true,"href":"http:\/\/cronicasyversiones.com\/index.php?rest_route=%2Fwp%2Fv2%2Fcomments&post=25944"}],"version-history":[{"count":2,"href":"http:\/\/cronicasyversiones.com\/index.php?rest_route=\/wp\/v2\/posts\/25944\/revisions"}],"predecessor-version":[{"id":26173,"href":"http:\/\/cronicasyversiones.com\/index.php?rest_route=\/wp\/v2\/posts\/25944\/revisions\/26173"}],"wp:featuredmedia":[{"embeddable":true,"href":"http:\/\/cronicasyversiones.com\/index.php?rest_route=\/wp\/v2\/media\/25945"}],"wp:attachment":[{"href":"http:\/\/cronicasyversiones.com\/index.php?rest_route=%2Fwp%2Fv2%2Fmedia&parent=25944"}],"wp:term":[{"taxonomy":"category","embeddable":true,"href":"http:\/\/cronicasyversiones.com\/index.php?rest_route=%2Fwp%2Fv2%2Fcategories&post=25944"},{"taxonomy":"post_tag","embeddable":true,"href":"http:\/\/cronicasyversiones.com\/index.php?rest_route=%2Fwp%2Fv2%2Ftags&post=25944"}],"curies":[{"name":"wp","href":"https:\/\/api.w.org\/{rel}","templated":true}]}}