{"id":26430,"date":"2020-03-24T17:40:15","date_gmt":"2020-03-24T20:40:15","guid":{"rendered":"http:\/\/cronicasyversiones.com\/?p=26430"},"modified":"2020-03-24T17:40:15","modified_gmt":"2020-03-24T20:40:15","slug":"el-chango-spasiuk-compartio-una-version-en-vivo-de-caa-cati","status":"publish","type":"post","link":"http:\/\/cronicasyversiones.com\/?p=26430","title":{"rendered":"El Chango Spasiuk comparti\u00f3 una versi\u00f3n en vivo de \u201cCaa Cat\u00ed\u201d"},"content":{"rendered":"<div style=\"padding-bottom:20px; padding-top:10px;\" class=\"hupso-share-buttons\"><!-- Hupso Share Buttons - https:\/\/www.hupso.com\/share\/ --><a class=\"hupso_counters\" href=\"https:\/\/www.hupso.com\/share\/\"><img decoding=\"async\" src=\"http:\/\/static.hupso.com\/share\/buttons\/lang\/es\/share-small.png\" style=\"border:0px; padding-top:2px; float:left;\" alt=\"Share Button\"\/><\/a><script type=\"text\/javascript\">var hupso_services_c=new Array(\"twitter\",\"facebook_like\",\"google\");var hupso_counters_lang = \"es_LA\";var hupso_image_folder_url = \"\";var hupso_twitter_via=\"crsyvrs\";var hupso_url_c=\"\";<\/script><script type=\"text\/javascript\" src=\"http:\/\/static.hupso.com\/share\/js\/counters.js\"><\/script><!-- Hupso Share Buttons --><\/div><h2>El tema compuesto por el guitarrista noruego Per Einar Watle, fue registrado por Chango y el percusionista argentino Marcos Villalba.<\/h2>\n<p><img loading=\"lazy\" decoding=\"async\" class=\" wp-image-26431 aligncenter\" src=\"http:\/\/cronicasyversiones.com\/wp-content\/uploads\/2020\/03\/chango.jpg\" alt=\"\" width=\"682\" height=\"454\" srcset=\"http:\/\/cronicasyversiones.com\/wp-content\/uploads\/2020\/03\/chango.jpg 720w, http:\/\/cronicasyversiones.com\/wp-content\/uploads\/2020\/03\/chango-300x200.jpg 300w, http:\/\/cronicasyversiones.com\/wp-content\/uploads\/2020\/03\/chango-480x320.jpg 480w\" sizes=\"auto, (max-width: 682px) 100vw, 682px\" \/><\/p>\n<p><strong>Chango Spasiuk<\/strong> subi\u00f3 a<strong> YouTube<\/strong> un video con una versi\u00f3n en vivo del tema <em><strong>\u201cCaa Cati\u201d<\/strong><\/em> a prop\u00f3sito \u00a0de la presentaci\u00f3n del a\u00f1o pasado en el Oslo World Festival del \u00e1lbum <em><strong>\u201cHielo Azul Tierra Roja\u201d<\/strong><\/em> que realiz\u00f3 junto a m\u00fasicos noruegos.<\/p>\n<p>El tema <em><strong>\u201cCaa Cati\u201d,<\/strong><\/em> compuesto por el guitarrista noruego <strong>Per Einar Watle,<\/strong> fue registrado por Chango y el percusionista argentino Marcos Villalba junto a los locales Steinar Raknes, Kenneth Ekornes y Anne Gravir Klykken.<\/p>\n<p><iframe loading=\"lazy\" src=\"https:\/\/www.youtube.com\/embed\/unaUO8xT6BA\" width=\"560\" height=\"315\" frameborder=\"0\" allowfullscreen=\"allowfullscreen\"><\/iframe><\/p>\n<blockquote><p>El acordeonista misionero subray\u00f3 que \u201cla m\u00fasica nos dio la oportunidad de unir poes\u00eda, canciones, lenguajes, paisajes, culturas, miradas, realidades que parec\u00edan no tener conexi\u00f3n\u201d.<\/p><\/blockquote>\n<p>El disco <em><strong>\u201cHielo Azul Tierra Roja\u201d<\/strong> <\/em>pronto saldr\u00e1 en diferentes plataformas de Argentina y en otros lugares del mundo.<\/p>\n<p>Con una decena de discos \u00e1lbumes solistas en Argentina, entre ellos<em><strong>\u00a0\u201cPolcas de mi tierra\u201d<\/strong><\/em>\u00a0(1999), el misionero \u00a0es due\u00f1o de un recorrido en el que logr\u00f3 profundizar la posibilidad de sumar las calificaciones de m\u00fasica acad\u00e9mica, folcl\u00f3rica, regional, universal, popular y culta, sin que ninguna denominaci\u00f3n anule a la otra.<\/p>\n<p>Su primer lanzamiento internacional\u00a0<em><strong>\u201cTarefero de mis pagos\u201d<\/strong><\/em>\u00a0lo llev\u00f3 a ganar el premio BBC de M\u00fasica del Mundo,\u00a0 ejor Artista Revelaci\u00f3n 2005, el premio Gardel de Argentina, as\u00ed como una nominaci\u00f3n al Grammy Latino en 2006.<\/p>\n<p>A lo largo de estos a\u00f1os, el m\u00fasico particip\u00f3 de espect\u00e1culos y discos de importantes artistas como Mercedes Sosa, Bobby McFerrin, Cyro Baptista, Bob Telson, Carlos Nu\u00f1ez, Heather Cornell &amp; Manhattan Tap, Le\u00f3n Gieco, Divididos, Raul Barboza, Jaime Torres y Chucho Vald\u00e9z, entre muchos otros.<\/p>\n<p><em><strong>LEA TAMBI\u00c9N:\u00a0<\/strong><\/em><\/p>\n<div class=\"video-container\">\n<blockquote class=\"wp-embedded-content\" data-secret=\"uZExtae7st\"><p><a href=\"http:\/\/cronicasyversiones.com\/?p=26387\">Mart\u00edn Garc\u00eda presenta su nuevo disco, \u201cMutar\u201d, en Buenos Aires<\/a><\/p><\/blockquote>\n<p><iframe loading=\"lazy\" class=\"wp-embedded-content\" sandbox=\"allow-scripts\" security=\"restricted\" style=\"position: absolute; clip: rect(1px, 1px, 1px, 1px);\" title=\"\u00abMart\u00edn Garc\u00eda presenta su nuevo disco, \u201cMutar\u201d, en Buenos Aires\u00bb \u2014    \" src=\"http:\/\/cronicasyversiones.com\/?p=26387&#038;embed=true#?secret=f7ANqoWjtm#?secret=uZExtae7st\" data-secret=\"uZExtae7st\" width=\"600\" height=\"338\" frameborder=\"0\" marginwidth=\"0\" marginheight=\"0\" scrolling=\"no\"><\/iframe><\/div>\n<p>Tambi\u00e9n se desempe\u00f1\u00f3 como conductor y realizador del ciclo documental \u201cPeque\u00f1os universos\u201d, que se emiti\u00f3 durante cinco temporadas por Canal Encuentro y la TV P\u00fablica, y que lo llev\u00f3 a realizar 70 viajes de trabajo de campo e investigaci\u00f3n por Argentina, Paraguay, Bolivia , Uruguay y Brasil.<\/p>\n<p>Realiz\u00f3 giras por toda la Argentina, Canad\u00e1, Estados Unidos, Brasil, Paraguay, Chile, Uruguay, Holanda, Francia, Inglaterra y Escocia, entre muchos otros.<\/p>\n<p>En el 2005 recibi\u00f3 el premio Konex de Platino como El Solista Masculino de Folclore de la D\u00e9cada y en el 2015 fue distinguido con el t\u00edtulo de Doctor Honoris Causa de la Universidad Nacional de Misiones Argentina por su labor cultural.<\/p>\n<div style=\"padding-bottom:20px; padding-top:10px;\" class=\"hupso-share-buttons\"><!-- Hupso Share Buttons - https:\/\/www.hupso.com\/share\/ --><a class=\"hupso_counters\" href=\"https:\/\/www.hupso.com\/share\/\"><img decoding=\"async\" src=\"http:\/\/static.hupso.com\/share\/buttons\/lang\/es\/share-small.png\" style=\"border:0px; padding-top:2px; float:left;\" alt=\"Share Button\"\/><\/a><script type=\"text\/javascript\">var hupso_services_c=new Array(\"twitter\",\"facebook_like\",\"google\");var hupso_counters_lang = \"es_LA\";var hupso_image_folder_url = \"\";var hupso_twitter_via=\"crsyvrs\";var hupso_url_c=\"\";<\/script><script type=\"text\/javascript\" src=\"http:\/\/static.hupso.com\/share\/js\/counters.js\"><\/script><!-- Hupso Share Buttons --><\/div> ","protected":false},"excerpt":{"rendered":"<div style=\"padding-bottom:20px; padding-top:10px;\" class=\"hupso-share-buttons\"><!-- Hupso Share Buttons - https:\/\/www.hupso.com\/share\/ --><a class=\"hupso_counters\" href=\"https:\/\/www.hupso.com\/share\/\"><img src=\"http:\/\/static.hupso.com\/share\/buttons\/lang\/es\/share-small.png\" style=\"border:0px; padding-top:2px; float:left;\" alt=\"Share Button\"\/><\/a><script type=\"text\/javascript\">var hupso_services_c=new Array(\"twitter\",\"facebook_like\",\"google\");var hupso_counters_lang = \"es_LA\";var hupso_image_folder_url = \"\";var hupso_twitter_via=\"crsyvrs\";var hupso_url_c=\"\";<\/script><script type=\"text\/javascript\" src=\"http:\/\/static.hupso.com\/share\/js\/counters.js\"><\/script><!-- Hupso Share Buttons --><\/div><p>El tema compuesto por el guitarrista noruego Per Einar Watle, fue registrado por Chango y el percusionista argentino Marcos Villalba. Chango Spasiuk subi\u00f3 a YouTube un video con una versi\u00f3n en vivo del tema \u201cCaa Cati\u201d a prop\u00f3sito \u00a0de&#46;&#46;&#46;<\/p>\n<div style=\"padding-bottom:20px; padding-top:10px;\" class=\"hupso-share-buttons\"><!-- Hupso Share Buttons - https:\/\/www.hupso.com\/share\/ --><a class=\"hupso_counters\" href=\"https:\/\/www.hupso.com\/share\/\"><img src=\"http:\/\/static.hupso.com\/share\/buttons\/lang\/es\/share-small.png\" style=\"border:0px; padding-top:2px; float:left;\" alt=\"Share Button\"\/><\/a><script type=\"text\/javascript\">var hupso_services_c=new Array(\"twitter\",\"facebook_like\",\"google\");var hupso_counters_lang = \"es_LA\";var hupso_image_folder_url = \"\";var hupso_twitter_via=\"crsyvrs\";var hupso_url_c=\"\";<\/script><script type=\"text\/javascript\" src=\"http:\/\/static.hupso.com\/share\/js\/counters.js\"><\/script><!-- Hupso Share Buttons --><\/div>","protected":false},"author":5,"featured_media":26431,"comment_status":"open","ping_status":"closed","sticky":false,"template":"","format":"standard","meta":{"footnotes":""},"categories":[3],"tags":[927,1136],"class_list":["post-26430","post","type-post","status-publish","format-standard","has-post-thumbnail","hentry","category-musica","tag-chango-spasiuk","tag-folklore"],"_links":{"self":[{"href":"http:\/\/cronicasyversiones.com\/index.php?rest_route=\/wp\/v2\/posts\/26430","targetHints":{"allow":["GET"]}}],"collection":[{"href":"http:\/\/cronicasyversiones.com\/index.php?rest_route=\/wp\/v2\/posts"}],"about":[{"href":"http:\/\/cronicasyversiones.com\/index.php?rest_route=\/wp\/v2\/types\/post"}],"author":[{"embeddable":true,"href":"http:\/\/cronicasyversiones.com\/index.php?rest_route=\/wp\/v2\/users\/5"}],"replies":[{"embeddable":true,"href":"http:\/\/cronicasyversiones.com\/index.php?rest_route=%2Fwp%2Fv2%2Fcomments&post=26430"}],"version-history":[{"count":1,"href":"http:\/\/cronicasyversiones.com\/index.php?rest_route=\/wp\/v2\/posts\/26430\/revisions"}],"predecessor-version":[{"id":26432,"href":"http:\/\/cronicasyversiones.com\/index.php?rest_route=\/wp\/v2\/posts\/26430\/revisions\/26432"}],"wp:featuredmedia":[{"embeddable":true,"href":"http:\/\/cronicasyversiones.com\/index.php?rest_route=\/wp\/v2\/media\/26431"}],"wp:attachment":[{"href":"http:\/\/cronicasyversiones.com\/index.php?rest_route=%2Fwp%2Fv2%2Fmedia&parent=26430"}],"wp:term":[{"taxonomy":"category","embeddable":true,"href":"http:\/\/cronicasyversiones.com\/index.php?rest_route=%2Fwp%2Fv2%2Fcategories&post=26430"},{"taxonomy":"post_tag","embeddable":true,"href":"http:\/\/cronicasyversiones.com\/index.php?rest_route=%2Fwp%2Fv2%2Ftags&post=26430"}],"curies":[{"name":"wp","href":"https:\/\/api.w.org\/{rel}","templated":true}]}}