{"id":26479,"date":"2020-03-30T14:10:45","date_gmt":"2020-03-30T17:10:45","guid":{"rendered":"http:\/\/cronicasyversiones.com\/?p=26479"},"modified":"2020-03-30T14:10:45","modified_gmt":"2020-03-30T17:10:45","slug":"se-reprogramo-el-show-de-kiss-en-la-argentina","status":"publish","type":"post","link":"http:\/\/cronicasyversiones.com\/?p=26479","title":{"rendered":"Se reprogram\u00f3 el show de Kiss en la Argentina"},"content":{"rendered":"<div style=\"padding-bottom:20px; padding-top:10px;\" class=\"hupso-share-buttons\"><!-- Hupso Share Buttons - https:\/\/www.hupso.com\/share\/ --><a class=\"hupso_counters\" href=\"https:\/\/www.hupso.com\/share\/\"><img decoding=\"async\" src=\"http:\/\/static.hupso.com\/share\/buttons\/lang\/es\/share-small.png\" style=\"border:0px; padding-top:2px; float:left;\" alt=\"Share Button\"\/><\/a><script type=\"text\/javascript\">var hupso_services_c=new Array(\"twitter\",\"facebook_like\",\"google\");var hupso_counters_lang = \"es_LA\";var hupso_image_folder_url = \"\";var hupso_twitter_via=\"crsyvrs\";var hupso_url_c=\"\";<\/script><script type=\"text\/javascript\" src=\"http:\/\/static.hupso.com\/share\/js\/counters.js\"><\/script><!-- Hupso Share Buttons --><\/div><h2>La presentaci\u00f3n iba a tener lugar en mayo en el Campo Argentino de Polo y se pospuso para noviembre en Costanera Sur.<\/h2>\n<p><img loading=\"lazy\" decoding=\"async\" class=\"wp-image-26480 aligncenter\" src=\"http:\/\/cronicasyversiones.com\/wp-content\/uploads\/2020\/03\/kiss.jpg\" alt=\"\" width=\"751\" height=\"501\" srcset=\"http:\/\/cronicasyversiones.com\/wp-content\/uploads\/2020\/03\/kiss.jpg 960w, http:\/\/cronicasyversiones.com\/wp-content\/uploads\/2020\/03\/kiss-300x200.jpg 300w, http:\/\/cronicasyversiones.com\/wp-content\/uploads\/2020\/03\/kiss-768x512.jpg 768w, http:\/\/cronicasyversiones.com\/wp-content\/uploads\/2020\/03\/kiss-480x320.jpg 480w\" sizes=\"auto, (max-width: 751px) 100vw, 751px\" \/><\/p>\n<p>La presentaci\u00f3n que<strong> Kiss<\/strong> iba a realizar el pr\u00f3ximo 9 de mayo, en el porte\u00f1o <strong>Campo Argentino de Polo,<\/strong> se reprogram\u00f3 para el 21 de noviembre, en <strong>Costanera Sur,<\/strong> junto con otras tantas \u00a0cancelaciones generales de espect\u00e1culos por la pandemia de coronavirus.<\/p>\n<p>La informaci\u00f3n fue confirmada por la productora local del concierto, que aclar\u00f3 que las entradas que ya fueron adquiridas tendr\u00e1n validez para la nueva fecha.<\/p>\n<p>En caso de no poder asistir, se puede reclamar su reembolso hasta el 17 de abril, tras una solicitud enviada v\u00eda mail.<\/p>\n<p>La presentaci\u00f3n de Kiss en Argentina forma parte del <em><strong>\u00abEnd of the World Tour\u00bb,<\/strong><\/em> la gira encarada por la banda a modo de despedida definitiva de los escenarios.<\/p>\n<p>De esta manera, el grupo liderado por <strong>Gene Simmons y Paul Stanley<\/strong> cierra una trayectoria de casi 50 a\u00f1os en los que bati\u00f3 varios r\u00e9cords de ventas a nivel global.<\/p>\n<p><em><strong>LEA TAMBI\u00c9N:<\/strong><\/em><\/p>\n<div class=\"video-container\">\n<blockquote class=\"wp-embedded-content\" data-secret=\"BqaJguOFJU\"><p><a href=\"https:\/\/cronicasyversiones.com\/?p=26434\">Metallica reprogram\u00f3 su presentaci\u00f3n en Argentina<\/a><\/p><\/blockquote>\n<p><iframe loading=\"lazy\" class=\"wp-embedded-content\" sandbox=\"allow-scripts\" security=\"restricted\" style=\"position: absolute; clip: rect(1px, 1px, 1px, 1px);\" title=\"\u00abMetallica reprogram\u00f3 su presentaci\u00f3n en Argentina\u00bb \u2014    \" src=\"https:\/\/cronicasyversiones.com\/?p=26434&#038;embed=true#?secret=Y8FyKAaBD7#?secret=BqaJguOFJU\" data-secret=\"BqaJguOFJU\" width=\"600\" height=\"338\" frameborder=\"0\" marginwidth=\"0\" marginheight=\"0\" scrolling=\"no\"><\/iframe><\/div>\n<p><strong>Kiss<\/strong> fue formada en Nueva York en 1973 por el bajista <strong>Gene Simmons<\/strong> (nacido en Haifa, Israel) y el guitarrista <strong>Paul Stanley,<\/strong> la banda complet\u00f3 cuando se le unieron<strong> Peter Criss<\/strong> en bater\u00eda y <strong>Ace Frehley<\/strong> en guitarra.<\/p>\n<p>Ganaron popularidad de inmediato con sus shows estridentes, su maquillaje y sus trajes extravagantes en escena, convirti\u00e9ndose en una de las bandas m\u00e1s convocantes de los \u201970.<\/p>\n<p>La banda vendi\u00f3 hasta ahora m\u00e1s de 75 millones de \u00e1lbumes en todo el mundo y veinticinco millones s\u00f3lo en los Estados Unidos<\/p>\n<p>Desde su formaci\u00f3n, los miembros de Kiss asumieron personalidades acordes con los maquillajes y vestimenta que llevaban: Simmons asumi\u00f3 el rol de \u00abDemon\u00bb, Stanley el de \u00abStarchild\u00bb, Criss el de \u00abCatman\u00bb y Frehley el de \u00abSpace Ace\u00bb<\/p>\n<p>Despu\u00e9s de la salida de dos de sus miembros fundadores, Eric Carr y Vinnie Vincent reemplazaron a Criss y Frehley y asumieron las personalidades de \u00abThe Fox\u00bb y \u00abThe Wizard\u00bb, respectivamente<\/p>\n<p>La banda original volvi\u00f3 a reunirse en la gira del a\u00f1o 2000, con Frehley y Criss, hasta que luego volvieron a dejar la banda. Simmons y Stanley decidieron continuar con el bater\u00eda Eric Singer y el guitarrista Tommy Thayer.<\/p>\n<div style=\"padding-bottom:20px; padding-top:10px;\" class=\"hupso-share-buttons\"><!-- Hupso Share Buttons - https:\/\/www.hupso.com\/share\/ --><a class=\"hupso_counters\" href=\"https:\/\/www.hupso.com\/share\/\"><img decoding=\"async\" src=\"http:\/\/static.hupso.com\/share\/buttons\/lang\/es\/share-small.png\" style=\"border:0px; padding-top:2px; float:left;\" alt=\"Share Button\"\/><\/a><script type=\"text\/javascript\">var hupso_services_c=new Array(\"twitter\",\"facebook_like\",\"google\");var hupso_counters_lang = \"es_LA\";var hupso_image_folder_url = \"\";var hupso_twitter_via=\"crsyvrs\";var hupso_url_c=\"\";<\/script><script type=\"text\/javascript\" src=\"http:\/\/static.hupso.com\/share\/js\/counters.js\"><\/script><!-- Hupso Share Buttons --><\/div> ","protected":false},"excerpt":{"rendered":"<div style=\"padding-bottom:20px; padding-top:10px;\" class=\"hupso-share-buttons\"><!-- Hupso Share Buttons - https:\/\/www.hupso.com\/share\/ --><a class=\"hupso_counters\" href=\"https:\/\/www.hupso.com\/share\/\"><img src=\"http:\/\/static.hupso.com\/share\/buttons\/lang\/es\/share-small.png\" style=\"border:0px; padding-top:2px; float:left;\" alt=\"Share Button\"\/><\/a><script type=\"text\/javascript\">var hupso_services_c=new Array(\"twitter\",\"facebook_like\",\"google\");var hupso_counters_lang = \"es_LA\";var hupso_image_folder_url = \"\";var hupso_twitter_via=\"crsyvrs\";var hupso_url_c=\"\";<\/script><script type=\"text\/javascript\" src=\"http:\/\/static.hupso.com\/share\/js\/counters.js\"><\/script><!-- Hupso Share Buttons --><\/div><p>La presentaci\u00f3n iba a tener lugar en mayo en el Campo Argentino de Polo y se pospuso para noviembre en Costanera Sur. La presentaci\u00f3n que Kiss iba a realizar el pr\u00f3ximo 9 de mayo, en el porte\u00f1o Campo Argentino&#46;&#46;&#46;<\/p>\n<div style=\"padding-bottom:20px; padding-top:10px;\" class=\"hupso-share-buttons\"><!-- Hupso Share Buttons - https:\/\/www.hupso.com\/share\/ --><a class=\"hupso_counters\" href=\"https:\/\/www.hupso.com\/share\/\"><img src=\"http:\/\/static.hupso.com\/share\/buttons\/lang\/es\/share-small.png\" style=\"border:0px; padding-top:2px; float:left;\" alt=\"Share Button\"\/><\/a><script type=\"text\/javascript\">var hupso_services_c=new Array(\"twitter\",\"facebook_like\",\"google\");var hupso_counters_lang = \"es_LA\";var hupso_image_folder_url = \"\";var hupso_twitter_via=\"crsyvrs\";var hupso_url_c=\"\";<\/script><script type=\"text\/javascript\" src=\"http:\/\/static.hupso.com\/share\/js\/counters.js\"><\/script><!-- Hupso Share Buttons --><\/div>","protected":false},"author":5,"featured_media":26480,"comment_status":"open","ping_status":"closed","sticky":false,"template":"","format":"standard","meta":{"footnotes":""},"categories":[3],"tags":[315],"class_list":["post-26479","post","type-post","status-publish","format-standard","has-post-thumbnail","hentry","category-musica","tag-kiss"],"_links":{"self":[{"href":"http:\/\/cronicasyversiones.com\/index.php?rest_route=\/wp\/v2\/posts\/26479","targetHints":{"allow":["GET"]}}],"collection":[{"href":"http:\/\/cronicasyversiones.com\/index.php?rest_route=\/wp\/v2\/posts"}],"about":[{"href":"http:\/\/cronicasyversiones.com\/index.php?rest_route=\/wp\/v2\/types\/post"}],"author":[{"embeddable":true,"href":"http:\/\/cronicasyversiones.com\/index.php?rest_route=\/wp\/v2\/users\/5"}],"replies":[{"embeddable":true,"href":"http:\/\/cronicasyversiones.com\/index.php?rest_route=%2Fwp%2Fv2%2Fcomments&post=26479"}],"version-history":[{"count":1,"href":"http:\/\/cronicasyversiones.com\/index.php?rest_route=\/wp\/v2\/posts\/26479\/revisions"}],"predecessor-version":[{"id":26481,"href":"http:\/\/cronicasyversiones.com\/index.php?rest_route=\/wp\/v2\/posts\/26479\/revisions\/26481"}],"wp:featuredmedia":[{"embeddable":true,"href":"http:\/\/cronicasyversiones.com\/index.php?rest_route=\/wp\/v2\/media\/26480"}],"wp:attachment":[{"href":"http:\/\/cronicasyversiones.com\/index.php?rest_route=%2Fwp%2Fv2%2Fmedia&parent=26479"}],"wp:term":[{"taxonomy":"category","embeddable":true,"href":"http:\/\/cronicasyversiones.com\/index.php?rest_route=%2Fwp%2Fv2%2Fcategories&post=26479"},{"taxonomy":"post_tag","embeddable":true,"href":"http:\/\/cronicasyversiones.com\/index.php?rest_route=%2Fwp%2Fv2%2Ftags&post=26479"}],"curies":[{"name":"wp","href":"https:\/\/api.w.org\/{rel}","templated":true}]}}