{"id":26512,"date":"2020-04-01T12:19:11","date_gmt":"2020-04-01T15:19:11","guid":{"rendered":"http:\/\/cronicasyversiones.com\/?p=26512"},"modified":"2020-04-01T12:19:11","modified_gmt":"2020-04-01T15:19:11","slug":"ni-heroe-ni-traidor-de-nicolas-savignone-disponible-en-cinear","status":"publish","type":"post","link":"http:\/\/cronicasyversiones.com\/?p=26512","title":{"rendered":"\u201cNi h\u00e9roe ni traidor\u201d, de Nicol\u00e1s Savignone, disponible en CineAr"},"content":{"rendered":"<div style=\"padding-bottom:20px; padding-top:10px;\" class=\"hupso-share-buttons\"><!-- Hupso Share Buttons - https:\/\/www.hupso.com\/share\/ --><a class=\"hupso_counters\" href=\"https:\/\/www.hupso.com\/share\/\"><img decoding=\"async\" src=\"http:\/\/static.hupso.com\/share\/buttons\/lang\/es\/share-small.png\" style=\"border:0px; padding-top:2px; float:left;\" alt=\"Share Button\"\/><\/a><script type=\"text\/javascript\">var hupso_services_c=new Array(\"twitter\",\"facebook_like\",\"google\");var hupso_counters_lang = \"es_LA\";var hupso_image_folder_url = \"\";var hupso_twitter_via=\"crsyvrs\";var hupso_url_c=\"\";<\/script><script type=\"text\/javascript\" src=\"http:\/\/static.hupso.com\/share\/js\/counters.js\"><\/script><!-- Hupso Share Buttons --><\/div><h2>La pel\u00edcula narra la historia de un joven que acaba de terminar el Servicio Militar cuando se desata la Guerra de Malvinas.<\/h2>\n<p><img loading=\"lazy\" decoding=\"async\" class=\"wp-image-26513 aligncenter\" src=\"http:\/\/cronicasyversiones.com\/wp-content\/uploads\/2020\/04\/heroe-1024x682.jpg\" alt=\"\" width=\"751\" height=\"500\" srcset=\"http:\/\/cronicasyversiones.com\/wp-content\/uploads\/2020\/04\/heroe-1024x682.jpg 1024w, http:\/\/cronicasyversiones.com\/wp-content\/uploads\/2020\/04\/heroe-300x200.jpg 300w, http:\/\/cronicasyversiones.com\/wp-content\/uploads\/2020\/04\/heroe-768x512.jpg 768w, http:\/\/cronicasyversiones.com\/wp-content\/uploads\/2020\/04\/heroe-480x320.jpg 480w, http:\/\/cronicasyversiones.com\/wp-content\/uploads\/2020\/04\/heroe.jpg 2000w\" sizes=\"auto, (max-width: 751px) 100vw, 751px\" \/><\/p>\n<p><em><strong>\u201cNi h\u00e9roe ni traidor\u201d,<\/strong> <\/em>la pel\u00edcula dirigida por <strong>Nicol\u00e1s Savignone<\/strong> que toma como punto de partida a la Guerra de Malvinas y con un reciente paso por las salas argentinas, podr\u00e1 verse en Cine.ar.<\/p>\n<p>El film se ver\u00e1 el jueves 2 y el s\u00e1bado 4, a las 22, por Cine.ar, y a partir del viernes 3 toda la semana gratis por Cine.ar Play.<\/p>\n<p><em><strong>LEA TAMBI\u00c9N:\u00a0<\/strong><\/em><\/p>\n<div class=\"video-container\">\n<blockquote class=\"wp-embedded-content\" data-secret=\"8rF01VbMk7\"><p><a href=\"http:\/\/cronicasyversiones.com\/?p=26380\">Se pospuso el Festival de Cine de Cannes<\/a><\/p><\/blockquote>\n<p><iframe loading=\"lazy\" class=\"wp-embedded-content\" sandbox=\"allow-scripts\" security=\"restricted\" style=\"position: absolute; clip: rect(1px, 1px, 1px, 1px);\" title=\"\u00abSe pospuso el Festival de Cine de Cannes\u00bb \u2014    \" src=\"http:\/\/cronicasyversiones.com\/?p=26380&#038;embed=true#?secret=uJh6cCoJ9X#?secret=8rF01VbMk7\" data-secret=\"8rF01VbMk7\" width=\"600\" height=\"338\" frameborder=\"0\" marginwidth=\"0\" marginheight=\"0\" scrolling=\"no\"><\/iframe><\/div>\n<p>Buenos Aires, 1982. <strong>Mat\u00edas acaba de terminar el Servicio Militar<\/strong> y sue\u00f1a con irse a estudiar a Espa\u00f1a, s\u00f3lo falta convencer a su novia que se le una m\u00e1s adelante, pero todo cambia cuando se declara la guerra de Malvinas y es convocado junto a sus amigos.<\/p>\n<p>Al principio Mat\u00edas estar\u00e1 de acuerdo con acudir al llamado, pero poco a poco se ir\u00e1 dando cuenta de que no siente propia ni sincera esa guerra -o quiz\u00e1s ninguna otra- por m\u00e1s justa que le parezca su causa.<\/p>\n<p>La direcci\u00f3n es de Nicol\u00e1s Savignone, seg\u00fan un gui\u00f3n propio, de P\u00edo Longo y Francisco Grassi, con actuaciones de <strong>Juan Grandinetti, In\u00e9s Est\u00e9vez, Rafael Spregelburd y Fabi\u00e1n Arenillas.<\/strong><\/p>\n<div style=\"padding-bottom:20px; padding-top:10px;\" class=\"hupso-share-buttons\"><!-- Hupso Share Buttons - https:\/\/www.hupso.com\/share\/ --><a class=\"hupso_counters\" href=\"https:\/\/www.hupso.com\/share\/\"><img decoding=\"async\" src=\"http:\/\/static.hupso.com\/share\/buttons\/lang\/es\/share-small.png\" style=\"border:0px; padding-top:2px; float:left;\" alt=\"Share Button\"\/><\/a><script type=\"text\/javascript\">var hupso_services_c=new Array(\"twitter\",\"facebook_like\",\"google\");var hupso_counters_lang = \"es_LA\";var hupso_image_folder_url = \"\";var hupso_twitter_via=\"crsyvrs\";var hupso_url_c=\"\";<\/script><script type=\"text\/javascript\" src=\"http:\/\/static.hupso.com\/share\/js\/counters.js\"><\/script><!-- Hupso Share Buttons --><\/div> ","protected":false},"excerpt":{"rendered":"<div style=\"padding-bottom:20px; padding-top:10px;\" class=\"hupso-share-buttons\"><!-- Hupso Share Buttons - https:\/\/www.hupso.com\/share\/ --><a class=\"hupso_counters\" href=\"https:\/\/www.hupso.com\/share\/\"><img src=\"http:\/\/static.hupso.com\/share\/buttons\/lang\/es\/share-small.png\" style=\"border:0px; padding-top:2px; float:left;\" alt=\"Share Button\"\/><\/a><script type=\"text\/javascript\">var hupso_services_c=new Array(\"twitter\",\"facebook_like\",\"google\");var hupso_counters_lang = \"es_LA\";var hupso_image_folder_url = \"\";var hupso_twitter_via=\"crsyvrs\";var hupso_url_c=\"\";<\/script><script type=\"text\/javascript\" src=\"http:\/\/static.hupso.com\/share\/js\/counters.js\"><\/script><!-- Hupso Share Buttons --><\/div><p>La pel\u00edcula narra la historia de un joven que acaba de terminar el Servicio Militar cuando se desata la Guerra de Malvinas. \u201cNi h\u00e9roe ni traidor\u201d, la pel\u00edcula dirigida por Nicol\u00e1s Savignone que toma como punto de partida a&#46;&#46;&#46;<\/p>\n<div style=\"padding-bottom:20px; padding-top:10px;\" class=\"hupso-share-buttons\"><!-- Hupso Share Buttons - https:\/\/www.hupso.com\/share\/ --><a class=\"hupso_counters\" href=\"https:\/\/www.hupso.com\/share\/\"><img src=\"http:\/\/static.hupso.com\/share\/buttons\/lang\/es\/share-small.png\" style=\"border:0px; padding-top:2px; float:left;\" alt=\"Share Button\"\/><\/a><script type=\"text\/javascript\">var hupso_services_c=new Array(\"twitter\",\"facebook_like\",\"google\");var hupso_counters_lang = \"es_LA\";var hupso_image_folder_url = \"\";var hupso_twitter_via=\"crsyvrs\";var hupso_url_c=\"\";<\/script><script type=\"text\/javascript\" src=\"http:\/\/static.hupso.com\/share\/js\/counters.js\"><\/script><!-- Hupso Share Buttons --><\/div>","protected":false},"author":5,"featured_media":26513,"comment_status":"open","ping_status":"closed","sticky":false,"template":"","format":"standard","meta":{"footnotes":""},"categories":[4,6],"tags":[9588,5984,9587,9586,4531],"class_list":["post-26512","post","type-post","status-publish","format-standard","has-post-thumbnail","hentry","category-cine","category-radio-y-tv","tag-cinear","tag-ines-estevez","tag-juan-grandinetti","tag-nicolas-savignone","tag-rafael-spregelburd"],"_links":{"self":[{"href":"http:\/\/cronicasyversiones.com\/index.php?rest_route=\/wp\/v2\/posts\/26512","targetHints":{"allow":["GET"]}}],"collection":[{"href":"http:\/\/cronicasyversiones.com\/index.php?rest_route=\/wp\/v2\/posts"}],"about":[{"href":"http:\/\/cronicasyversiones.com\/index.php?rest_route=\/wp\/v2\/types\/post"}],"author":[{"embeddable":true,"href":"http:\/\/cronicasyversiones.com\/index.php?rest_route=\/wp\/v2\/users\/5"}],"replies":[{"embeddable":true,"href":"http:\/\/cronicasyversiones.com\/index.php?rest_route=%2Fwp%2Fv2%2Fcomments&post=26512"}],"version-history":[{"count":1,"href":"http:\/\/cronicasyversiones.com\/index.php?rest_route=\/wp\/v2\/posts\/26512\/revisions"}],"predecessor-version":[{"id":26514,"href":"http:\/\/cronicasyversiones.com\/index.php?rest_route=\/wp\/v2\/posts\/26512\/revisions\/26514"}],"wp:featuredmedia":[{"embeddable":true,"href":"http:\/\/cronicasyversiones.com\/index.php?rest_route=\/wp\/v2\/media\/26513"}],"wp:attachment":[{"href":"http:\/\/cronicasyversiones.com\/index.php?rest_route=%2Fwp%2Fv2%2Fmedia&parent=26512"}],"wp:term":[{"taxonomy":"category","embeddable":true,"href":"http:\/\/cronicasyversiones.com\/index.php?rest_route=%2Fwp%2Fv2%2Fcategories&post=26512"},{"taxonomy":"post_tag","embeddable":true,"href":"http:\/\/cronicasyversiones.com\/index.php?rest_route=%2Fwp%2Fv2%2Ftags&post=26512"}],"curies":[{"name":"wp","href":"https:\/\/api.w.org\/{rel}","templated":true}]}}