{"id":26568,"date":"2020-04-06T17:08:13","date_gmt":"2020-04-06T20:08:13","guid":{"rendered":"http:\/\/cronicasyversiones.com\/?p=26568"},"modified":"2020-04-06T17:08:13","modified_gmt":"2020-04-06T20:08:13","slug":"bernardo-baraj-lanza-un-disco-en-vivo-grabado-en-el-cck","status":"publish","type":"post","link":"http:\/\/cronicasyversiones.com\/?p=26568","title":{"rendered":"Bernardo Baraj lanza un disco en vivo grabado en el CCK"},"content":{"rendered":"<div style=\"padding-bottom:20px; padding-top:10px;\" class=\"hupso-share-buttons\"><!-- Hupso Share Buttons - https:\/\/www.hupso.com\/share\/ --><a class=\"hupso_counters\" href=\"https:\/\/www.hupso.com\/share\/\"><img decoding=\"async\" src=\"http:\/\/static.hupso.com\/share\/buttons\/lang\/es\/share-small.png\" style=\"border:0px; padding-top:2px; float:left;\" alt=\"Share Button\"\/><\/a><script type=\"text\/javascript\">var hupso_services_c=new Array(\"twitter\",\"facebook_like\",\"google\");var hupso_counters_lang = \"es_LA\";var hupso_image_folder_url = \"\";var hupso_twitter_via=\"crsyvrs\";var hupso_url_c=\"\";<\/script><script type=\"text\/javascript\" src=\"http:\/\/static.hupso.com\/share\/js\/counters.js\"><\/script><!-- Hupso Share Buttons --><\/div><h2>El saxofonista edit\u00f3 este trabajo con su tr\u00edo de jazz, integrado por su hijo Marcelo en bater\u00eda y Juan Bay\u00f3n, en contrabajo.<\/h2>\n<p><img loading=\"lazy\" decoding=\"async\" class=\" wp-image-26569 aligncenter\" src=\"http:\/\/cronicasyversiones.com\/wp-content\/uploads\/2020\/04\/baraj.jpg\" alt=\"\" width=\"761\" height=\"560\" srcset=\"http:\/\/cronicasyversiones.com\/wp-content\/uploads\/2020\/04\/baraj.jpg 750w, http:\/\/cronicasyversiones.com\/wp-content\/uploads\/2020\/04\/baraj-300x221.jpg 300w\" sizes=\"auto, (max-width: 761px) 100vw, 761px\" \/><\/p>\n<p>El saxofonista <strong>Bernando Baraj<\/strong> lanz\u00f3 un disco en vivo con su tr\u00edo de jazz, grabado el 31 de agosto de 2019, en una presentaci\u00f3n en la c\u00fapula del Centro Cultural N\u00e9stor Kirchner (CCK), organizado Radio Nacional Cl\u00e1sica.<\/p>\n<p>Se trata de un trabajo en el que el saxofonista cuenta con el acompa\u00f1amiento de su hijo <strong>Marcelo, en bater\u00eda<\/strong>; y <strong>Juan Bay\u00f3n, en contrabajo.<\/strong><\/p>\n<p>El \u00e1lbum, disponible en todas las plataformas digitales, contiene versiones de cl\u00e1sicos como <em><strong>\u201cBody and soul\u201d; \u201cLos ejes de mi carreta\u201d<\/strong><\/em>, de Atahualpa Yupanqui; \u201cEquinox\u201d, de John Coltrane; y \u201cStraight, no chaser\u201d, de Thelonious Monk, entre otros.<\/p>\n<p><em><strong>LEA TAMBI\u00c9N:\u00a0<\/strong><\/em><\/p>\n<div class=\"video-container\">\n<blockquote class=\"wp-embedded-content\" data-secret=\"PQDq4rfMmS\"><p><a href=\"http:\/\/cronicasyversiones.com\/?p=26439\">\u00abGuords\u00bb, el nuevo tema de Javier Garc\u00eda<\/a><\/p><\/blockquote>\n<p><iframe loading=\"lazy\" class=\"wp-embedded-content\" sandbox=\"allow-scripts\" security=\"restricted\" style=\"position: absolute; clip: rect(1px, 1px, 1px, 1px);\" title=\"\u00ab\u00abGuords\u00bb, el nuevo tema de Javier Garc\u00eda\u00bb \u2014    \" src=\"http:\/\/cronicasyversiones.com\/?p=26439&#038;embed=true#?secret=ZXwdPtfIAM#?secret=PQDq4rfMmS\" data-secret=\"PQDq4rfMmS\" width=\"600\" height=\"338\" frameborder=\"0\" marginwidth=\"0\" marginheight=\"0\" scrolling=\"no\"><\/iframe><\/div>\n<p>Conocido por su labor en formaciones como <strong>Alma y Vida, Banda Spinetta<\/strong>, y La Banda de Rub\u00e9n Rada, entre otras; adem\u00e1s de sus d\u00fao con Juan Barrueco o su tr\u00edo con Lito Vitale y Lucho Gonz\u00e1lez; este trabajo aparece en momentos en que Baraj alterna su rol como instrumentista con su faceta de cantante y compositor de tangos.<\/p>\n<p>Compone m\u00fasica para cine y en 2007 recibe el premio ACE por la mejor m\u00fasica original de teatro. En 2015 es nombrado Personalidad Distinguida de la Cultura. En 2016 su primer trabajo como cantante es ternado como mejor CD de tango para los Premios Gardel.<\/p>\n<div style=\"padding-bottom:20px; padding-top:10px;\" class=\"hupso-share-buttons\"><!-- Hupso Share Buttons - https:\/\/www.hupso.com\/share\/ --><a class=\"hupso_counters\" href=\"https:\/\/www.hupso.com\/share\/\"><img decoding=\"async\" src=\"http:\/\/static.hupso.com\/share\/buttons\/lang\/es\/share-small.png\" style=\"border:0px; padding-top:2px; float:left;\" alt=\"Share Button\"\/><\/a><script type=\"text\/javascript\">var hupso_services_c=new Array(\"twitter\",\"facebook_like\",\"google\");var hupso_counters_lang = \"es_LA\";var hupso_image_folder_url = \"\";var hupso_twitter_via=\"crsyvrs\";var hupso_url_c=\"\";<\/script><script type=\"text\/javascript\" src=\"http:\/\/static.hupso.com\/share\/js\/counters.js\"><\/script><!-- Hupso Share Buttons --><\/div> ","protected":false},"excerpt":{"rendered":"<div style=\"padding-bottom:20px; padding-top:10px;\" class=\"hupso-share-buttons\"><!-- Hupso Share Buttons - https:\/\/www.hupso.com\/share\/ --><a class=\"hupso_counters\" href=\"https:\/\/www.hupso.com\/share\/\"><img src=\"http:\/\/static.hupso.com\/share\/buttons\/lang\/es\/share-small.png\" style=\"border:0px; padding-top:2px; float:left;\" alt=\"Share Button\"\/><\/a><script type=\"text\/javascript\">var hupso_services_c=new Array(\"twitter\",\"facebook_like\",\"google\");var hupso_counters_lang = \"es_LA\";var hupso_image_folder_url = \"\";var hupso_twitter_via=\"crsyvrs\";var hupso_url_c=\"\";<\/script><script type=\"text\/javascript\" src=\"http:\/\/static.hupso.com\/share\/js\/counters.js\"><\/script><!-- Hupso Share Buttons --><\/div><p>El saxofonista edit\u00f3 este trabajo con su tr\u00edo de jazz, integrado por su hijo Marcelo en bater\u00eda y Juan Bay\u00f3n, en contrabajo. El saxofonista Bernando Baraj lanz\u00f3 un disco en vivo con su tr\u00edo de jazz, grabado el 31&#46;&#46;&#46;<\/p>\n<div style=\"padding-bottom:20px; padding-top:10px;\" class=\"hupso-share-buttons\"><!-- Hupso Share Buttons - https:\/\/www.hupso.com\/share\/ --><a class=\"hupso_counters\" href=\"https:\/\/www.hupso.com\/share\/\"><img src=\"http:\/\/static.hupso.com\/share\/buttons\/lang\/es\/share-small.png\" style=\"border:0px; padding-top:2px; float:left;\" alt=\"Share Button\"\/><\/a><script type=\"text\/javascript\">var hupso_services_c=new Array(\"twitter\",\"facebook_like\",\"google\");var hupso_counters_lang = \"es_LA\";var hupso_image_folder_url = \"\";var hupso_twitter_via=\"crsyvrs\";var hupso_url_c=\"\";<\/script><script type=\"text\/javascript\" src=\"http:\/\/static.hupso.com\/share\/js\/counters.js\"><\/script><!-- Hupso Share Buttons --><\/div>","protected":false},"author":5,"featured_media":26569,"comment_status":"open","ping_status":"closed","sticky":false,"template":"","format":"standard","meta":{"footnotes":""},"categories":[3],"tags":[4482,262],"class_list":["post-26568","post","type-post","status-publish","format-standard","has-post-thumbnail","hentry","category-musica","tag-bernardo-baraj","tag-jazz"],"_links":{"self":[{"href":"http:\/\/cronicasyversiones.com\/index.php?rest_route=\/wp\/v2\/posts\/26568","targetHints":{"allow":["GET"]}}],"collection":[{"href":"http:\/\/cronicasyversiones.com\/index.php?rest_route=\/wp\/v2\/posts"}],"about":[{"href":"http:\/\/cronicasyversiones.com\/index.php?rest_route=\/wp\/v2\/types\/post"}],"author":[{"embeddable":true,"href":"http:\/\/cronicasyversiones.com\/index.php?rest_route=\/wp\/v2\/users\/5"}],"replies":[{"embeddable":true,"href":"http:\/\/cronicasyversiones.com\/index.php?rest_route=%2Fwp%2Fv2%2Fcomments&post=26568"}],"version-history":[{"count":1,"href":"http:\/\/cronicasyversiones.com\/index.php?rest_route=\/wp\/v2\/posts\/26568\/revisions"}],"predecessor-version":[{"id":26570,"href":"http:\/\/cronicasyversiones.com\/index.php?rest_route=\/wp\/v2\/posts\/26568\/revisions\/26570"}],"wp:featuredmedia":[{"embeddable":true,"href":"http:\/\/cronicasyversiones.com\/index.php?rest_route=\/wp\/v2\/media\/26569"}],"wp:attachment":[{"href":"http:\/\/cronicasyversiones.com\/index.php?rest_route=%2Fwp%2Fv2%2Fmedia&parent=26568"}],"wp:term":[{"taxonomy":"category","embeddable":true,"href":"http:\/\/cronicasyversiones.com\/index.php?rest_route=%2Fwp%2Fv2%2Fcategories&post=26568"},{"taxonomy":"post_tag","embeddable":true,"href":"http:\/\/cronicasyversiones.com\/index.php?rest_route=%2Fwp%2Fv2%2Ftags&post=26568"}],"curies":[{"name":"wp","href":"https:\/\/api.w.org\/{rel}","templated":true}]}}