{"id":26572,"date":"2020-04-07T13:22:36","date_gmt":"2020-04-07T16:22:36","guid":{"rendered":"http:\/\/cronicasyversiones.com\/?p=26572"},"modified":"2020-04-07T13:22:38","modified_gmt":"2020-04-07T16:22:38","slug":"la-peste-de-albert-camus-disponible-en-ebook","status":"publish","type":"post","link":"http:\/\/cronicasyversiones.com\/?p=26572","title":{"rendered":"\u00abLa peste\u00bb, de Albert Camus, disponible en ebook"},"content":{"rendered":"<div style=\"padding-bottom:20px; padding-top:10px;\" class=\"hupso-share-buttons\"><!-- Hupso Share Buttons - https:\/\/www.hupso.com\/share\/ --><a class=\"hupso_counters\" href=\"https:\/\/www.hupso.com\/share\/\"><img decoding=\"async\" src=\"http:\/\/static.hupso.com\/share\/buttons\/lang\/es\/share-small.png\" style=\"border:0px; padding-top:2px; float:left;\" alt=\"Share Button\"\/><\/a><script type=\"text\/javascript\">var hupso_services_c=new Array(\"twitter\",\"facebook_like\",\"google\");var hupso_counters_lang = \"es_LA\";var hupso_image_folder_url = \"\";var hupso_twitter_via=\"crsyvrs\";var hupso_url_c=\"\";<\/script><script type=\"text\/javascript\" src=\"http:\/\/static.hupso.com\/share\/js\/counters.js\"><\/script><!-- Hupso Share Buttons --><\/div><h2>Por primera vez la obra cumbre de este escritor est\u00e1 disponible en este formato, a trav\u00e9s de Penguin Random House.<\/h2>\n<p><img loading=\"lazy\" decoding=\"async\" class=\" wp-image-26574 aligncenter\" src=\"http:\/\/cronicasyversiones.com\/wp-content\/uploads\/2020\/04\/camus-1.jpg\" alt=\"\" width=\"667\" height=\"415\" srcset=\"http:\/\/cronicasyversiones.com\/wp-content\/uploads\/2020\/04\/camus-1.jpg 630w, http:\/\/cronicasyversiones.com\/wp-content\/uploads\/2020\/04\/camus-1-300x187.jpg 300w\" sizes=\"auto, (max-width: 667px) 100vw, 667px\" \/><\/p>\n<p><em><strong>\u00abLa peste\u00bb,<\/strong> <\/em>de <strong>Albert Camus,<\/strong> que volvi\u00f3 a convertirse en un furor de ventas en medio de la pandemia &nbsp;de coronavirus, se edita por primera vez en ebook &nbsp;castellano ena trav\u00e9s de la editorial <strong>Penguin Random House.<\/strong><\/p>\n<p><em><strong>\u00abLa peste\u00bb,<\/strong><\/em> ambientada en la argelina Or\u00e1n de 1847, por entonces colonia francesa, lleg\u00f3 a triplicar sus ventas en Italia, pasando del puesto 71 al tercero en apenas pocos d\u00edas a ra\u00edz de la pandemia.<\/p>\n<blockquote><p>De esta forma, fue un \u00e9xito editorial cuando se public\u00f3 por primera vez en junio de 1947, volvi\u00f3 a colocarse como una referencia porque \u00abofrece a los lectores orientaci\u00f3n en tiempos de desconcierto\u00bb, sostienen desde Penguin Random House.<\/p><\/blockquote>\n<p>\u00abTras su primera publicaci\u00f3n, el autor confirm\u00f3 lo que muchos hab\u00edan visto con claridad por s\u00ed solos: la novela era una alegor\u00eda de la ocupaci\u00f3n nazi en Francia. Pero a ese paralelismo se sum\u00f3 con posterioridad la capacidad prof\u00e9tica del relato. Como se dice al final, \u00b4el bacilo de la peste no muere ni desaparece jam\u00e1s\u00b4, sino que \u00b4puede permanecer durante decenios dormido\u00b4 hasta el d\u00eda en que \u00b4despierte a sus ratas y las mande a morir en una ciudad dichosa\u00b4\u00bb, explican desde la editorial.<\/p>\n<p>Con el lanzamiento digital de <em><strong>\u00abLa peste\u00bb,<\/strong><\/em> que a partir del 30 de abril incluye una versi\u00f3n en audiolibro de ocho horas narrada por Carlos Di Blas, la editorial tambi\u00e9n estrena lo que ser\u00e1 la publicaci\u00f3n de toda la obra de Camus, integrada por novelas, ensayos y varios textos in\u00e9ditos, que se podr\u00e1 conseguir tanto en formato digital como f\u00edsico.<\/p>\n<p><em><strong>LEA TAMBI\u00c9N:&nbsp;<\/strong><\/em><\/p>\n<div class=\"video-container\">\n<blockquote class=\"wp-embedded-content\" data-secret=\"CXaRDA2Kht\"><p><a href=\"https:\/\/cronicasyversiones.com\/?p=26526\">Gabriela Cabez\u00f3n C\u00e1mara, finalista del premio International Booker Prize 2020<\/a><\/p><\/blockquote>\n<p><iframe loading=\"lazy\" class=\"wp-embedded-content\" sandbox=\"allow-scripts\" security=\"restricted\" style=\"position: absolute; clip: rect(1px, 1px, 1px, 1px);\" title=\"\u00abGabriela Cabez\u00f3n C\u00e1mara, finalista del premio International Booker Prize 2020\u00bb \u2014    \" src=\"https:\/\/cronicasyversiones.com\/?p=26526&#038;embed=true#?secret=O4weKHBTbx#?secret=CXaRDA2Kht\" data-secret=\"CXaRDA2Kht\" width=\"600\" height=\"338\" frameborder=\"0\" marginwidth=\"0\" marginheight=\"0\" scrolling=\"no\"><\/iframe><\/div>\n<p><strong>Albert Camus<\/strong> fue uno de los m\u00e1s destacados escritores del Siglo XX. Ganador del Premio Nobel en 1957, escribi\u00f3 novelas magistrales como \u00abEl extranjero\u00bb (1942) o \u00abLa peste\u00bb (1947), referencias ineludibles de la literatura mundial, pero su obra trascendi\u00f3 los l\u00edmites de la novel\u00edstica: tambi\u00e9n fue dramaturgo, periodista y fil\u00f3sofo.<\/p>\n<p>Su trabajo en la prensa tanto en Argelia como en Francia durante la ocupaci\u00f3n nazi, puso de manifiesto un compromiso pol\u00edtico cabal y permanente. Sin embargo fue un intelectual de izquierdas inc\u00f3modo: en plena Guerra Fr\u00eda, cuestion\u00f3 y denunci\u00f3 los cr\u00edmenes del estalinismo y reflexion\u00f3 negativamente sobre las revoluciones y el ideario comunista en \u00abEl hombre rebelde\u00bb (1951). De esta forma polemiz\u00f3 con Sartre y con gran parte del arco intelectual franc\u00e9s<\/p>\n<div style=\"padding-bottom:20px; padding-top:10px;\" class=\"hupso-share-buttons\"><!-- Hupso Share Buttons - https:\/\/www.hupso.com\/share\/ --><a class=\"hupso_counters\" href=\"https:\/\/www.hupso.com\/share\/\"><img decoding=\"async\" src=\"http:\/\/static.hupso.com\/share\/buttons\/lang\/es\/share-small.png\" style=\"border:0px; padding-top:2px; float:left;\" alt=\"Share Button\"\/><\/a><script type=\"text\/javascript\">var hupso_services_c=new Array(\"twitter\",\"facebook_like\",\"google\");var hupso_counters_lang = \"es_LA\";var hupso_image_folder_url = \"\";var hupso_twitter_via=\"crsyvrs\";var hupso_url_c=\"\";<\/script><script type=\"text\/javascript\" src=\"http:\/\/static.hupso.com\/share\/js\/counters.js\"><\/script><!-- Hupso Share Buttons --><\/div> ","protected":false},"excerpt":{"rendered":"<div style=\"padding-bottom:20px; padding-top:10px;\" class=\"hupso-share-buttons\"><!-- Hupso Share Buttons - https:\/\/www.hupso.com\/share\/ --><a class=\"hupso_counters\" href=\"https:\/\/www.hupso.com\/share\/\"><img src=\"http:\/\/static.hupso.com\/share\/buttons\/lang\/es\/share-small.png\" style=\"border:0px; padding-top:2px; float:left;\" alt=\"Share Button\"\/><\/a><script type=\"text\/javascript\">var hupso_services_c=new Array(\"twitter\",\"facebook_like\",\"google\");var hupso_counters_lang = \"es_LA\";var hupso_image_folder_url = \"\";var hupso_twitter_via=\"crsyvrs\";var hupso_url_c=\"\";<\/script><script type=\"text\/javascript\" src=\"http:\/\/static.hupso.com\/share\/js\/counters.js\"><\/script><!-- Hupso Share Buttons --><\/div><p>Por primera vez la obra cumbre de este escritor est\u00e1 disponible en este formato, a trav\u00e9s de Penguin Random House. \u00abLa peste\u00bb, de Albert Camus, que volvi\u00f3 a convertirse en un furor de ventas en medio de la pandemia&#46;&#46;&#46;<\/p>\n<div style=\"padding-bottom:20px; padding-top:10px;\" class=\"hupso-share-buttons\"><!-- Hupso Share Buttons - https:\/\/www.hupso.com\/share\/ --><a class=\"hupso_counters\" href=\"https:\/\/www.hupso.com\/share\/\"><img src=\"http:\/\/static.hupso.com\/share\/buttons\/lang\/es\/share-small.png\" style=\"border:0px; padding-top:2px; float:left;\" alt=\"Share Button\"\/><\/a><script type=\"text\/javascript\">var hupso_services_c=new Array(\"twitter\",\"facebook_like\",\"google\");var hupso_counters_lang = \"es_LA\";var hupso_image_folder_url = \"\";var hupso_twitter_via=\"crsyvrs\";var hupso_url_c=\"\";<\/script><script type=\"text\/javascript\" src=\"http:\/\/static.hupso.com\/share\/js\/counters.js\"><\/script><!-- Hupso Share Buttons --><\/div>","protected":false},"author":5,"featured_media":26574,"comment_status":"open","ping_status":"closed","sticky":false,"template":"","format":"standard","meta":{"footnotes":""},"categories":[7],"tags":[8558],"class_list":["post-26572","post","type-post","status-publish","format-standard","has-post-thumbnail","hentry","category-literatura","tag-albert-camus"],"_links":{"self":[{"href":"http:\/\/cronicasyversiones.com\/index.php?rest_route=\/wp\/v2\/posts\/26572","targetHints":{"allow":["GET"]}}],"collection":[{"href":"http:\/\/cronicasyversiones.com\/index.php?rest_route=\/wp\/v2\/posts"}],"about":[{"href":"http:\/\/cronicasyversiones.com\/index.php?rest_route=\/wp\/v2\/types\/post"}],"author":[{"embeddable":true,"href":"http:\/\/cronicasyversiones.com\/index.php?rest_route=\/wp\/v2\/users\/5"}],"replies":[{"embeddable":true,"href":"http:\/\/cronicasyversiones.com\/index.php?rest_route=%2Fwp%2Fv2%2Fcomments&post=26572"}],"version-history":[{"count":2,"href":"http:\/\/cronicasyversiones.com\/index.php?rest_route=\/wp\/v2\/posts\/26572\/revisions"}],"predecessor-version":[{"id":26576,"href":"http:\/\/cronicasyversiones.com\/index.php?rest_route=\/wp\/v2\/posts\/26572\/revisions\/26576"}],"wp:featuredmedia":[{"embeddable":true,"href":"http:\/\/cronicasyversiones.com\/index.php?rest_route=\/wp\/v2\/media\/26574"}],"wp:attachment":[{"href":"http:\/\/cronicasyversiones.com\/index.php?rest_route=%2Fwp%2Fv2%2Fmedia&parent=26572"}],"wp:term":[{"taxonomy":"category","embeddable":true,"href":"http:\/\/cronicasyversiones.com\/index.php?rest_route=%2Fwp%2Fv2%2Fcategories&post=26572"},{"taxonomy":"post_tag","embeddable":true,"href":"http:\/\/cronicasyversiones.com\/index.php?rest_route=%2Fwp%2Fv2%2Ftags&post=26572"}],"curies":[{"name":"wp","href":"https:\/\/api.w.org\/{rel}","templated":true}]}}