{"id":26637,"date":"2020-04-19T09:59:20","date_gmt":"2020-04-19T12:59:20","guid":{"rendered":"http:\/\/cronicasyversiones.com\/?p=26637"},"modified":"2020-04-19T09:59:26","modified_gmt":"2020-04-19T12:59:26","slug":"el-met-ofrece-una-muestra-virtual-de-gerhard-richter","status":"publish","type":"post","link":"http:\/\/cronicasyversiones.com\/?p=26637","title":{"rendered":"El MET ofrece una muestra virtual de Gerhard Richter"},"content":{"rendered":"<div style=\"padding-bottom:20px; padding-top:10px;\" class=\"hupso-share-buttons\"><!-- Hupso Share Buttons - https:\/\/www.hupso.com\/share\/ --><a class=\"hupso_counters\" href=\"https:\/\/www.hupso.com\/share\/\"><img decoding=\"async\" src=\"http:\/\/static.hupso.com\/share\/buttons\/lang\/es\/share-small.png\" style=\"border:0px; padding-top:2px; float:left;\" alt=\"Share Button\"\/><\/a><script type=\"text\/javascript\">var hupso_services_c=new Array(\"twitter\",\"facebook_like\",\"google\");var hupso_counters_lang = \"es_LA\";var hupso_image_folder_url = \"\";var hupso_twitter_via=\"crsyvrs\";var hupso_url_c=\"\";<\/script><script type=\"text\/javascript\" src=\"http:\/\/static.hupso.com\/share\/js\/counters.js\"><\/script><!-- Hupso Share Buttons --><\/div><h2>La exposici\u00f3n \u00abPintar despu\u00e9s de todo\u00bb puede recorrerse online en el portal del Museo Metropolitano de Nueva York.<\/h2>\n<p><img loading=\"lazy\" decoding=\"async\" class=\"wp-image-26638 aligncenter\" src=\"http:\/\/cronicasyversiones.com\/wp-content\/uploads\/2020\/04\/met-1024x576.jpg\" alt=\"\" width=\"762\" height=\"429\" srcset=\"http:\/\/cronicasyversiones.com\/wp-content\/uploads\/2020\/04\/met-1024x576.jpg 1024w, http:\/\/cronicasyversiones.com\/wp-content\/uploads\/2020\/04\/met-300x169.jpg 300w, http:\/\/cronicasyversiones.com\/wp-content\/uploads\/2020\/04\/met-768x432.jpg 768w, http:\/\/cronicasyversiones.com\/wp-content\/uploads\/2020\/04\/met.jpg 1280w\" sizes=\"auto, (max-width: 762px) 100vw, 762px\" \/><\/p>\n<p>El <strong>Museo Metropolitano de Nueva York (MET)<\/strong> ofrece una visita virtual por la exposici\u00f3n del alem\u00e1n <strong>Gerhard Richter<\/strong>, titulada <em><strong>\u00abPintar despu\u00e9s de todo\u00bb<\/strong><\/em>, dedicada a uno de los m\u00e1s notables artistas de estos tiempos.<\/p>\n<p><em><strong>\u00abPainting after all\u00bb<\/strong><\/em> integra la programaci\u00f3n de la sede Breuer del MET, cerrado temporalmente al igual que todos las filiales del museo, por lo que la instituci\u00f3n invita a la comunidad a un tour virtual por la misma, en www.metmuseum.org.<\/p>\n<p>La exhibici\u00f3n recorre seis d\u00e9cadas de trabajo del artista alem\u00e1n, un conjunto amplio entre la figuraci\u00f3n y la abstracci\u00f3n en el que Richter ha explorado las implicaciones materiales, conceptuales e hist\u00f3ricas de la pintura.<\/p>\n<p>La muestra abarca la totalidad de la prol\u00edfica e innovadora carrera de Richter, a trav\u00e9s de m\u00e1s de cien obras que se centran en su compromiso espec\u00edfico con el soporte de la pintura, as\u00ed como en sus intereses relacionados con la fotograf\u00eda, la reproducci\u00f3n digital y la escultura.<\/p>\n<p>Adem\u00e1s del recorrido virtual, el MET public\u00f3 en su web un documental que permite obtener una visi\u00f3n en profundidad en el maestro de la pintura, un largometraje de <strong>Corinna Belz.<\/strong><\/p>\n<p><em><strong>LEA TAMBI\u00c9N:&nbsp;<\/strong><\/em><\/p>\n<div class=\"video-container\">\n<blockquote class=\"wp-embedded-content\" data-secret=\"I5cWkyxw07\"><p><a href=\"http:\/\/cronicasyversiones.com\/?p=26212\">\u00abLa Menesunda\u00bb, de Marta Minuj\u00edn, se presentar\u00e1 en una galer\u00eda brit\u00e1nica<\/a><\/p><\/blockquote>\n<p><iframe loading=\"lazy\" class=\"wp-embedded-content\" sandbox=\"allow-scripts\" security=\"restricted\" style=\"position: absolute; clip: rect(1px, 1px, 1px, 1px);\" title=\"\u00ab\u00abLa Menesunda\u00bb, de Marta Minuj\u00edn, se presentar\u00e1 en una galer\u00eda brit\u00e1nica\u00bb \u2014    \" src=\"http:\/\/cronicasyversiones.com\/?p=26212&#038;embed=true#?secret=xjKiptL1dH#?secret=I5cWkyxw07\" data-secret=\"I5cWkyxw07\" width=\"600\" height=\"338\" frameborder=\"0\" marginwidth=\"0\" marginheight=\"0\" scrolling=\"no\"><\/iframe><\/div>\n<p>En 1961, con solo 29 a\u00f1os, <strong>Gerhard Richter<\/strong> escap\u00f3 de Alemania Oriental para estudiar arte en D\u00fcsseldorf: durante seis d\u00e9cadas y desde entonces su trabajo se ha extendido por una multitud de temas, estilos y soportes.<\/p>\n<p>A lo largo de su fruct\u00edfera trayectoria Richter ha conseguido escapar del encasillamiento con un estilo caracter\u00edstico y personal, de la abstracci\u00f3n al foto-realismo, pasando por el paisaje o los bodegones cl\u00e1sicos, los desnudos y retratos o la pintura hist\u00f3rica.<\/p>\n<p>Sin embargo, detr\u00e1s de todos los motivos, el gran \u00fanico tema de Richter es la pintura en s\u00ed, cuyo lenguaje y recursos interroga una y otra vez.<\/p>\n<p>&nbsp;<\/p>\n<div style=\"padding-bottom:20px; padding-top:10px;\" class=\"hupso-share-buttons\"><!-- Hupso Share Buttons - https:\/\/www.hupso.com\/share\/ --><a class=\"hupso_counters\" href=\"https:\/\/www.hupso.com\/share\/\"><img decoding=\"async\" src=\"http:\/\/static.hupso.com\/share\/buttons\/lang\/es\/share-small.png\" style=\"border:0px; padding-top:2px; float:left;\" alt=\"Share Button\"\/><\/a><script type=\"text\/javascript\">var hupso_services_c=new Array(\"twitter\",\"facebook_like\",\"google\");var hupso_counters_lang = \"es_LA\";var hupso_image_folder_url = \"\";var hupso_twitter_via=\"crsyvrs\";var hupso_url_c=\"\";<\/script><script type=\"text\/javascript\" src=\"http:\/\/static.hupso.com\/share\/js\/counters.js\"><\/script><!-- Hupso Share Buttons --><\/div> ","protected":false},"excerpt":{"rendered":"<div style=\"padding-bottom:20px; padding-top:10px;\" class=\"hupso-share-buttons\"><!-- Hupso Share Buttons - https:\/\/www.hupso.com\/share\/ --><a class=\"hupso_counters\" href=\"https:\/\/www.hupso.com\/share\/\"><img src=\"http:\/\/static.hupso.com\/share\/buttons\/lang\/es\/share-small.png\" style=\"border:0px; padding-top:2px; float:left;\" alt=\"Share Button\"\/><\/a><script type=\"text\/javascript\">var hupso_services_c=new Array(\"twitter\",\"facebook_like\",\"google\");var hupso_counters_lang = \"es_LA\";var hupso_image_folder_url = \"\";var hupso_twitter_via=\"crsyvrs\";var hupso_url_c=\"\";<\/script><script type=\"text\/javascript\" src=\"http:\/\/static.hupso.com\/share\/js\/counters.js\"><\/script><!-- Hupso Share Buttons --><\/div><p>La exposici\u00f3n \u00abPintar despu\u00e9s de todo\u00bb puede recorrerse online en el portal del Museo Metropolitano de Nueva York. El Museo Metropolitano de Nueva York (MET) ofrece una visita virtual por la exposici\u00f3n del alem\u00e1n Gerhard Richter, titulada \u00abPintar despu\u00e9s&#46;&#46;&#46;<\/p>\n<div style=\"padding-bottom:20px; padding-top:10px;\" class=\"hupso-share-buttons\"><!-- Hupso Share Buttons - https:\/\/www.hupso.com\/share\/ --><a class=\"hupso_counters\" href=\"https:\/\/www.hupso.com\/share\/\"><img src=\"http:\/\/static.hupso.com\/share\/buttons\/lang\/es\/share-small.png\" style=\"border:0px; padding-top:2px; float:left;\" alt=\"Share Button\"\/><\/a><script type=\"text\/javascript\">var hupso_services_c=new Array(\"twitter\",\"facebook_like\",\"google\");var hupso_counters_lang = \"es_LA\";var hupso_image_folder_url = \"\";var hupso_twitter_via=\"crsyvrs\";var hupso_url_c=\"\";<\/script><script type=\"text\/javascript\" src=\"http:\/\/static.hupso.com\/share\/js\/counters.js\"><\/script><!-- Hupso Share Buttons --><\/div>","protected":false},"author":5,"featured_media":26638,"comment_status":"open","ping_status":"closed","sticky":false,"template":"","format":"standard","meta":{"footnotes":""},"categories":[8],"tags":[2537],"class_list":["post-26637","post","type-post","status-publish","format-standard","has-post-thumbnail","hentry","category-artes-plasticas","tag-museo-de-arte-moderno-de-nueva-york"],"_links":{"self":[{"href":"http:\/\/cronicasyversiones.com\/index.php?rest_route=\/wp\/v2\/posts\/26637","targetHints":{"allow":["GET"]}}],"collection":[{"href":"http:\/\/cronicasyversiones.com\/index.php?rest_route=\/wp\/v2\/posts"}],"about":[{"href":"http:\/\/cronicasyversiones.com\/index.php?rest_route=\/wp\/v2\/types\/post"}],"author":[{"embeddable":true,"href":"http:\/\/cronicasyversiones.com\/index.php?rest_route=\/wp\/v2\/users\/5"}],"replies":[{"embeddable":true,"href":"http:\/\/cronicasyversiones.com\/index.php?rest_route=%2Fwp%2Fv2%2Fcomments&post=26637"}],"version-history":[{"count":2,"href":"http:\/\/cronicasyversiones.com\/index.php?rest_route=\/wp\/v2\/posts\/26637\/revisions"}],"predecessor-version":[{"id":26701,"href":"http:\/\/cronicasyversiones.com\/index.php?rest_route=\/wp\/v2\/posts\/26637\/revisions\/26701"}],"wp:featuredmedia":[{"embeddable":true,"href":"http:\/\/cronicasyversiones.com\/index.php?rest_route=\/wp\/v2\/media\/26638"}],"wp:attachment":[{"href":"http:\/\/cronicasyversiones.com\/index.php?rest_route=%2Fwp%2Fv2%2Fmedia&parent=26637"}],"wp:term":[{"taxonomy":"category","embeddable":true,"href":"http:\/\/cronicasyversiones.com\/index.php?rest_route=%2Fwp%2Fv2%2Fcategories&post=26637"},{"taxonomy":"post_tag","embeddable":true,"href":"http:\/\/cronicasyversiones.com\/index.php?rest_route=%2Fwp%2Fv2%2Ftags&post=26637"}],"curies":[{"name":"wp","href":"https:\/\/api.w.org\/{rel}","templated":true}]}}