{"id":26750,"date":"2020-04-22T15:28:37","date_gmt":"2020-04-22T18:28:37","guid":{"rendered":"http:\/\/cronicasyversiones.com\/?p=26750"},"modified":"2020-04-22T15:28:37","modified_gmt":"2020-04-22T18:28:37","slug":"el-filba-rosario-tendra-una-version-adaptada-a-la-cuarentena","status":"publish","type":"post","link":"http:\/\/cronicasyversiones.com\/?p=26750","title":{"rendered":"El Filba Rosario tendr\u00e1 una versi\u00f3n adaptada a la cuarentena"},"content":{"rendered":"<div style=\"padding-bottom:20px; padding-top:10px;\" class=\"hupso-share-buttons\"><!-- Hupso Share Buttons - https:\/\/www.hupso.com\/share\/ --><a class=\"hupso_counters\" href=\"https:\/\/www.hupso.com\/share\/\"><img decoding=\"async\" src=\"http:\/\/static.hupso.com\/share\/buttons\/lang\/es\/share-small.png\" style=\"border:0px; padding-top:2px; float:left;\" alt=\"Share Button\"\/><\/a><script type=\"text\/javascript\">var hupso_services_c=new Array(\"twitter\",\"facebook_like\",\"google\");var hupso_counters_lang = \"es_LA\";var hupso_image_folder_url = \"\";var hupso_twitter_via=\"crsyvrs\";var hupso_url_c=\"\";<\/script><script type=\"text\/javascript\" src=\"http:\/\/static.hupso.com\/share\/js\/counters.js\"><\/script><!-- Hupso Share Buttons --><\/div><h2>El encuentro reconvirti\u00f3 algunas actividades en contenidos virtuales para que los lectores puedan acceder a la distancia.<\/h2>\n<p><img loading=\"lazy\" decoding=\"async\" class=\"wp-image-26751 aligncenter\" src=\"http:\/\/cronicasyversiones.com\/wp-content\/uploads\/2020\/04\/filba.jpg\" alt=\"\" width=\"720\" height=\"545\" srcset=\"http:\/\/cronicasyversiones.com\/wp-content\/uploads\/2020\/04\/filba.jpg 874w, http:\/\/cronicasyversiones.com\/wp-content\/uploads\/2020\/04\/filba-300x227.jpg 300w, http:\/\/cronicasyversiones.com\/wp-content\/uploads\/2020\/04\/filba-768x582.jpg 768w\" sizes=\"auto, (max-width: 720px) 100vw, 720px\" \/><\/p>\n<p><strong>Filba Nacional de Rosario,<\/strong> previsto para extenderse hasta el s\u00e1bado, reconvirti\u00f3 algunas actividades en contenidos virtuales para que los lectores puedan acceder a la distancia, en medio de la cuarentena.<\/p>\n<p>Se esta forma se junt\u00f3 a varios de los escritores y otros invitados a la edici\u00f3n del encuentro, como <strong>Federico Falco, Osvaldo Aguirre y Claudia Pi\u00f1eiro.<\/strong><\/p>\n<p>Adem\u00e1s, participar\u00e1n de la at\u00edpica versi\u00f3n Alejandra Benz, Pablo Boffelli, Adriana Briff, Capitana, Julia Enr\u00edquez, Pauline Fondevila, Virginia Giacosa, Agust\u00edn Gonz\u00e1lez, Daiana Henderson, Pablo Makosvksy, Bernardo Orge, Jazm\u00edn Varela, Santiago Venturini y D\u00e9bora Mundani.<\/p>\n<p>Este viernes a las 20, en vivo por Instagram, habr\u00e1 una entrevista a Claudia Pi\u00f1eiro para hablar sobre su \u00faltima novela <em><strong>\u00abCatedrales\u00bb.<\/strong><\/em><\/p>\n<p>El s\u00e1bado estar\u00e1 disponible en la web de Filba y en Spotify una charla con Federico Falco para indagar, tambi\u00e9n, sobre c\u00f3mo conviven, en su cuarentena, la presencia del virus y la escritura.<\/p>\n<p><em><strong>LEA TAMBI\u00c9N:\u00a0<\/strong><\/em><\/p>\n<div class=\"video-container\">\n<blockquote class=\"wp-embedded-content\" data-secret=\"BxIl9oqO6E\"><p><a href=\"http:\/\/cronicasyversiones.com\/?p=26572\">\u00abLa peste\u00bb, de Albert Camus, disponible en ebook<\/a><\/p><\/blockquote>\n<p><iframe loading=\"lazy\" class=\"wp-embedded-content\" sandbox=\"allow-scripts\" security=\"restricted\" style=\"position: absolute; clip: rect(1px, 1px, 1px, 1px);\" title=\"\u00ab\u00abLa peste\u00bb, de Albert Camus, disponible en ebook\u00bb \u2014    \" src=\"http:\/\/cronicasyversiones.com\/?p=26572&#038;embed=true#?secret=DWtRmgBANm#?secret=BxIl9oqO6E\" data-secret=\"BxIl9oqO6E\" width=\"600\" height=\"338\" frameborder=\"0\" marginwidth=\"0\" marginheight=\"0\" scrolling=\"no\"><\/iframe><\/div>\n<p><em><strong>\u00abBit\u00e1coras del virus en Rosario\u00bb<\/strong> <\/em>reunir\u00e1 textos de Julia Enr\u00edquez, Beatriz Vignoli y Adriana Briff y Pablo Makovsky, presentados en la revista literaria REA que lanz\u00f3 una edici\u00f3n especial con autores locales en la que narran sus percepciones en estos d\u00edas de encierro y pandemia.<\/p>\n<p>La programaci\u00f3n incluir\u00e1 <em><strong>\u00abCon aires de r\u00edo\u00bb<\/strong><\/em>, de la que participar\u00e1n los poetas Osvaldo Aguirre, Daiana Henderson, Bernardo Orge, a quienes se les pidi\u00f3 que seleccionaran textos propios que los interpelan especialmente en este momento. Y, justamente en una ciudad prol\u00edfica en dibujantes, ilustradores y artistas, cada d\u00eda se compartir\u00e1n trabajos de Pablo Boffelli, Capitana, Jazm\u00edn Varela, entre otros artistas.<\/p>\n<p>Para los m\u00e1s chicos, habr\u00e1 una edici\u00f3n especial rosarina de la playlist Filbita Cuenta con narraciones de ni\u00f1os y ni\u00f1as a la manera de Gianni Rodari en el emblem\u00e1tico <em><strong>\u00abCuentos por tel\u00e9fono\u00bb.<\/strong><\/em><\/p>\n<p>La programaci\u00f3n completa se encuentra disponible en <strong>www.filba.org.ar.<\/strong><\/p>\n<div style=\"padding-bottom:20px; padding-top:10px;\" class=\"hupso-share-buttons\"><!-- Hupso Share Buttons - https:\/\/www.hupso.com\/share\/ --><a class=\"hupso_counters\" href=\"https:\/\/www.hupso.com\/share\/\"><img decoding=\"async\" src=\"http:\/\/static.hupso.com\/share\/buttons\/lang\/es\/share-small.png\" style=\"border:0px; padding-top:2px; float:left;\" alt=\"Share Button\"\/><\/a><script type=\"text\/javascript\">var hupso_services_c=new Array(\"twitter\",\"facebook_like\",\"google\");var hupso_counters_lang = \"es_LA\";var hupso_image_folder_url = \"\";var hupso_twitter_via=\"crsyvrs\";var hupso_url_c=\"\";<\/script><script type=\"text\/javascript\" src=\"http:\/\/static.hupso.com\/share\/js\/counters.js\"><\/script><!-- Hupso Share Buttons --><\/div> ","protected":false},"excerpt":{"rendered":"<div style=\"padding-bottom:20px; padding-top:10px;\" class=\"hupso-share-buttons\"><!-- Hupso Share Buttons - https:\/\/www.hupso.com\/share\/ --><a class=\"hupso_counters\" href=\"https:\/\/www.hupso.com\/share\/\"><img src=\"http:\/\/static.hupso.com\/share\/buttons\/lang\/es\/share-small.png\" style=\"border:0px; padding-top:2px; float:left;\" alt=\"Share Button\"\/><\/a><script type=\"text\/javascript\">var hupso_services_c=new Array(\"twitter\",\"facebook_like\",\"google\");var hupso_counters_lang = \"es_LA\";var hupso_image_folder_url = \"\";var hupso_twitter_via=\"crsyvrs\";var hupso_url_c=\"\";<\/script><script type=\"text\/javascript\" src=\"http:\/\/static.hupso.com\/share\/js\/counters.js\"><\/script><!-- Hupso Share Buttons --><\/div><p>El encuentro reconvirti\u00f3 algunas actividades en contenidos virtuales para que los lectores puedan acceder a la distancia. Filba Nacional de Rosario, previsto para extenderse hasta el s\u00e1bado, reconvirti\u00f3 algunas actividades en contenidos virtuales para que los lectores puedan acceder&#46;&#46;&#46;<\/p>\n<div style=\"padding-bottom:20px; padding-top:10px;\" class=\"hupso-share-buttons\"><!-- Hupso Share Buttons - https:\/\/www.hupso.com\/share\/ --><a class=\"hupso_counters\" href=\"https:\/\/www.hupso.com\/share\/\"><img src=\"http:\/\/static.hupso.com\/share\/buttons\/lang\/es\/share-small.png\" style=\"border:0px; padding-top:2px; float:left;\" alt=\"Share Button\"\/><\/a><script type=\"text\/javascript\">var hupso_services_c=new Array(\"twitter\",\"facebook_like\",\"google\");var hupso_counters_lang = \"es_LA\";var hupso_image_folder_url = \"\";var hupso_twitter_via=\"crsyvrs\";var hupso_url_c=\"\";<\/script><script type=\"text\/javascript\" src=\"http:\/\/static.hupso.com\/share\/js\/counters.js\"><\/script><!-- Hupso Share Buttons --><\/div>","protected":false},"author":5,"featured_media":26751,"comment_status":"open","ping_status":"closed","sticky":false,"template":"","format":"standard","meta":{"footnotes":""},"categories":[7],"tags":[2895],"class_list":["post-26750","post","type-post","status-publish","format-standard","has-post-thumbnail","hentry","category-literatura","tag-filba"],"_links":{"self":[{"href":"http:\/\/cronicasyversiones.com\/index.php?rest_route=\/wp\/v2\/posts\/26750","targetHints":{"allow":["GET"]}}],"collection":[{"href":"http:\/\/cronicasyversiones.com\/index.php?rest_route=\/wp\/v2\/posts"}],"about":[{"href":"http:\/\/cronicasyversiones.com\/index.php?rest_route=\/wp\/v2\/types\/post"}],"author":[{"embeddable":true,"href":"http:\/\/cronicasyversiones.com\/index.php?rest_route=\/wp\/v2\/users\/5"}],"replies":[{"embeddable":true,"href":"http:\/\/cronicasyversiones.com\/index.php?rest_route=%2Fwp%2Fv2%2Fcomments&post=26750"}],"version-history":[{"count":1,"href":"http:\/\/cronicasyversiones.com\/index.php?rest_route=\/wp\/v2\/posts\/26750\/revisions"}],"predecessor-version":[{"id":26752,"href":"http:\/\/cronicasyversiones.com\/index.php?rest_route=\/wp\/v2\/posts\/26750\/revisions\/26752"}],"wp:featuredmedia":[{"embeddable":true,"href":"http:\/\/cronicasyversiones.com\/index.php?rest_route=\/wp\/v2\/media\/26751"}],"wp:attachment":[{"href":"http:\/\/cronicasyversiones.com\/index.php?rest_route=%2Fwp%2Fv2%2Fmedia&parent=26750"}],"wp:term":[{"taxonomy":"category","embeddable":true,"href":"http:\/\/cronicasyversiones.com\/index.php?rest_route=%2Fwp%2Fv2%2Fcategories&post=26750"},{"taxonomy":"post_tag","embeddable":true,"href":"http:\/\/cronicasyversiones.com\/index.php?rest_route=%2Fwp%2Fv2%2Ftags&post=26750"}],"curies":[{"name":"wp","href":"https:\/\/api.w.org\/{rel}","templated":true}]}}