{"id":27016,"date":"2020-05-22T09:48:45","date_gmt":"2020-05-22T12:48:45","guid":{"rendered":"http:\/\/cronicasyversiones.com\/?p=27016"},"modified":"2020-05-22T09:48:54","modified_gmt":"2020-05-22T12:48:54","slug":"un-documental-sobre-jeffrey-epstein-disponible-en-netflix","status":"publish","type":"post","link":"http:\/\/cronicasyversiones.com\/?p=27016","title":{"rendered":"Un documental sobre Jeffrey Epstein, disponible en Netflix"},"content":{"rendered":"<div style=\"padding-bottom:20px; padding-top:10px;\" class=\"hupso-share-buttons\"><!-- Hupso Share Buttons - https:\/\/www.hupso.com\/share\/ --><a class=\"hupso_counters\" href=\"https:\/\/www.hupso.com\/share\/\"><img decoding=\"async\" src=\"http:\/\/static.hupso.com\/share\/buttons\/lang\/es\/share-small.png\" style=\"border:0px; padding-top:2px; float:left;\" alt=\"Share Button\"\/><\/a><script type=\"text\/javascript\">var hupso_services_c=new Array(\"twitter\",\"facebook_like\",\"google\");var hupso_counters_lang = \"es_LA\";var hupso_image_folder_url = \"\";var hupso_twitter_via=\"crsyvrs\";var hupso_url_c=\"\";<\/script><script type=\"text\/javascript\" src=\"http:\/\/static.hupso.com\/share\/js\/counters.js\"><\/script><!-- Hupso Share Buttons --><\/div><h2>Se trata de una miniserie de cuatro episodios que analiza c\u00f3mo el convicto abusador sexual usaba su riqueza y poder para perpetrar sus delitos.<\/h2>\n<p><img loading=\"lazy\" decoding=\"async\" class=\" wp-image-27017 aligncenter\" src=\"http:\/\/cronicasyversiones.com\/wp-content\/uploads\/2020\/05\/JeffreyEpstein-561x400.jpg\" alt=\"\" width=\"604\" height=\"431\" srcset=\"http:\/\/cronicasyversiones.com\/wp-content\/uploads\/2020\/05\/JeffreyEpstein-561x400.jpg 561w, http:\/\/cronicasyversiones.com\/wp-content\/uploads\/2020\/05\/JeffreyEpstein-561x400-350x250.jpg 350w, http:\/\/cronicasyversiones.com\/wp-content\/uploads\/2020\/05\/JeffreyEpstein-561x400-300x214.jpg 300w\" sizes=\"auto, (max-width: 604px) 100vw, 604px\" \/><\/p>\n<p><em><strong>\u201cJeffrey Epstein: Asquerosamente rico\u201d<\/strong><\/em>, una miniserie de cuatro cap\u00edtulos dirigida por Lisa Bryant y basada en el best seller de James Patterson, \u201cFilthy Rich\u201d, estar\u00e1 disponible en el cat\u00e1logo de <strong>Netflix<\/strong> a partir del 27 de mayo.<\/p>\n<p>Los relatos de las sobrevivientes avivan esta docuserie, que analiza c\u00f3mo el convicto abusador sexual Jeffrey Epstein usaba su riqueza y poder para perpetrar sus delitos.<\/p>\n<p><em><strong>\u201cJeffrey Epstein: Asquerosamente<\/strong><\/em><strong>&nbsp;<em>rico\u00bb<\/em><\/strong> muestra el caso del multimillonario que fue arrestado bajo cargos de tr\u00e1fico sexual de ni\u00f1os y que termin\u00f3 suicid\u00e1ndose en la c\u00e1rcel, dando pie a teor\u00edas de conspiraci\u00f3n relacionadas a sus nexos con otras poderosas personalidades, incluido el Presidente Donald Trump y uno de los hijos de la Reina de Inglaterra.<\/p>\n<p><em><strong>LEA TAMBI\u00c9N:&nbsp;<\/strong><\/em><\/p>\n<div class=\"video-container\">\n<blockquote class=\"wp-embedded-content\" data-secret=\"DYbToEFFWC\"><p><a href=\"https:\/\/cronicasyversiones.com\/?p=26915\">La miniserie documental \u201cAtlanta\u2019s Missing and Murdered\u201d, en HBO<\/a><\/p><\/blockquote>\n<p><iframe loading=\"lazy\" class=\"wp-embedded-content\" sandbox=\"allow-scripts\" security=\"restricted\" style=\"position: absolute; clip: rect(1px, 1px, 1px, 1px);\" title=\"\u00abLa miniserie documental \u201cAtlanta\u2019s Missing and Murdered\u201d, en HBO\u00bb \u2014    \" src=\"https:\/\/cronicasyversiones.com\/?p=26915&#038;embed=true#?secret=nTVfKm8wEx#?secret=DYbToEFFWC\" data-secret=\"DYbToEFFWC\" width=\"600\" height=\"338\" frameborder=\"0\" marginwidth=\"0\" marginheight=\"0\" scrolling=\"no\"><\/iframe><\/div>\n<p>Epstein fue detenido en julio de 20019 acusado de tr\u00e1fico sexual de menores por la Fiscal\u00eda del distrito sur de Manhattan, que lo acus\u00f3 de crear una red para abusar de decenas de ni\u00f1as en su mansi\u00f3n de Nueva York, as\u00ed como otra en el estado de Florida, hace m\u00e1s de una d\u00e9cada.<\/p>\n<p>El juez encargado del caso de Epstein, <strong>Richard Berman,<\/strong> bas\u00f3 en el testimonio de dos de las presuntas v\u00edctimas su decisi\u00f3n de dejar tras las rejas al magnate mientras dure el investigaci\u00f3n, por considerarlo un potencial peligro para el p\u00fablico.<\/p>\n<p>Epstein ya enfrent\u00f3 acusaciones de este tipo en Florida, pero en 2008 un acuerdo extraoficial con la Fiscal\u00eda permiti\u00f3 cerrar la investigaci\u00f3n a cambio de s\u00f3lo 13 meses de c\u00e1rcel y un pacto econ\u00f3mico con las v\u00edctimas.<\/p>\n<p>&nbsp;<\/p>\n<div style=\"padding-bottom:20px; padding-top:10px;\" class=\"hupso-share-buttons\"><!-- Hupso Share Buttons - https:\/\/www.hupso.com\/share\/ --><a class=\"hupso_counters\" href=\"https:\/\/www.hupso.com\/share\/\"><img decoding=\"async\" src=\"http:\/\/static.hupso.com\/share\/buttons\/lang\/es\/share-small.png\" style=\"border:0px; padding-top:2px; float:left;\" alt=\"Share Button\"\/><\/a><script type=\"text\/javascript\">var hupso_services_c=new Array(\"twitter\",\"facebook_like\",\"google\");var hupso_counters_lang = \"es_LA\";var hupso_image_folder_url = \"\";var hupso_twitter_via=\"crsyvrs\";var hupso_url_c=\"\";<\/script><script type=\"text\/javascript\" src=\"http:\/\/static.hupso.com\/share\/js\/counters.js\"><\/script><!-- Hupso Share Buttons --><\/div> ","protected":false},"excerpt":{"rendered":"<div style=\"padding-bottom:20px; padding-top:10px;\" class=\"hupso-share-buttons\"><!-- Hupso Share Buttons - https:\/\/www.hupso.com\/share\/ --><a class=\"hupso_counters\" href=\"https:\/\/www.hupso.com\/share\/\"><img src=\"http:\/\/static.hupso.com\/share\/buttons\/lang\/es\/share-small.png\" style=\"border:0px; padding-top:2px; float:left;\" alt=\"Share Button\"\/><\/a><script type=\"text\/javascript\">var hupso_services_c=new Array(\"twitter\",\"facebook_like\",\"google\");var hupso_counters_lang = \"es_LA\";var hupso_image_folder_url = \"\";var hupso_twitter_via=\"crsyvrs\";var hupso_url_c=\"\";<\/script><script type=\"text\/javascript\" src=\"http:\/\/static.hupso.com\/share\/js\/counters.js\"><\/script><!-- Hupso Share Buttons --><\/div><p>Se trata de una miniserie de cuatro episodios que analiza c\u00f3mo el convicto abusador sexual usaba su riqueza y poder para perpetrar sus delitos. \u201cJeffrey Epstein: Asquerosamente rico\u201d, una miniserie de cuatro cap\u00edtulos dirigida por Lisa Bryant y basada&#46;&#46;&#46;<\/p>\n<div style=\"padding-bottom:20px; padding-top:10px;\" class=\"hupso-share-buttons\"><!-- Hupso Share Buttons - https:\/\/www.hupso.com\/share\/ --><a class=\"hupso_counters\" href=\"https:\/\/www.hupso.com\/share\/\"><img src=\"http:\/\/static.hupso.com\/share\/buttons\/lang\/es\/share-small.png\" style=\"border:0px; padding-top:2px; float:left;\" alt=\"Share Button\"\/><\/a><script type=\"text\/javascript\">var hupso_services_c=new Array(\"twitter\",\"facebook_like\",\"google\");var hupso_counters_lang = \"es_LA\";var hupso_image_folder_url = \"\";var hupso_twitter_via=\"crsyvrs\";var hupso_url_c=\"\";<\/script><script type=\"text\/javascript\" src=\"http:\/\/static.hupso.com\/share\/js\/counters.js\"><\/script><!-- Hupso Share Buttons --><\/div>","protected":false},"author":5,"featured_media":27017,"comment_status":"open","ping_status":"closed","sticky":false,"template":"","format":"standard","meta":{"footnotes":""},"categories":[6],"tags":[1270],"class_list":["post-27016","post","type-post","status-publish","format-standard","has-post-thumbnail","hentry","category-radio-y-tv","tag-netflix"],"_links":{"self":[{"href":"http:\/\/cronicasyversiones.com\/index.php?rest_route=\/wp\/v2\/posts\/27016","targetHints":{"allow":["GET"]}}],"collection":[{"href":"http:\/\/cronicasyversiones.com\/index.php?rest_route=\/wp\/v2\/posts"}],"about":[{"href":"http:\/\/cronicasyversiones.com\/index.php?rest_route=\/wp\/v2\/types\/post"}],"author":[{"embeddable":true,"href":"http:\/\/cronicasyversiones.com\/index.php?rest_route=\/wp\/v2\/users\/5"}],"replies":[{"embeddable":true,"href":"http:\/\/cronicasyversiones.com\/index.php?rest_route=%2Fwp%2Fv2%2Fcomments&post=27016"}],"version-history":[{"count":2,"href":"http:\/\/cronicasyversiones.com\/index.php?rest_route=\/wp\/v2\/posts\/27016\/revisions"}],"predecessor-version":[{"id":27055,"href":"http:\/\/cronicasyversiones.com\/index.php?rest_route=\/wp\/v2\/posts\/27016\/revisions\/27055"}],"wp:featuredmedia":[{"embeddable":true,"href":"http:\/\/cronicasyversiones.com\/index.php?rest_route=\/wp\/v2\/media\/27017"}],"wp:attachment":[{"href":"http:\/\/cronicasyversiones.com\/index.php?rest_route=%2Fwp%2Fv2%2Fmedia&parent=27016"}],"wp:term":[{"taxonomy":"category","embeddable":true,"href":"http:\/\/cronicasyversiones.com\/index.php?rest_route=%2Fwp%2Fv2%2Fcategories&post=27016"},{"taxonomy":"post_tag","embeddable":true,"href":"http:\/\/cronicasyversiones.com\/index.php?rest_route=%2Fwp%2Fv2%2Ftags&post=27016"}],"curies":[{"name":"wp","href":"https:\/\/api.w.org\/{rel}","templated":true}]}}