{"id":27042,"date":"2020-05-20T15:29:51","date_gmt":"2020-05-20T18:29:51","guid":{"rendered":"http:\/\/cronicasyversiones.com\/?p=27042"},"modified":"2020-05-21T09:38:23","modified_gmt":"2020-05-21T12:38:23","slug":"ya-no-mires-atras-el-disco-postumo-de-luis-alberto-spinetta-se-edito-en-vinilo","status":"publish","type":"post","link":"http:\/\/cronicasyversiones.com\/?p=27042","title":{"rendered":"\u201cYa no mires atr\u00e1s\u201d, el disco p\u00f3stumo de Luis Alberto Spinetta, se edit\u00f3 en vinilo"},"content":{"rendered":"<div style=\"padding-bottom:20px; padding-top:10px;\" class=\"hupso-share-buttons\"><!-- Hupso Share Buttons - https:\/\/www.hupso.com\/share\/ --><a class=\"hupso_counters\" href=\"https:\/\/www.hupso.com\/share\/\"><img decoding=\"async\" src=\"http:\/\/static.hupso.com\/share\/buttons\/lang\/es\/share-small.png\" style=\"border:0px; padding-top:2px; float:left;\" alt=\"Share Button\"\/><\/a><script type=\"text\/javascript\">var hupso_services_c=new Array(\"twitter\",\"facebook_like\",\"google\");var hupso_counters_lang = \"es_LA\";var hupso_image_folder_url = \"\";var hupso_twitter_via=\"crsyvrs\";var hupso_url_c=\"\";<\/script><script type=\"text\/javascript\" src=\"http:\/\/static.hupso.com\/share\/js\/counters.js\"><\/script><!-- Hupso Share Buttons --><\/div><h2>El \u00e1lbum, que estaba disponible en CD, tiene siete canciones que el Flaco grab\u00f3 entre 2008 y 2009 en la Diosa Salvaje, su estudio.<\/h2>\n<p><img loading=\"lazy\" decoding=\"async\" class=\"size-full wp-image-27043 aligncenter\" src=\"http:\/\/cronicasyversiones.com\/wp-content\/uploads\/2020\/05\/FLACO-SPINETTA.jpg\" alt=\"\" width=\"767\" height=\"464\" srcset=\"http:\/\/cronicasyversiones.com\/wp-content\/uploads\/2020\/05\/FLACO-SPINETTA.jpg 767w, http:\/\/cronicasyversiones.com\/wp-content\/uploads\/2020\/05\/FLACO-SPINETTA-300x181.jpg 300w\" sizes=\"auto, (max-width: 767px) 100vw, 767px\" \/><\/p>\n<p><em><strong>\u00abYa no mires atr\u00e1s\u00bb,<\/strong><\/em> segundo disco p\u00f3stumo de <strong>Luis Alberto Spinetta,<\/strong> lanzado el pasado 23 de enero, en la jornada en que el Flaco hubiera cumplido 70 a\u00f1os, est\u00e1 disponible en formato de vinilo.<\/p>\n<p>El \u00e1lbum es un registro de siete canciones que Spinetta grab\u00f3 en su estudio La Diosa Salvaje, entre 2008 y 2009, que su familia rescat\u00f3 para su edici\u00f3n p\u00f3stuma.<\/p>\n<p>En el disco participan el baterista <strong>Sergio Verdinelli<\/strong>, la bajista <strong>Nerina Nicotra,<\/strong>&nbsp; los tecladistas <strong>Claudio Cardone y Juan Carlos \u00abMono\u00bb Fontana<\/strong> y el multiinstrumentista <strong>Alejandro Franov.<\/strong><\/p>\n<p>Tambi\u00e9n participaron <strong>Dante y Valentino,<\/strong> dos de sus hijos, en un tema.<\/p>\n<p><em><strong>LEA TAMBI\u00c9N:<\/strong><\/em><\/p>\n<div class=\"video-container\">\n<blockquote class=\"wp-embedded-content\" data-secret=\"dJzSwc9FMJ\"><p><a href=\"https:\/\/cronicasyversiones.com\/?p=25724\">El primer disco de Almendra cumple 50 a\u00f1os<\/a><\/p><\/blockquote>\n<p><iframe loading=\"lazy\" class=\"wp-embedded-content\" sandbox=\"allow-scripts\" security=\"restricted\" style=\"position: absolute; clip: rect(1px, 1px, 1px, 1px);\" title=\"\u00abEl primer disco de Almendra cumple 50 a\u00f1os\u00bb \u2014    \" src=\"https:\/\/cronicasyversiones.com\/?p=25724&#038;embed=true#?secret=wWA2wWR3P8#?secret=dJzSwc9FMJ\" data-secret=\"dJzSwc9FMJ\" width=\"600\" height=\"338\" frameborder=\"0\" marginwidth=\"0\" marginheight=\"0\" scrolling=\"no\"><\/iframe><\/div>\n<p>La portada del disco fue dise\u00f1ada por Ale Ross y est\u00e1 trabajada de manera tal que produce la sensaci\u00f3n de movimiento desde los distintos \u00e1ngulos por donde se la mire.<\/p>\n<p><em><strong>\u00abYa no mires atr\u00e1s\u00bb<\/strong><\/em> fue el segundo disco p\u00f3stumo de Spinetta, debido a que en 2015 hab\u00eda salido <em><strong>\u00abLos amigo\u00bb,<\/strong><\/em> un registro junto al baterista Rodolfo Garc\u00eda y el bajista Dhani Ferr\u00f3n.<\/p>\n<div style=\"padding-bottom:20px; padding-top:10px;\" class=\"hupso-share-buttons\"><!-- Hupso Share Buttons - https:\/\/www.hupso.com\/share\/ --><a class=\"hupso_counters\" href=\"https:\/\/www.hupso.com\/share\/\"><img decoding=\"async\" src=\"http:\/\/static.hupso.com\/share\/buttons\/lang\/es\/share-small.png\" style=\"border:0px; padding-top:2px; float:left;\" alt=\"Share Button\"\/><\/a><script type=\"text\/javascript\">var hupso_services_c=new Array(\"twitter\",\"facebook_like\",\"google\");var hupso_counters_lang = \"es_LA\";var hupso_image_folder_url = \"\";var hupso_twitter_via=\"crsyvrs\";var hupso_url_c=\"\";<\/script><script type=\"text\/javascript\" src=\"http:\/\/static.hupso.com\/share\/js\/counters.js\"><\/script><!-- Hupso Share Buttons --><\/div> ","protected":false},"excerpt":{"rendered":"<div style=\"padding-bottom:20px; padding-top:10px;\" class=\"hupso-share-buttons\"><!-- Hupso Share Buttons - https:\/\/www.hupso.com\/share\/ --><a class=\"hupso_counters\" href=\"https:\/\/www.hupso.com\/share\/\"><img src=\"http:\/\/static.hupso.com\/share\/buttons\/lang\/es\/share-small.png\" style=\"border:0px; padding-top:2px; float:left;\" alt=\"Share Button\"\/><\/a><script type=\"text\/javascript\">var hupso_services_c=new Array(\"twitter\",\"facebook_like\",\"google\");var hupso_counters_lang = \"es_LA\";var hupso_image_folder_url = \"\";var hupso_twitter_via=\"crsyvrs\";var hupso_url_c=\"\";<\/script><script type=\"text\/javascript\" src=\"http:\/\/static.hupso.com\/share\/js\/counters.js\"><\/script><!-- Hupso Share Buttons --><\/div><p>El \u00e1lbum, que estaba disponible en CD, tiene siete canciones que el Flaco grab\u00f3 entre 2008 y 2009 en la Diosa Salvaje, su estudio. \u00abYa no mires atr\u00e1s\u00bb, segundo disco p\u00f3stumo de Luis Alberto Spinetta, lanzado el pasado 23&#46;&#46;&#46;<\/p>\n<div style=\"padding-bottom:20px; padding-top:10px;\" class=\"hupso-share-buttons\"><!-- Hupso Share Buttons - https:\/\/www.hupso.com\/share\/ --><a class=\"hupso_counters\" href=\"https:\/\/www.hupso.com\/share\/\"><img src=\"http:\/\/static.hupso.com\/share\/buttons\/lang\/es\/share-small.png\" style=\"border:0px; padding-top:2px; float:left;\" alt=\"Share Button\"\/><\/a><script type=\"text\/javascript\">var hupso_services_c=new Array(\"twitter\",\"facebook_like\",\"google\");var hupso_counters_lang = \"es_LA\";var hupso_image_folder_url = \"\";var hupso_twitter_via=\"crsyvrs\";var hupso_url_c=\"\";<\/script><script type=\"text\/javascript\" src=\"http:\/\/static.hupso.com\/share\/js\/counters.js\"><\/script><!-- Hupso Share Buttons --><\/div>","protected":false},"author":5,"featured_media":27043,"comment_status":"open","ping_status":"closed","sticky":false,"template":"","format":"standard","meta":{"footnotes":""},"categories":[3,3944],"tags":[47],"class_list":["post-27042","post","type-post","status-publish","format-standard","has-post-thumbnail","hentry","category-musica","category-spinettario","tag-luis-alberto-spinetta"],"_links":{"self":[{"href":"http:\/\/cronicasyversiones.com\/index.php?rest_route=\/wp\/v2\/posts\/27042","targetHints":{"allow":["GET"]}}],"collection":[{"href":"http:\/\/cronicasyversiones.com\/index.php?rest_route=\/wp\/v2\/posts"}],"about":[{"href":"http:\/\/cronicasyversiones.com\/index.php?rest_route=\/wp\/v2\/types\/post"}],"author":[{"embeddable":true,"href":"http:\/\/cronicasyversiones.com\/index.php?rest_route=\/wp\/v2\/users\/5"}],"replies":[{"embeddable":true,"href":"http:\/\/cronicasyversiones.com\/index.php?rest_route=%2Fwp%2Fv2%2Fcomments&post=27042"}],"version-history":[{"count":2,"href":"http:\/\/cronicasyversiones.com\/index.php?rest_route=\/wp\/v2\/posts\/27042\/revisions"}],"predecessor-version":[{"id":27051,"href":"http:\/\/cronicasyversiones.com\/index.php?rest_route=\/wp\/v2\/posts\/27042\/revisions\/27051"}],"wp:featuredmedia":[{"embeddable":true,"href":"http:\/\/cronicasyversiones.com\/index.php?rest_route=\/wp\/v2\/media\/27043"}],"wp:attachment":[{"href":"http:\/\/cronicasyversiones.com\/index.php?rest_route=%2Fwp%2Fv2%2Fmedia&parent=27042"}],"wp:term":[{"taxonomy":"category","embeddable":true,"href":"http:\/\/cronicasyversiones.com\/index.php?rest_route=%2Fwp%2Fv2%2Fcategories&post=27042"},{"taxonomy":"post_tag","embeddable":true,"href":"http:\/\/cronicasyversiones.com\/index.php?rest_route=%2Fwp%2Fv2%2Ftags&post=27042"}],"curies":[{"name":"wp","href":"https:\/\/api.w.org\/{rel}","templated":true}]}}