{"id":27253,"date":"2020-06-10T20:39:59","date_gmt":"2020-06-10T23:39:59","guid":{"rendered":"http:\/\/cronicasyversiones.com\/?p=27253"},"modified":"2020-06-10T20:40:01","modified_gmt":"2020-06-10T23:40:01","slug":"patricia-gomez-versiono-ya-no-mires-atras-de-luis-alberto-spinetta","status":"publish","type":"post","link":"http:\/\/cronicasyversiones.com\/?p=27253","title":{"rendered":"Patricia G\u00f3mez version\u00f3 \u201cYa no mires atr\u00e1s\u201d, de Luis Alberto Spinetta"},"content":{"rendered":"<div style=\"padding-bottom:20px; padding-top:10px;\" class=\"hupso-share-buttons\"><!-- Hupso Share Buttons - https:\/\/www.hupso.com\/share\/ --><a class=\"hupso_counters\" href=\"https:\/\/www.hupso.com\/share\/\"><img decoding=\"async\" src=\"http:\/\/static.hupso.com\/share\/buttons\/lang\/es\/share-small.png\" style=\"border:0px; padding-top:2px; float:left;\" alt=\"Share Button\"\/><\/a><script type=\"text\/javascript\">var hupso_services_c=new Array(\"twitter\",\"facebook_like\",\"google\");var hupso_counters_lang = \"es_LA\";var hupso_image_folder_url = \"\";var hupso_twitter_via=\"crsyvrs\";var hupso_url_c=\"\";<\/script><script type=\"text\/javascript\" src=\"http:\/\/static.hupso.com\/share\/js\/counters.js\"><\/script><!-- Hupso Share Buttons --><\/div><h2>La cantante santafesina grab\u00f3 este bello tema del \u201cFlaco\u201d, que fue incluido en su segundo disco p\u00f3stumo editado en 2020.<\/h2>\n<p><img loading=\"lazy\" decoding=\"async\" class=\" wp-image-27254 aligncenter\" src=\"http:\/\/cronicasyversiones.com\/wp-content\/uploads\/2020\/06\/patricia.jpg\" alt=\"\" width=\"749\" height=\"585\" srcset=\"http:\/\/cronicasyversiones.com\/wp-content\/uploads\/2020\/06\/patricia.jpg 864w, http:\/\/cronicasyversiones.com\/wp-content\/uploads\/2020\/06\/patricia-300x234.jpg 300w, http:\/\/cronicasyversiones.com\/wp-content\/uploads\/2020\/06\/patricia-768x600.jpg 768w\" sizes=\"auto, (max-width: 749px) 100vw, 749px\" \/><\/p>\n<p><strong>Patricia G\u00f3mez,<\/strong> una cantante santafesina quien lleva tres d\u00e9cadas de trayectoria en la m\u00fasica popular, grab\u00f3 una versi\u00f3n de <em><strong>\u00abYa no mires atr\u00e1s\u00bb<\/strong><\/em>, de <strong>Luis Alberto Spinetta,<\/strong>&nbsp; que dio nombre a su segundo disco p\u00f3stumo.<\/p>\n<p>Secundada por <strong>Marcelo Dellamea, Mario Gusso, German Kalbert, Patricio Hermosilla, Mateo Zanuttin y Mariano Pereson,<\/strong> la cantora presenta esta versi\u00f3n propia de un tema del \u201cFlaco\u201d &nbsp;publicado en enero de este a\u00f1o.<\/p>\n<div class=\"video-container\"><iframe loading=\"lazy\" title=\"Ya no mires atr\u00e1s (L.A.S) Gomez-Dellamea- Hermosilla-Kalber- Gusso Pereson- Zanuttin\" width=\"620\" height=\"349\" src=\"https:\/\/www.youtube.com\/embed\/5Td2yrBWG9s?feature=oembed\" frameborder=\"0\" allow=\"accelerometer; autoplay; clipboard-write; encrypted-media; gyroscope; picture-in-picture; web-share\" referrerpolicy=\"strict-origin-when-cross-origin\" allowfullscreen><\/iframe><\/div>\n<p>La versi\u00f3n de <em><strong>\u00abNo mires atr\u00e1s\u00bb<\/strong> <\/em>integra el s\u00e9ptimo \u00e1lbum de G\u00f3mez, titulado<em><strong> \u00abDe Raiz\u00bb<\/strong><\/em>, donde la int\u00e9rprete propone \u00abuna gran conexi\u00f3n entre peque\u00f1as y gigantes ra\u00edces que sostienen y reflejan el nacimiento de un \u00e1rbol, en permanente b\u00fasqueda por abrirse paso hacia lo infinito\u00bb, seg\u00fan apunt\u00f3 un comunicado de prensa.<\/p>\n<p>Se trata de un trabajo que G\u00f3mez viene adelantando con el lanzamiento de canciones como <em><strong>\u00abAmanece en Misiones\u00bb<\/strong> <\/em>(Ram\u00f3n Ayala), \u00abVuelvo\u00bb (Peres\u00f3n y G\u00f3mez) y \u00abRio y mar\u00bb (Gieco\/Gurevich).<\/p>\n<p>En el \u00e1lbum participaron Nadia Larcher, Milagros Caliva, Georgina Hassan y Mario Gusso, todas grabadas en Estudios ION, dirigidas por Eduardo Fisicaro, mezclados por Ariel Lavigna y dos de ellos postulados a los Premios Gardel 2020.<\/p>\n<div style=\"padding-bottom:20px; padding-top:10px;\" class=\"hupso-share-buttons\"><!-- Hupso Share Buttons - https:\/\/www.hupso.com\/share\/ --><a class=\"hupso_counters\" href=\"https:\/\/www.hupso.com\/share\/\"><img decoding=\"async\" src=\"http:\/\/static.hupso.com\/share\/buttons\/lang\/es\/share-small.png\" style=\"border:0px; padding-top:2px; float:left;\" alt=\"Share Button\"\/><\/a><script type=\"text\/javascript\">var hupso_services_c=new Array(\"twitter\",\"facebook_like\",\"google\");var hupso_counters_lang = \"es_LA\";var hupso_image_folder_url = \"\";var hupso_twitter_via=\"crsyvrs\";var hupso_url_c=\"\";<\/script><script type=\"text\/javascript\" src=\"http:\/\/static.hupso.com\/share\/js\/counters.js\"><\/script><!-- Hupso Share Buttons --><\/div> ","protected":false},"excerpt":{"rendered":"<div style=\"padding-bottom:20px; padding-top:10px;\" class=\"hupso-share-buttons\"><!-- Hupso Share Buttons - https:\/\/www.hupso.com\/share\/ --><a class=\"hupso_counters\" href=\"https:\/\/www.hupso.com\/share\/\"><img src=\"http:\/\/static.hupso.com\/share\/buttons\/lang\/es\/share-small.png\" style=\"border:0px; padding-top:2px; float:left;\" alt=\"Share Button\"\/><\/a><script type=\"text\/javascript\">var hupso_services_c=new Array(\"twitter\",\"facebook_like\",\"google\");var hupso_counters_lang = \"es_LA\";var hupso_image_folder_url = \"\";var hupso_twitter_via=\"crsyvrs\";var hupso_url_c=\"\";<\/script><script type=\"text\/javascript\" src=\"http:\/\/static.hupso.com\/share\/js\/counters.js\"><\/script><!-- Hupso Share Buttons --><\/div><p>La cantante santafesina grab\u00f3 este bello tema del \u201cFlaco\u201d, que fue incluido en su segundo disco p\u00f3stumo editado en 2020. Patricia G\u00f3mez, una cantante santafesina quien lleva tres d\u00e9cadas de trayectoria en la m\u00fasica popular, grab\u00f3 una versi\u00f3n de&#46;&#46;&#46;<\/p>\n<div style=\"padding-bottom:20px; padding-top:10px;\" class=\"hupso-share-buttons\"><!-- Hupso Share Buttons - https:\/\/www.hupso.com\/share\/ --><a class=\"hupso_counters\" href=\"https:\/\/www.hupso.com\/share\/\"><img src=\"http:\/\/static.hupso.com\/share\/buttons\/lang\/es\/share-small.png\" style=\"border:0px; padding-top:2px; float:left;\" alt=\"Share Button\"\/><\/a><script type=\"text\/javascript\">var hupso_services_c=new Array(\"twitter\",\"facebook_like\",\"google\");var hupso_counters_lang = \"es_LA\";var hupso_image_folder_url = \"\";var hupso_twitter_via=\"crsyvrs\";var hupso_url_c=\"\";<\/script><script type=\"text\/javascript\" src=\"http:\/\/static.hupso.com\/share\/js\/counters.js\"><\/script><!-- Hupso Share Buttons --><\/div>","protected":false},"author":5,"featured_media":27254,"comment_status":"open","ping_status":"closed","sticky":false,"template":"","format":"standard","meta":{"footnotes":""},"categories":[3,3944],"tags":[1136,47],"class_list":["post-27253","post","type-post","status-publish","format-standard","has-post-thumbnail","hentry","category-musica","category-spinettario","tag-folklore","tag-luis-alberto-spinetta"],"_links":{"self":[{"href":"http:\/\/cronicasyversiones.com\/index.php?rest_route=\/wp\/v2\/posts\/27253","targetHints":{"allow":["GET"]}}],"collection":[{"href":"http:\/\/cronicasyversiones.com\/index.php?rest_route=\/wp\/v2\/posts"}],"about":[{"href":"http:\/\/cronicasyversiones.com\/index.php?rest_route=\/wp\/v2\/types\/post"}],"author":[{"embeddable":true,"href":"http:\/\/cronicasyversiones.com\/index.php?rest_route=\/wp\/v2\/users\/5"}],"replies":[{"embeddable":true,"href":"http:\/\/cronicasyversiones.com\/index.php?rest_route=%2Fwp%2Fv2%2Fcomments&post=27253"}],"version-history":[{"count":2,"href":"http:\/\/cronicasyversiones.com\/index.php?rest_route=\/wp\/v2\/posts\/27253\/revisions"}],"predecessor-version":[{"id":27301,"href":"http:\/\/cronicasyversiones.com\/index.php?rest_route=\/wp\/v2\/posts\/27253\/revisions\/27301"}],"wp:featuredmedia":[{"embeddable":true,"href":"http:\/\/cronicasyversiones.com\/index.php?rest_route=\/wp\/v2\/media\/27254"}],"wp:attachment":[{"href":"http:\/\/cronicasyversiones.com\/index.php?rest_route=%2Fwp%2Fv2%2Fmedia&parent=27253"}],"wp:term":[{"taxonomy":"category","embeddable":true,"href":"http:\/\/cronicasyversiones.com\/index.php?rest_route=%2Fwp%2Fv2%2Fcategories&post=27253"},{"taxonomy":"post_tag","embeddable":true,"href":"http:\/\/cronicasyversiones.com\/index.php?rest_route=%2Fwp%2Fv2%2Ftags&post=27253"}],"curies":[{"name":"wp","href":"https:\/\/api.w.org\/{rel}","templated":true}]}}