{"id":27288,"date":"2020-06-11T14:22:56","date_gmt":"2020-06-11T17:22:56","guid":{"rendered":"http:\/\/cronicasyversiones.com\/?p=27288"},"modified":"2020-06-11T14:23:02","modified_gmt":"2020-06-11T17:23:02","slug":"la-peregrina-se-estrena-en-europa-europa","status":"publish","type":"post","link":"http:\/\/cronicasyversiones.com\/?p=27288","title":{"rendered":"\u201cLa Peregrina\u201d se estrena en Europa Europa"},"content":{"rendered":"<div style=\"padding-bottom:20px; padding-top:10px;\" class=\"hupso-share-buttons\"><!-- Hupso Share Buttons - https:\/\/www.hupso.com\/share\/ --><a class=\"hupso_counters\" href=\"https:\/\/www.hupso.com\/share\/\"><img decoding=\"async\" src=\"http:\/\/static.hupso.com\/share\/buttons\/lang\/es\/share-small.png\" style=\"border:0px; padding-top:2px; float:left;\" alt=\"Share Button\"\/><\/a><script type=\"text\/javascript\">var hupso_services_c=new Array(\"twitter\",\"facebook_like\",\"google\");var hupso_counters_lang = \"es_LA\";var hupso_image_folder_url = \"\";var hupso_twitter_via=\"crsyvrs\";var hupso_url_c=\"\";<\/script><script type=\"text\/javascript\" src=\"http:\/\/static.hupso.com\/share\/js\/counters.js\"><\/script><!-- Hupso Share Buttons --><\/div><h2>Se trata una miniserie de \u00e9poca basada en el libro de Iny Lorentz con una historia que tiene lugar en Alemania en 1368.<\/h2>\n<p><img loading=\"lazy\" decoding=\"async\" class=\" wp-image-27289 aligncenter\" src=\"http:\/\/cronicasyversiones.com\/wp-content\/uploads\/2020\/06\/pele.jpg\" alt=\"\" width=\"742\" height=\"419\" srcset=\"http:\/\/cronicasyversiones.com\/wp-content\/uploads\/2020\/06\/pele.jpg 708w, http:\/\/cronicasyversiones.com\/wp-content\/uploads\/2020\/06\/pele-300x169.jpg 300w\" sizes=\"auto, (max-width: 742px) 100vw, 742px\" \/><\/p>\n<p><em><strong>&nbsp;\u201cLa Peregrina\u201d,<\/strong><\/em> &nbsp;una miniserie de \u00e9poca basada en el libro de <strong>Iny Lorentz,<\/strong> el seud\u00f3nimo del matrimonio alem\u00e1n compuesto por <strong>Ingrid Klocke y Elmar Lorentz<\/strong>, se estrena en la pantalla de Europa Europa los lunes 15 y 22 de junio a las 22.<\/p>\n<p><strong>Tremmlingen, sur de Alemania, en el a\u00f1o 1368.<\/strong> La joven Tilla lleva una vida tranquila junto a su hermano y su padre, Eckhardt, un pr\u00f3spero mercader. Todo cambia cuando \u00e9ste muere y su hermano, Otfried, se niega a cumplir su \u00faltimo deseo de su progenitor: que su coraz\u00f3n sea enterrado en el suelo sagrado de <strong>Santiago de Compostela.<\/strong><\/p>\n<div class=\"video-container\"><iframe loading=\"lazy\" title=\"La Peregrina | Miniserie Estreno | Junio 2020 | Primera Parte\" width=\"620\" height=\"349\" src=\"https:\/\/www.youtube.com\/embed\/HtYFmdYTMnQ?feature=oembed\" frameborder=\"0\" allow=\"accelerometer; autoplay; clipboard-write; encrypted-media; gyroscope; picture-in-picture; web-share\" referrerpolicy=\"strict-origin-when-cross-origin\" allowfullscreen><\/iframe><\/div>\n<p>Es entonces cuando Tilla decide que ser\u00e1 ella quien lleve a cabo el peregrinaje hasta tierras espa\u00f1olas. Antes de su viaje, Tilla es obligada por su hermano a casarse con un mercader que muere durante su noche de bodas y la joven es acusada de asesinato.<\/p>\n<p>A partir de entonces comienza su aventura a trav\u00e9s de un peregrinaje a Compostela que es a la vez, una huida de los secuaces de su hermano, y una forma de redenci\u00f3n personal. <strong>Disfrazada de hombre, Tilla se une a un grupo de peregrinos.<\/strong><\/p>\n<p>Durante su viaje, la chica descubrir\u00e1 que es mucho m\u00e1s fuerte de los que ella pensaba, sortear\u00e1 innumerables peligros, se las ver\u00e1 con fan\u00e1ticos religiosos y peligrosos ladrones\u2026 y encontrar\u00e1 al amor de su vida.<\/p>\n<div style=\"padding-bottom:20px; padding-top:10px;\" class=\"hupso-share-buttons\"><!-- Hupso Share Buttons - https:\/\/www.hupso.com\/share\/ --><a class=\"hupso_counters\" href=\"https:\/\/www.hupso.com\/share\/\"><img decoding=\"async\" src=\"http:\/\/static.hupso.com\/share\/buttons\/lang\/es\/share-small.png\" style=\"border:0px; padding-top:2px; float:left;\" alt=\"Share Button\"\/><\/a><script type=\"text\/javascript\">var hupso_services_c=new Array(\"twitter\",\"facebook_like\",\"google\");var hupso_counters_lang = \"es_LA\";var hupso_image_folder_url = \"\";var hupso_twitter_via=\"crsyvrs\";var hupso_url_c=\"\";<\/script><script type=\"text\/javascript\" src=\"http:\/\/static.hupso.com\/share\/js\/counters.js\"><\/script><!-- Hupso Share Buttons --><\/div> ","protected":false},"excerpt":{"rendered":"<div style=\"padding-bottom:20px; padding-top:10px;\" class=\"hupso-share-buttons\"><!-- Hupso Share Buttons - https:\/\/www.hupso.com\/share\/ --><a class=\"hupso_counters\" href=\"https:\/\/www.hupso.com\/share\/\"><img src=\"http:\/\/static.hupso.com\/share\/buttons\/lang\/es\/share-small.png\" style=\"border:0px; padding-top:2px; float:left;\" alt=\"Share Button\"\/><\/a><script type=\"text\/javascript\">var hupso_services_c=new Array(\"twitter\",\"facebook_like\",\"google\");var hupso_counters_lang = \"es_LA\";var hupso_image_folder_url = \"\";var hupso_twitter_via=\"crsyvrs\";var hupso_url_c=\"\";<\/script><script type=\"text\/javascript\" src=\"http:\/\/static.hupso.com\/share\/js\/counters.js\"><\/script><!-- Hupso Share Buttons --><\/div><p>Se trata una miniserie de \u00e9poca basada en el libro de Iny Lorentz con una historia que tiene lugar en Alemania en 1368. &nbsp;\u201cLa Peregrina\u201d, &nbsp;una miniserie de \u00e9poca basada en el libro de Iny Lorentz, el seud\u00f3nimo del&#46;&#46;&#46;<\/p>\n<div style=\"padding-bottom:20px; padding-top:10px;\" class=\"hupso-share-buttons\"><!-- Hupso Share Buttons - https:\/\/www.hupso.com\/share\/ --><a class=\"hupso_counters\" href=\"https:\/\/www.hupso.com\/share\/\"><img src=\"http:\/\/static.hupso.com\/share\/buttons\/lang\/es\/share-small.png\" style=\"border:0px; padding-top:2px; float:left;\" alt=\"Share Button\"\/><\/a><script type=\"text\/javascript\">var hupso_services_c=new Array(\"twitter\",\"facebook_like\",\"google\");var hupso_counters_lang = \"es_LA\";var hupso_image_folder_url = \"\";var hupso_twitter_via=\"crsyvrs\";var hupso_url_c=\"\";<\/script><script type=\"text\/javascript\" src=\"http:\/\/static.hupso.com\/share\/js\/counters.js\"><\/script><!-- Hupso Share Buttons --><\/div>","protected":false},"author":5,"featured_media":27289,"comment_status":"closed","ping_status":"closed","sticky":false,"template":"","format":"standard","meta":{"footnotes":""},"categories":[6],"tags":[3602],"class_list":["post-27288","post","type-post","status-publish","format-standard","has-post-thumbnail","hentry","category-radio-y-tv","tag-europa-europa"],"_links":{"self":[{"href":"http:\/\/cronicasyversiones.com\/index.php?rest_route=\/wp\/v2\/posts\/27288","targetHints":{"allow":["GET"]}}],"collection":[{"href":"http:\/\/cronicasyversiones.com\/index.php?rest_route=\/wp\/v2\/posts"}],"about":[{"href":"http:\/\/cronicasyversiones.com\/index.php?rest_route=\/wp\/v2\/types\/post"}],"author":[{"embeddable":true,"href":"http:\/\/cronicasyversiones.com\/index.php?rest_route=\/wp\/v2\/users\/5"}],"replies":[{"embeddable":true,"href":"http:\/\/cronicasyversiones.com\/index.php?rest_route=%2Fwp%2Fv2%2Fcomments&post=27288"}],"version-history":[{"count":2,"href":"http:\/\/cronicasyversiones.com\/index.php?rest_route=\/wp\/v2\/posts\/27288\/revisions"}],"predecessor-version":[{"id":27302,"href":"http:\/\/cronicasyversiones.com\/index.php?rest_route=\/wp\/v2\/posts\/27288\/revisions\/27302"}],"wp:featuredmedia":[{"embeddable":true,"href":"http:\/\/cronicasyversiones.com\/index.php?rest_route=\/wp\/v2\/media\/27289"}],"wp:attachment":[{"href":"http:\/\/cronicasyversiones.com\/index.php?rest_route=%2Fwp%2Fv2%2Fmedia&parent=27288"}],"wp:term":[{"taxonomy":"category","embeddable":true,"href":"http:\/\/cronicasyversiones.com\/index.php?rest_route=%2Fwp%2Fv2%2Fcategories&post=27288"},{"taxonomy":"post_tag","embeddable":true,"href":"http:\/\/cronicasyversiones.com\/index.php?rest_route=%2Fwp%2Fv2%2Ftags&post=27288"}],"curies":[{"name":"wp","href":"https:\/\/api.w.org\/{rel}","templated":true}]}}