{"id":27430,"date":"2020-06-23T17:29:49","date_gmt":"2020-06-23T20:29:49","guid":{"rendered":"http:\/\/cronicasyversiones.com\/?p=27430"},"modified":"2020-06-23T17:29:49","modified_gmt":"2020-06-23T20:29:49","slug":"el-film-chileno-nadie-sabe-que-estoy-aqui-en-netflix","status":"publish","type":"post","link":"http:\/\/cronicasyversiones.com\/?p=27430","title":{"rendered":"El film chileno \u201cNadie sabe que estoy aqu\u00ed\u201d, en Netflix"},"content":{"rendered":"<div style=\"padding-bottom:20px; padding-top:10px;\" class=\"hupso-share-buttons\"><!-- Hupso Share Buttons - https:\/\/www.hupso.com\/share\/ --><a class=\"hupso_counters\" href=\"https:\/\/www.hupso.com\/share\/\"><img decoding=\"async\" src=\"http:\/\/static.hupso.com\/share\/buttons\/lang\/es\/share-small.png\" style=\"border:0px; padding-top:2px; float:left;\" alt=\"Share Button\"\/><\/a><script type=\"text\/javascript\">var hupso_services_c=new Array(\"twitter\",\"facebook_like\",\"google\");var hupso_counters_lang = \"es_LA\";var hupso_image_folder_url = \"\";var hupso_twitter_via=\"crsyvrs\";var hupso_url_c=\"\";<\/script><script type=\"text\/javascript\" src=\"http:\/\/static.hupso.com\/share\/js\/counters.js\"><\/script><!-- Hupso Share Buttons --><\/div><h2>La pel\u00edcula de Gaspar Antillo que cuenta una experiencia traum\u00e1tica de un cantante infantil que deja su carrera y se refugia en la soledad de una isla.<\/h2>\n<p><img loading=\"lazy\" decoding=\"async\" class=\"wp-image-27431 aligncenter\" src=\"http:\/\/cronicasyversiones.com\/wp-content\/uploads\/2020\/06\/Nadie-sabe-que-estoy-aqu\u00ed-1-1.jpg\" alt=\"\" width=\"761\" height=\"507\" srcset=\"http:\/\/cronicasyversiones.com\/wp-content\/uploads\/2020\/06\/Nadie-sabe-que-estoy-aqu\u00ed-1-1.jpg 900w, http:\/\/cronicasyversiones.com\/wp-content\/uploads\/2020\/06\/Nadie-sabe-que-estoy-aqu\u00ed-1-1-300x200.jpg 300w, http:\/\/cronicasyversiones.com\/wp-content\/uploads\/2020\/06\/Nadie-sabe-que-estoy-aqu\u00ed-1-1-768x512.jpg 768w, http:\/\/cronicasyversiones.com\/wp-content\/uploads\/2020\/06\/Nadie-sabe-que-estoy-aqu\u00ed-1-1-480x320.jpg 480w\" sizes=\"auto, (max-width: 761px) 100vw, 761px\" \/><\/p>\n<p><em><strong>\u201cNadie sabe que estoy aqu\u00ed\u201d,<\/strong><\/em> que cuenta una experiencia traum\u00e1tica de un cantante infantil que deja su carrera y se a\u00edsla de la sociedad, se suma al cat\u00e1logo de <strong>Netflix.<\/strong><\/p>\n<p>Esta pel\u00edcula chilena est\u00e1 dirigida por <strong>Gaspar Antillo<\/strong> y el elenco lo encabezan <strong>Jorge Garc\u00eda, Millaray Lobos y Luis Gnecco.<\/strong><\/p>\n<p>Completan el reparto Nelson Brodt, Juan Falc\u00f3n, Julio Fuentes, Alejandro Goic, Mar\u00eda Paz Grandjean, Solange Lackington, Gast\u00f3n Pauls, Eduardo Paxeco y Roberto Vander.<\/p>\n<div class=\"video-container\"><iframe loading=\"lazy\" title=\"Nadie sabe que estoy aqu\u00ed | Tr\u00e1iler oficial | Netflix\" width=\"620\" height=\"349\" src=\"https:\/\/www.youtube.com\/embed\/RByl3fv4Ztw?feature=oembed\" frameborder=\"0\" allow=\"accelerometer; autoplay; clipboard-write; encrypted-media; gyroscope; picture-in-picture; web-share\" referrerpolicy=\"strict-origin-when-cross-origin\" allowfullscreen><\/iframe><\/div>\n<p><strong>Memo Garrido fue una estrella infantil en la industria musical latina a principios de los \u201890<\/strong>. Tras algunos episodios traum\u00e1ticos y un tr\u00e1gico desenlace en aquella etapa, durante los \u00faltimos 15 a\u00f1os ha vivido recluido junto a su t\u00edo, en una remota isla en el sur de Chile sin apenas conexi\u00f3n con el exterior.<\/p>\n<p>Sin embargo, la aparici\u00f3n de Marta, una mujer que cambia su vida para siempre, hace que se enfrenta a los fantasmas de su pasado.<\/p>\n<div style=\"padding-bottom:20px; padding-top:10px;\" class=\"hupso-share-buttons\"><!-- Hupso Share Buttons - https:\/\/www.hupso.com\/share\/ --><a class=\"hupso_counters\" href=\"https:\/\/www.hupso.com\/share\/\"><img decoding=\"async\" src=\"http:\/\/static.hupso.com\/share\/buttons\/lang\/es\/share-small.png\" style=\"border:0px; padding-top:2px; float:left;\" alt=\"Share Button\"\/><\/a><script type=\"text\/javascript\">var hupso_services_c=new Array(\"twitter\",\"facebook_like\",\"google\");var hupso_counters_lang = \"es_LA\";var hupso_image_folder_url = \"\";var hupso_twitter_via=\"crsyvrs\";var hupso_url_c=\"\";<\/script><script type=\"text\/javascript\" src=\"http:\/\/static.hupso.com\/share\/js\/counters.js\"><\/script><!-- Hupso Share Buttons --><\/div> ","protected":false},"excerpt":{"rendered":"<div style=\"padding-bottom:20px; padding-top:10px;\" class=\"hupso-share-buttons\"><!-- Hupso Share Buttons - https:\/\/www.hupso.com\/share\/ --><a class=\"hupso_counters\" href=\"https:\/\/www.hupso.com\/share\/\"><img src=\"http:\/\/static.hupso.com\/share\/buttons\/lang\/es\/share-small.png\" style=\"border:0px; padding-top:2px; float:left;\" alt=\"Share Button\"\/><\/a><script type=\"text\/javascript\">var hupso_services_c=new Array(\"twitter\",\"facebook_like\",\"google\");var hupso_counters_lang = \"es_LA\";var hupso_image_folder_url = \"\";var hupso_twitter_via=\"crsyvrs\";var hupso_url_c=\"\";<\/script><script type=\"text\/javascript\" src=\"http:\/\/static.hupso.com\/share\/js\/counters.js\"><\/script><!-- Hupso Share Buttons --><\/div><p>La pel\u00edcula de Gaspar Antillo que cuenta una experiencia traum\u00e1tica de un cantante infantil que deja su carrera y se refugia en la soledad de una isla. \u201cNadie sabe que estoy aqu\u00ed\u201d, que cuenta una experiencia traum\u00e1tica de un&#46;&#46;&#46;<\/p>\n<div style=\"padding-bottom:20px; padding-top:10px;\" class=\"hupso-share-buttons\"><!-- Hupso Share Buttons - https:\/\/www.hupso.com\/share\/ --><a class=\"hupso_counters\" href=\"https:\/\/www.hupso.com\/share\/\"><img src=\"http:\/\/static.hupso.com\/share\/buttons\/lang\/es\/share-small.png\" style=\"border:0px; padding-top:2px; float:left;\" alt=\"Share Button\"\/><\/a><script type=\"text\/javascript\">var hupso_services_c=new Array(\"twitter\",\"facebook_like\",\"google\");var hupso_counters_lang = \"es_LA\";var hupso_image_folder_url = \"\";var hupso_twitter_via=\"crsyvrs\";var hupso_url_c=\"\";<\/script><script type=\"text\/javascript\" src=\"http:\/\/static.hupso.com\/share\/js\/counters.js\"><\/script><!-- Hupso Share Buttons --><\/div>","protected":false},"author":5,"featured_media":27431,"comment_status":"closed","ping_status":"closed","sticky":false,"template":"","format":"standard","meta":{"footnotes":""},"categories":[4,6],"tags":[1270],"class_list":["post-27430","post","type-post","status-publish","format-standard","has-post-thumbnail","hentry","category-cine","category-radio-y-tv","tag-netflix"],"_links":{"self":[{"href":"http:\/\/cronicasyversiones.com\/index.php?rest_route=\/wp\/v2\/posts\/27430","targetHints":{"allow":["GET"]}}],"collection":[{"href":"http:\/\/cronicasyversiones.com\/index.php?rest_route=\/wp\/v2\/posts"}],"about":[{"href":"http:\/\/cronicasyversiones.com\/index.php?rest_route=\/wp\/v2\/types\/post"}],"author":[{"embeddable":true,"href":"http:\/\/cronicasyversiones.com\/index.php?rest_route=\/wp\/v2\/users\/5"}],"replies":[{"embeddable":true,"href":"http:\/\/cronicasyversiones.com\/index.php?rest_route=%2Fwp%2Fv2%2Fcomments&post=27430"}],"version-history":[{"count":1,"href":"http:\/\/cronicasyversiones.com\/index.php?rest_route=\/wp\/v2\/posts\/27430\/revisions"}],"predecessor-version":[{"id":27432,"href":"http:\/\/cronicasyversiones.com\/index.php?rest_route=\/wp\/v2\/posts\/27430\/revisions\/27432"}],"wp:featuredmedia":[{"embeddable":true,"href":"http:\/\/cronicasyversiones.com\/index.php?rest_route=\/wp\/v2\/media\/27431"}],"wp:attachment":[{"href":"http:\/\/cronicasyversiones.com\/index.php?rest_route=%2Fwp%2Fv2%2Fmedia&parent=27430"}],"wp:term":[{"taxonomy":"category","embeddable":true,"href":"http:\/\/cronicasyversiones.com\/index.php?rest_route=%2Fwp%2Fv2%2Fcategories&post=27430"},{"taxonomy":"post_tag","embeddable":true,"href":"http:\/\/cronicasyversiones.com\/index.php?rest_route=%2Fwp%2Fv2%2Ftags&post=27430"}],"curies":[{"name":"wp","href":"https:\/\/api.w.org\/{rel}","templated":true}]}}