{"id":27489,"date":"2020-06-29T17:59:31","date_gmt":"2020-06-29T20:59:31","guid":{"rendered":"http:\/\/cronicasyversiones.com\/?p=27489"},"modified":"2020-06-29T17:59:31","modified_gmt":"2020-06-29T20:59:31","slug":"el-teatro-nacional-cervantes-presenta-cyrano-de-mas-aca-via-streaming","status":"publish","type":"post","link":"http:\/\/cronicasyversiones.com\/?p=27489","title":{"rendered":"El Teatro Nacional Cervantes presenta \u00abCyrano de m\u00e1s ac\u00e1\u00bb v\u00eda streaming"},"content":{"rendered":"<div style=\"padding-bottom:20px; padding-top:10px;\" class=\"hupso-share-buttons\"><!-- Hupso Share Buttons - https:\/\/www.hupso.com\/share\/ --><a class=\"hupso_counters\" href=\"https:\/\/www.hupso.com\/share\/\"><img decoding=\"async\" src=\"http:\/\/static.hupso.com\/share\/buttons\/lang\/es\/share-small.png\" style=\"border:0px; padding-top:2px; float:left;\" alt=\"Share Button\"\/><\/a><script type=\"text\/javascript\">var hupso_services_c=new Array(\"twitter\",\"facebook_like\",\"google\");var hupso_counters_lang = \"es_LA\";var hupso_image_folder_url = \"\";var hupso_twitter_via=\"crsyvrs\";var hupso_url_c=\"\";<\/script><script type=\"text\/javascript\" src=\"http:\/\/static.hupso.com\/share\/js\/counters.js\"><\/script><!-- Hupso Share Buttons --><\/div><h2>Con dramaturgia y direcci\u00f3n de Emiliano Dionisi y con direcci\u00f3n musical de Mart\u00edn Rodr\u00edguez, la obra se ver\u00e1 en el canal de YouTube de la sala.<\/h2>\n<p><img loading=\"lazy\" decoding=\"async\" class=\"wp-image-27490 aligncenter\" src=\"http:\/\/cronicasyversiones.com\/wp-content\/uploads\/2020\/06\/cyrano.jpg\" alt=\"\" width=\"766\" height=\"483\" srcset=\"http:\/\/cronicasyversiones.com\/wp-content\/uploads\/2020\/06\/cyrano.jpg 960w, http:\/\/cronicasyversiones.com\/wp-content\/uploads\/2020\/06\/cyrano-300x189.jpg 300w, http:\/\/cronicasyversiones.com\/wp-content\/uploads\/2020\/06\/cyrano-768x484.jpg 768w\" sizes=\"auto, (max-width: 766px) 100vw, 766px\" \/><\/p>\n<p>El <strong>Teatro Nacional Cervantes<\/strong> presentar\u00e1 a partir del mi\u00e9rcoles a las 20 y hasta el s\u00e1bado 11 de julio inclusive, la obra <em><strong>\u201cCyrano de m\u00e1s ac\u00e1\u201d,<\/strong><\/em> con subt\u00edtulos en espa\u00f1ol, desde su canal de<strong> YouTube Cervantes Online.<\/strong><\/p>\n<p>Con dramaturgia y direcci\u00f3n de <strong>Emiliano Dionisi<\/strong> y con direcci\u00f3n musical de <strong>Mart\u00edn Rodr\u00edguez<\/strong>, esta pieza se present\u00f3 en la sala Mar\u00eda Guerrero de la sala porte\u00f1a durante las temporadas 2017 y 2018.<\/p>\n<p>Este Cyrano propone una mec\u00e1nica expresiva que nos remite a la comedia del arte pero con una impronta m\u00e1s propia de una Argentina perdida en el tiempo, en v\u00ednculo con las representaciones teatrales rioplatenses del circo criollo.<\/p>\n<p>El montaje combina, a partir de estas tradiciones, los lenguajes del clown, el teatro f\u00edsico, el canto y la danza. Con m\u00fasica en vivo y una puesta que remite a las ferias de variedades y los \u201cfreak shows\u201d, la obra traza un acercamiento, un m\u00e1s ac\u00e1 entre el drama criollo y el drama heroico de Rostand.<\/p>\n<p><iframe loading=\"lazy\" src=\"https:\/\/www.youtube.com\/embed\/yfc13I3GnkQ\" width=\"600\" height=\"350\" frameborder=\"0\" allowfullscreen=\"allowfullscreen\"><span data-mce-type=\"bookmark\" style=\"display: inline-block; width: 0px; overflow: hidden; line-height: 0;\" class=\"mce_SELRES_start\">?<\/span><\/iframe><\/p>\n<p><strong>\u00abCyrano&#8230;\u00bb<\/strong> cuenta con un elenco integrado por <strong>Julia G\u00e1rriz, Roberto Peloni, Horacio San Yar y Talo Silveyra.<\/strong><\/p>\n<p>Forman parte de la puesta los m\u00fasicos Gianluca Bonfanti Mele, Mat\u00edas Sebasti\u00e1n Menarguez Ins\u00faa, Mart\u00edn Rodr\u00edguez y Juan Pablo Schapira.<\/p>\n<p>La propuesta incluye la presentaci\u00f3n del <em><strong>\u201cDetr\u00e1s de escena\u201d<\/strong><\/em> de la obra.<\/p>\n<div style=\"padding-bottom:20px; padding-top:10px;\" class=\"hupso-share-buttons\"><!-- Hupso Share Buttons - https:\/\/www.hupso.com\/share\/ --><a class=\"hupso_counters\" href=\"https:\/\/www.hupso.com\/share\/\"><img decoding=\"async\" src=\"http:\/\/static.hupso.com\/share\/buttons\/lang\/es\/share-small.png\" style=\"border:0px; padding-top:2px; float:left;\" alt=\"Share Button\"\/><\/a><script type=\"text\/javascript\">var hupso_services_c=new Array(\"twitter\",\"facebook_like\",\"google\");var hupso_counters_lang = \"es_LA\";var hupso_image_folder_url = \"\";var hupso_twitter_via=\"crsyvrs\";var hupso_url_c=\"\";<\/script><script type=\"text\/javascript\" src=\"http:\/\/static.hupso.com\/share\/js\/counters.js\"><\/script><!-- Hupso Share Buttons --><\/div> ","protected":false},"excerpt":{"rendered":"<div style=\"padding-bottom:20px; padding-top:10px;\" class=\"hupso-share-buttons\"><!-- Hupso Share Buttons - https:\/\/www.hupso.com\/share\/ --><a class=\"hupso_counters\" href=\"https:\/\/www.hupso.com\/share\/\"><img src=\"http:\/\/static.hupso.com\/share\/buttons\/lang\/es\/share-small.png\" style=\"border:0px; padding-top:2px; float:left;\" alt=\"Share Button\"\/><\/a><script type=\"text\/javascript\">var hupso_services_c=new Array(\"twitter\",\"facebook_like\",\"google\");var hupso_counters_lang = \"es_LA\";var hupso_image_folder_url = \"\";var hupso_twitter_via=\"crsyvrs\";var hupso_url_c=\"\";<\/script><script type=\"text\/javascript\" src=\"http:\/\/static.hupso.com\/share\/js\/counters.js\"><\/script><!-- Hupso Share Buttons --><\/div><p>Con dramaturgia y direcci\u00f3n de Emiliano Dionisi y con direcci\u00f3n musical de Mart\u00edn Rodr\u00edguez, la obra se ver\u00e1 en el canal de YouTube de la sala. El Teatro Nacional Cervantes presentar\u00e1 a partir del mi\u00e9rcoles a las 20 y&#46;&#46;&#46;<\/p>\n<div style=\"padding-bottom:20px; padding-top:10px;\" class=\"hupso-share-buttons\"><!-- Hupso Share Buttons - https:\/\/www.hupso.com\/share\/ --><a class=\"hupso_counters\" href=\"https:\/\/www.hupso.com\/share\/\"><img src=\"http:\/\/static.hupso.com\/share\/buttons\/lang\/es\/share-small.png\" style=\"border:0px; padding-top:2px; float:left;\" alt=\"Share Button\"\/><\/a><script type=\"text\/javascript\">var hupso_services_c=new Array(\"twitter\",\"facebook_like\",\"google\");var hupso_counters_lang = \"es_LA\";var hupso_image_folder_url = \"\";var hupso_twitter_via=\"crsyvrs\";var hupso_url_c=\"\";<\/script><script type=\"text\/javascript\" src=\"http:\/\/static.hupso.com\/share\/js\/counters.js\"><\/script><!-- Hupso Share Buttons --><\/div>","protected":false},"author":5,"featured_media":27490,"comment_status":"closed","ping_status":"closed","sticky":false,"template":"","format":"standard","meta":{"footnotes":""},"categories":[5],"tags":[8664,9649,2112,2591],"class_list":["post-27489","post","type-post","status-publish","format-standard","has-post-thumbnail","hentry","category-teatro","tag-emiliano-dionisi","tag-julia-garriz","tag-roberto-peloni","tag-teatro-nacional-cervantes"],"_links":{"self":[{"href":"http:\/\/cronicasyversiones.com\/index.php?rest_route=\/wp\/v2\/posts\/27489","targetHints":{"allow":["GET"]}}],"collection":[{"href":"http:\/\/cronicasyversiones.com\/index.php?rest_route=\/wp\/v2\/posts"}],"about":[{"href":"http:\/\/cronicasyversiones.com\/index.php?rest_route=\/wp\/v2\/types\/post"}],"author":[{"embeddable":true,"href":"http:\/\/cronicasyversiones.com\/index.php?rest_route=\/wp\/v2\/users\/5"}],"replies":[{"embeddable":true,"href":"http:\/\/cronicasyversiones.com\/index.php?rest_route=%2Fwp%2Fv2%2Fcomments&post=27489"}],"version-history":[{"count":1,"href":"http:\/\/cronicasyversiones.com\/index.php?rest_route=\/wp\/v2\/posts\/27489\/revisions"}],"predecessor-version":[{"id":27491,"href":"http:\/\/cronicasyversiones.com\/index.php?rest_route=\/wp\/v2\/posts\/27489\/revisions\/27491"}],"wp:featuredmedia":[{"embeddable":true,"href":"http:\/\/cronicasyversiones.com\/index.php?rest_route=\/wp\/v2\/media\/27490"}],"wp:attachment":[{"href":"http:\/\/cronicasyversiones.com\/index.php?rest_route=%2Fwp%2Fv2%2Fmedia&parent=27489"}],"wp:term":[{"taxonomy":"category","embeddable":true,"href":"http:\/\/cronicasyversiones.com\/index.php?rest_route=%2Fwp%2Fv2%2Fcategories&post=27489"},{"taxonomy":"post_tag","embeddable":true,"href":"http:\/\/cronicasyversiones.com\/index.php?rest_route=%2Fwp%2Fv2%2Ftags&post=27489"}],"curies":[{"name":"wp","href":"https:\/\/api.w.org\/{rel}","templated":true}]}}