{"id":27499,"date":"2020-06-30T15:52:38","date_gmt":"2020-06-30T18:52:38","guid":{"rendered":"http:\/\/cronicasyversiones.com\/?p=27499"},"modified":"2020-06-30T15:52:38","modified_gmt":"2020-06-30T18:52:38","slug":"patricia-suarez-comienza-una-nueva-edicion-de-sus-cursos-online","status":"publish","type":"post","link":"http:\/\/cronicasyversiones.com\/?p=27499","title":{"rendered":"Patricia Su\u00e1rez  comienza una nueva edici\u00f3n de sus cursos online"},"content":{"rendered":"<div style=\"padding-bottom:20px; padding-top:10px;\" class=\"hupso-share-buttons\"><!-- Hupso Share Buttons - https:\/\/www.hupso.com\/share\/ --><a class=\"hupso_counters\" href=\"https:\/\/www.hupso.com\/share\/\"><img decoding=\"async\" src=\"http:\/\/static.hupso.com\/share\/buttons\/lang\/es\/share-small.png\" style=\"border:0px; padding-top:2px; float:left;\" alt=\"Share Button\"\/><\/a><script type=\"text\/javascript\">var hupso_services_c=new Array(\"twitter\",\"facebook_like\",\"google\");var hupso_counters_lang = \"es_LA\";var hupso_image_folder_url = \"\";var hupso_twitter_via=\"crsyvrs\";var hupso_url_c=\"\";<\/script><script type=\"text\/javascript\" src=\"http:\/\/static.hupso.com\/share\/js\/counters.js\"><\/script><!-- Hupso Share Buttons --><\/div><h2>La escritora y dramaturga ofrece sus autoclases con distintas propuestas, donde no se necesita experiencia previa.<\/h2>\n<p><img loading=\"lazy\" decoding=\"async\" class=\" wp-image-27500\" src=\"http:\/\/cronicasyversiones.com\/wp-content\/uploads\/2020\/06\/patricia-1-1024x768.jpg\" alt=\"\" width=\"753\" height=\"565\" srcset=\"http:\/\/cronicasyversiones.com\/wp-content\/uploads\/2020\/06\/patricia-1-1024x768.jpg 1024w, http:\/\/cronicasyversiones.com\/wp-content\/uploads\/2020\/06\/patricia-1-300x225.jpg 300w, http:\/\/cronicasyversiones.com\/wp-content\/uploads\/2020\/06\/patricia-1-768x576.jpg 768w, http:\/\/cronicasyversiones.com\/wp-content\/uploads\/2020\/06\/patricia-1-640x480.jpg 640w, http:\/\/cronicasyversiones.com\/wp-content\/uploads\/2020\/06\/patricia-1.jpg 1400w\" sizes=\"auto, (max-width: 753px) 100vw, 753px\" \/><\/p>\n<p>La escritora y dramaturga <strong>Patricia Su\u00e1rez<\/strong> trae nuevas propuestas en d\u00edas de pandemia con creatividad a partir de julio.<\/p>\n<p>Es la cuarta edici\u00f3n de sus cursos online en audioclases, en esta oportunidad ofrece <em><strong>\u00abEl misterio en Agatha Christie\u00bb, \u00abT\u00e9 para dos, dramaturgia para dos personajes\u00bb y \u00abTu historia de amor en cuarentena\u00bb.<\/strong><\/em><\/p>\n<p>No se necesita experiencia previa. Para m\u00e1s informaci\u00f3n, escribir a <em>cazadoraoculta@gmail.com.<\/em> Tambi\u00e9n seguir\u00e1 ofreciendo vivos y sorteos en Instagram de forma gratuita para sus seguidores.<\/p>\n<p>En 2019 fue la autora m\u00e1s representada con m\u00e1s de 19 obras en cartel\u00a0 seg\u00fan la plataforma porte\u00f1a Alternativa teatral.<\/p>\n<p>Las obras teatrales de la autora rosarina llegaron a los escenarios de Washington y Nueva York en reiteradas oportunidades. Adem\u00e1s de su aporte a la literatura infantil y a la escritura de manuales escolares.<\/p>\n<p>Actualmente es colaboradora del diario Clar\u00edn y suele publicar cuentos en las revistas Billiken y Genios.<\/p>\n<p><em><strong>LEA TAMBI\u00c9N:\u00a0<\/strong><\/em><\/p>\n<div class=\"video-container\">\n<blockquote class=\"wp-embedded-content\" data-secret=\"t8skIpBueM\"><p><a href=\"http:\/\/cronicasyversiones.com\/?p=27489\">El Teatro Nacional Cervantes presenta \u00abCyrano de m\u00e1s ac\u00e1\u00bb v\u00eda streaming<\/a><\/p><\/blockquote>\n<p><iframe loading=\"lazy\" class=\"wp-embedded-content\" sandbox=\"allow-scripts\" security=\"restricted\" style=\"position: absolute; clip: rect(1px, 1px, 1px, 1px);\" title=\"\u00abEl Teatro Nacional Cervantes presenta \u00abCyrano de m\u00e1s ac\u00e1\u00bb v\u00eda streaming\u00bb \u2014    \" src=\"http:\/\/cronicasyversiones.com\/?p=27489&#038;embed=true#?secret=zQQ7RT4qHY#?secret=t8skIpBueM\" data-secret=\"t8skIpBueM\" width=\"600\" height=\"338\" frameborder=\"0\" marginwidth=\"0\" marginheight=\"0\" scrolling=\"no\"><\/iframe><\/div>\n<p>Recibi\u00f3 el Primer Premios Cosecha E\u00d1E, otorgado por la revista hom\u00f3nima, en el 2011 recibi\u00f3 el Premio San Luis Libro, en 2012 el Premio Relatos Cortes de C\u00e1diz, otorgado por la Ciudad de C\u00e1diz, Espa\u00f1a; adem\u00e1s fue distinguida con el Premio Scrtittura de la Differenza en Italia y el premio por obras in\u00e9ditas del INT.<\/p>\n<p>Adem\u00e1s, eecibi\u00f3 tres Premios Estrella de Mar como autora nacional de obras, el Premio Monte Avila y el Altazor. Tambi\u00e9n nominada en reiteradas oportunidades por los premios ACE.<\/p>\n<div style=\"padding-bottom:20px; padding-top:10px;\" class=\"hupso-share-buttons\"><!-- Hupso Share Buttons - https:\/\/www.hupso.com\/share\/ --><a class=\"hupso_counters\" href=\"https:\/\/www.hupso.com\/share\/\"><img decoding=\"async\" src=\"http:\/\/static.hupso.com\/share\/buttons\/lang\/es\/share-small.png\" style=\"border:0px; padding-top:2px; float:left;\" alt=\"Share Button\"\/><\/a><script type=\"text\/javascript\">var hupso_services_c=new Array(\"twitter\",\"facebook_like\",\"google\");var hupso_counters_lang = \"es_LA\";var hupso_image_folder_url = \"\";var hupso_twitter_via=\"crsyvrs\";var hupso_url_c=\"\";<\/script><script type=\"text\/javascript\" src=\"http:\/\/static.hupso.com\/share\/js\/counters.js\"><\/script><!-- Hupso Share Buttons --><\/div> ","protected":false},"excerpt":{"rendered":"<div style=\"padding-bottom:20px; padding-top:10px;\" class=\"hupso-share-buttons\"><!-- Hupso Share Buttons - https:\/\/www.hupso.com\/share\/ --><a class=\"hupso_counters\" href=\"https:\/\/www.hupso.com\/share\/\"><img src=\"http:\/\/static.hupso.com\/share\/buttons\/lang\/es\/share-small.png\" style=\"border:0px; padding-top:2px; float:left;\" alt=\"Share Button\"\/><\/a><script type=\"text\/javascript\">var hupso_services_c=new Array(\"twitter\",\"facebook_like\",\"google\");var hupso_counters_lang = \"es_LA\";var hupso_image_folder_url = \"\";var hupso_twitter_via=\"crsyvrs\";var hupso_url_c=\"\";<\/script><script type=\"text\/javascript\" src=\"http:\/\/static.hupso.com\/share\/js\/counters.js\"><\/script><!-- Hupso Share Buttons --><\/div><p>La escritora y dramaturga ofrece sus autoclases con distintas propuestas, donde no se necesita experiencia previa. La escritora y dramaturga Patricia Su\u00e1rez trae nuevas propuestas en d\u00edas de pandemia con creatividad a partir de julio. Es la cuarta edici\u00f3n&#46;&#46;&#46;<\/p>\n<div style=\"padding-bottom:20px; padding-top:10px;\" class=\"hupso-share-buttons\"><!-- Hupso Share Buttons - https:\/\/www.hupso.com\/share\/ --><a class=\"hupso_counters\" href=\"https:\/\/www.hupso.com\/share\/\"><img src=\"http:\/\/static.hupso.com\/share\/buttons\/lang\/es\/share-small.png\" style=\"border:0px; padding-top:2px; float:left;\" alt=\"Share Button\"\/><\/a><script type=\"text\/javascript\">var hupso_services_c=new Array(\"twitter\",\"facebook_like\",\"google\");var hupso_counters_lang = \"es_LA\";var hupso_image_folder_url = \"\";var hupso_twitter_via=\"crsyvrs\";var hupso_url_c=\"\";<\/script><script type=\"text\/javascript\" src=\"http:\/\/static.hupso.com\/share\/js\/counters.js\"><\/script><!-- Hupso Share Buttons --><\/div>","protected":false},"author":5,"featured_media":27500,"comment_status":"closed","ping_status":"closed","sticky":false,"template":"","format":"standard","meta":{"footnotes":""},"categories":[5],"tags":[3409],"class_list":["post-27499","post","type-post","status-publish","format-standard","has-post-thumbnail","hentry","category-teatro","tag-patricia-suarez"],"_links":{"self":[{"href":"http:\/\/cronicasyversiones.com\/index.php?rest_route=\/wp\/v2\/posts\/27499","targetHints":{"allow":["GET"]}}],"collection":[{"href":"http:\/\/cronicasyversiones.com\/index.php?rest_route=\/wp\/v2\/posts"}],"about":[{"href":"http:\/\/cronicasyversiones.com\/index.php?rest_route=\/wp\/v2\/types\/post"}],"author":[{"embeddable":true,"href":"http:\/\/cronicasyversiones.com\/index.php?rest_route=\/wp\/v2\/users\/5"}],"replies":[{"embeddable":true,"href":"http:\/\/cronicasyversiones.com\/index.php?rest_route=%2Fwp%2Fv2%2Fcomments&post=27499"}],"version-history":[{"count":1,"href":"http:\/\/cronicasyversiones.com\/index.php?rest_route=\/wp\/v2\/posts\/27499\/revisions"}],"predecessor-version":[{"id":27501,"href":"http:\/\/cronicasyversiones.com\/index.php?rest_route=\/wp\/v2\/posts\/27499\/revisions\/27501"}],"wp:featuredmedia":[{"embeddable":true,"href":"http:\/\/cronicasyversiones.com\/index.php?rest_route=\/wp\/v2\/media\/27500"}],"wp:attachment":[{"href":"http:\/\/cronicasyversiones.com\/index.php?rest_route=%2Fwp%2Fv2%2Fmedia&parent=27499"}],"wp:term":[{"taxonomy":"category","embeddable":true,"href":"http:\/\/cronicasyversiones.com\/index.php?rest_route=%2Fwp%2Fv2%2Fcategories&post=27499"},{"taxonomy":"post_tag","embeddable":true,"href":"http:\/\/cronicasyversiones.com\/index.php?rest_route=%2Fwp%2Fv2%2Ftags&post=27499"}],"curies":[{"name":"wp","href":"https:\/\/api.w.org\/{rel}","templated":true}]}}