{"id":27509,"date":"2020-06-30T18:14:04","date_gmt":"2020-06-30T21:14:04","guid":{"rendered":"http:\/\/cronicasyversiones.com\/?p=27509"},"modified":"2020-06-30T18:14:04","modified_gmt":"2020-06-30T21:14:04","slug":"azul-el-mar-la-opera-prima-de-sabrina-moreno-se-estrena-en-cinear","status":"publish","type":"post","link":"http:\/\/cronicasyversiones.com\/?p=27509","title":{"rendered":"\u201cAzul el mar\u201d, la \u00f3pera prima de Sabrina Moreno, se estrena en CineAr"},"content":{"rendered":"<div style=\"padding-bottom:20px; padding-top:10px;\" class=\"hupso-share-buttons\"><!-- Hupso Share Buttons - https:\/\/www.hupso.com\/share\/ --><a class=\"hupso_counters\" href=\"https:\/\/www.hupso.com\/share\/\"><img decoding=\"async\" src=\"http:\/\/static.hupso.com\/share\/buttons\/lang\/es\/share-small.png\" style=\"border:0px; padding-top:2px; float:left;\" alt=\"Share Button\"\/><\/a><script type=\"text\/javascript\">var hupso_services_c=new Array(\"twitter\",\"facebook_like\",\"google\");var hupso_counters_lang = \"es_LA\";var hupso_image_folder_url = \"\";var hupso_twitter_via=\"crsyvrs\";var hupso_url_c=\"\";<\/script><script type=\"text\/javascript\" src=\"http:\/\/static.hupso.com\/share\/js\/counters.js\"><\/script><!-- Hupso Share Buttons --><\/div><h2>El film de la debutante realizadora narra la angustia que oprime a una mujer al atravesar una crisis matrimonial.<\/h2>\n<p><img loading=\"lazy\" decoding=\"async\" class=\"wp-image-27510 aligncenter\" src=\"http:\/\/cronicasyversiones.com\/wp-content\/uploads\/2020\/06\/azul-el-mar-1024x683.jpg\" alt=\"\" width=\"756\" height=\"504\" srcset=\"http:\/\/cronicasyversiones.com\/wp-content\/uploads\/2020\/06\/azul-el-mar-1024x683.jpg 1024w, http:\/\/cronicasyversiones.com\/wp-content\/uploads\/2020\/06\/azul-el-mar-300x200.jpg 300w, http:\/\/cronicasyversiones.com\/wp-content\/uploads\/2020\/06\/azul-el-mar-768x512.jpg 768w, http:\/\/cronicasyversiones.com\/wp-content\/uploads\/2020\/06\/azul-el-mar-480x320.jpg 480w, http:\/\/cronicasyversiones.com\/wp-content\/uploads\/2020\/06\/azul-el-mar.jpg 1200w\" sizes=\"auto, (max-width: 756px) 100vw, 756px\" \/><\/p>\n<p><em><strong>\u201cAzul el mar\u201d<\/strong><\/em>, la \u00f3pera prima de <strong>Sabrina Moreno<\/strong>, que narra la angustia que oprime a una mujer al atravesar una crisis matrimonial, se estrena a trav\u00e9s de <strong>Cine.Ar.<\/strong><\/p>\n<p>Se ver\u00e1 el jueves a las 20, por Cine.ar TV y desde el viernes por Cine.ar Play, durante una semana gratis.<\/p>\n<p>El film cuenta con las actuaciones de <strong>Umbra Colombo, Beto Bermuez, Martina Depascual Fern\u00e1ndez, Nehu\u00e9n Fritz, Margarita Garelik, Juan Cruz Sol\u00eds, Fabio Herrera y Nancy Sambataro<\/strong><\/p>\n<p><em><strong>\u201c\u00bfPor qu\u00e9 es azul el mar?\u201d,<\/strong><\/em> le pregunta una ni\u00f1a a su padre en un d\u00eda de verano en que el sol raja la tierra. Los grandes interrogantes de la vida nacen y se responden en un solo lugar: en Mar del Plata, destino de la aventura familiar desde tiempos inmemoriales.<\/p>\n<p>El perfume a pelo mojado, a la arena pegada en la espalda, al protector solar sobre la piel cuando se fusiona con la sal del agua nos trasladan a unas vacaciones en la costa entre carpas y \u00e1rcades.<\/p>\n<p><iframe loading=\"lazy\" src=\"https:\/\/www.youtube.com\/embed\/oS8G4lbusdc\" width=\"600\" height=\"350\" frameborder=\"0\" allowfullscreen=\"allowfullscreen\"><span data-mce-type=\"bookmark\" style=\"display: inline-block; width: 0px; overflow: hidden; line-height: 0;\" class=\"mce_SELRES_start\">?<\/span><\/iframe><\/p>\n<p>La \u00f3pera prima de<strong> Sabrina Moreno<\/strong> narra la angustia que oprime a una mujer al atravesar una crisis matrimonial tan honda que apenas puede hablar al respecto, mientras a\u00f1ora un tiempo pasado en que sus hijos eran peque\u00f1os, y la pasi\u00f3n con su marido la hac\u00eda sentir viva.<\/p>\n<p>La pel\u00edcula refleja emociones indescifrables a trav\u00e9s de la atm\u00f3sfera sensorial que solo puede brindar el cine.<\/p>\n<p><strong>Sabrina Moreno es guionista, directora, montajista y productora en Jaune Producciones.<\/strong> Egresada de la Universidad Nacional de C\u00f3rdoba, se form\u00f3 en la Media Business School de Espa\u00f1a y en la EICTV de Cuba. Particip\u00f3 en el Berlinale Talent Campus.<\/p>\n<div style=\"padding-bottom:20px; padding-top:10px;\" class=\"hupso-share-buttons\"><!-- Hupso Share Buttons - https:\/\/www.hupso.com\/share\/ --><a class=\"hupso_counters\" href=\"https:\/\/www.hupso.com\/share\/\"><img decoding=\"async\" src=\"http:\/\/static.hupso.com\/share\/buttons\/lang\/es\/share-small.png\" style=\"border:0px; padding-top:2px; float:left;\" alt=\"Share Button\"\/><\/a><script type=\"text\/javascript\">var hupso_services_c=new Array(\"twitter\",\"facebook_like\",\"google\");var hupso_counters_lang = \"es_LA\";var hupso_image_folder_url = \"\";var hupso_twitter_via=\"crsyvrs\";var hupso_url_c=\"\";<\/script><script type=\"text\/javascript\" src=\"http:\/\/static.hupso.com\/share\/js\/counters.js\"><\/script><!-- Hupso Share Buttons --><\/div> ","protected":false},"excerpt":{"rendered":"<div style=\"padding-bottom:20px; padding-top:10px;\" class=\"hupso-share-buttons\"><!-- Hupso Share Buttons - https:\/\/www.hupso.com\/share\/ --><a class=\"hupso_counters\" href=\"https:\/\/www.hupso.com\/share\/\"><img src=\"http:\/\/static.hupso.com\/share\/buttons\/lang\/es\/share-small.png\" style=\"border:0px; padding-top:2px; float:left;\" alt=\"Share Button\"\/><\/a><script type=\"text\/javascript\">var hupso_services_c=new Array(\"twitter\",\"facebook_like\",\"google\");var hupso_counters_lang = \"es_LA\";var hupso_image_folder_url = \"\";var hupso_twitter_via=\"crsyvrs\";var hupso_url_c=\"\";<\/script><script type=\"text\/javascript\" src=\"http:\/\/static.hupso.com\/share\/js\/counters.js\"><\/script><!-- Hupso Share Buttons --><\/div><p>El film de la debutante realizadora narra la angustia que oprime a una mujer al atravesar una crisis matrimonial. \u201cAzul el mar\u201d, la \u00f3pera prima de Sabrina Moreno, que narra la angustia que oprime a una mujer al atravesar&#46;&#46;&#46;<\/p>\n<div style=\"padding-bottom:20px; padding-top:10px;\" class=\"hupso-share-buttons\"><!-- Hupso Share Buttons - https:\/\/www.hupso.com\/share\/ --><a class=\"hupso_counters\" href=\"https:\/\/www.hupso.com\/share\/\"><img src=\"http:\/\/static.hupso.com\/share\/buttons\/lang\/es\/share-small.png\" style=\"border:0px; padding-top:2px; float:left;\" alt=\"Share Button\"\/><\/a><script type=\"text\/javascript\">var hupso_services_c=new Array(\"twitter\",\"facebook_like\",\"google\");var hupso_counters_lang = \"es_LA\";var hupso_image_folder_url = \"\";var hupso_twitter_via=\"crsyvrs\";var hupso_url_c=\"\";<\/script><script type=\"text\/javascript\" src=\"http:\/\/static.hupso.com\/share\/js\/counters.js\"><\/script><!-- Hupso Share Buttons --><\/div>","protected":false},"author":5,"featured_media":27510,"comment_status":"closed","ping_status":"closed","sticky":false,"template":"","format":"standard","meta":{"footnotes":""},"categories":[4,6],"tags":[9588],"class_list":["post-27509","post","type-post","status-publish","format-standard","has-post-thumbnail","hentry","category-cine","category-radio-y-tv","tag-cinear"],"_links":{"self":[{"href":"http:\/\/cronicasyversiones.com\/index.php?rest_route=\/wp\/v2\/posts\/27509","targetHints":{"allow":["GET"]}}],"collection":[{"href":"http:\/\/cronicasyversiones.com\/index.php?rest_route=\/wp\/v2\/posts"}],"about":[{"href":"http:\/\/cronicasyversiones.com\/index.php?rest_route=\/wp\/v2\/types\/post"}],"author":[{"embeddable":true,"href":"http:\/\/cronicasyversiones.com\/index.php?rest_route=\/wp\/v2\/users\/5"}],"replies":[{"embeddable":true,"href":"http:\/\/cronicasyversiones.com\/index.php?rest_route=%2Fwp%2Fv2%2Fcomments&post=27509"}],"version-history":[{"count":1,"href":"http:\/\/cronicasyversiones.com\/index.php?rest_route=\/wp\/v2\/posts\/27509\/revisions"}],"predecessor-version":[{"id":27511,"href":"http:\/\/cronicasyversiones.com\/index.php?rest_route=\/wp\/v2\/posts\/27509\/revisions\/27511"}],"wp:featuredmedia":[{"embeddable":true,"href":"http:\/\/cronicasyversiones.com\/index.php?rest_route=\/wp\/v2\/media\/27510"}],"wp:attachment":[{"href":"http:\/\/cronicasyversiones.com\/index.php?rest_route=%2Fwp%2Fv2%2Fmedia&parent=27509"}],"wp:term":[{"taxonomy":"category","embeddable":true,"href":"http:\/\/cronicasyversiones.com\/index.php?rest_route=%2Fwp%2Fv2%2Fcategories&post=27509"},{"taxonomy":"post_tag","embeddable":true,"href":"http:\/\/cronicasyversiones.com\/index.php?rest_route=%2Fwp%2Fv2%2Ftags&post=27509"}],"curies":[{"name":"wp","href":"https:\/\/api.w.org\/{rel}","templated":true}]}}