{"id":27725,"date":"2020-07-24T09:04:35","date_gmt":"2020-07-24T12:04:35","guid":{"rendered":"http:\/\/cronicasyversiones.com\/?p=27725"},"modified":"2020-07-24T09:04:42","modified_gmt":"2020-07-24T12:04:42","slug":"ofrenda-a-la-tormenta-el-fin-de-trilogia-del-baztan-en-netflix","status":"publish","type":"post","link":"http:\/\/cronicasyversiones.com\/?p=27725","title":{"rendered":"\u201cOfrenda a la tormenta\u201d, el fin de \u201cTrilog\u00eda del Bazt\u00e1n\u201d, en Netflix"},"content":{"rendered":"<div style=\"padding-bottom:20px; padding-top:10px;\" class=\"hupso-share-buttons\"><!-- Hupso Share Buttons - https:\/\/www.hupso.com\/share\/ --><a class=\"hupso_counters\" href=\"https:\/\/www.hupso.com\/share\/\"><img decoding=\"async\" src=\"http:\/\/static.hupso.com\/share\/buttons\/lang\/es\/share-small.png\" style=\"border:0px; padding-top:2px; float:left;\" alt=\"Share Button\"\/><\/a><script type=\"text\/javascript\">var hupso_services_c=new Array(\"twitter\",\"facebook_like\",\"google\");var hupso_counters_lang = \"es_LA\";var hupso_image_folder_url = \"\";var hupso_twitter_via=\"crsyvrs\";var hupso_url_c=\"\";<\/script><script type=\"text\/javascript\" src=\"http:\/\/static.hupso.com\/share\/js\/counters.js\"><\/script><!-- Hupso Share Buttons --><\/div><h2>En la pel\u00edcula de Fernando Gonz\u00e1lez Molina, una mujer investiga varias muertes infantiles extra\u00f1as y rituales dantescos.<\/h2>\n<p><img loading=\"lazy\" decoding=\"async\" class=\" wp-image-27726 aligncenter\" src=\"http:\/\/cronicasyversiones.com\/wp-content\/uploads\/2020\/07\/ofrenda.jpg\" alt=\"\" width=\"693\" height=\"432\" srcset=\"http:\/\/cronicasyversiones.com\/wp-content\/uploads\/2020\/07\/ofrenda.jpg 650w, http:\/\/cronicasyversiones.com\/wp-content\/uploads\/2020\/07\/ofrenda-300x187.jpg 300w\" sizes=\"auto, (max-width: 693px) 100vw, 693px\" \/><\/p>\n<p><em><strong>\u201cOfrenda a la tormenta\u201d,<\/strong><\/em> una mujer investiga varias muertes infantiles extra\u00f1as y rituales dantescos, mientras la gente que la rodea corre un gran peligro, est\u00e1 disponible en<strong> Netxlix.<\/strong><\/p>\n<p>Se trata de la tercera entrega de la <em><strong>\u201cTrilog\u00eda del Bazt\u00e1n\u201d<\/strong><\/em>, despu\u00e9s de las pel\u00edculas <em><strong>\u201cEl guardi\u00e1n invisible\u201d<\/strong><\/em> (2017) y <em><strong>\u201cLegado en los huesos\u201d<\/strong> <\/em>(2019), que pone punto y final a la adaptaci\u00f3n de los bestsellers de la escritora <strong>Dolores Redondo.<\/strong><\/p>\n<p>Con direcci\u00f3n de <strong>Fernando Gonz\u00e1lez Molina, <\/strong>el elenco lo completan Marta Etura, Susi S\u00e1nchez, Elvira M\u00ednguez, Leonardo Sbaraglia, Benn Northover, Paco Tous, Carlos Librado, Pedro Casablanc, \u00c1lvaro Cervantes, Ana Wagener, Imanol Arias, Marta Larralde, Alfredo Villa, Eduardo Rosa e I\u00f1igo de la Iglesia.<\/p>\n<p><iframe loading=\"lazy\" src=\"https:\/\/www.youtube.com\/embed\/_l78qIso3Xk\" width=\"600\" height=\"35015\" frameborder=\"0\" allowfullscreen=\"allowfullscreen\"><span data-mce-type=\"bookmark\" style=\"display: inline-block; width: 0px; overflow: hidden; line-height: 0;\" class=\"mce_SELRES_start\">?<\/span><\/iframe><\/p>\n<p>Regresa la inspectora Amaia Salazar (Marta Etura). A pesar de que tanto la Guardia Civil como el juez Markina (Leonardo Sbaraglia) han dado por cerrado el caso, Amaia siente que no est\u00e1 libre de peligro.<\/p>\n<p>La sospechosa muerte de una ni\u00f1a en Elizondo, y los an\u00e1lisis forenses del doctor San Mart\u00edn (Paco Tous), llevan a Amaia a investigar otras muertes de origen similar.<\/p>\n<p>Todo ello conducir\u00e1 a la inspectora a la resoluci\u00f3n final de los sucesos que han asolado el valle de Bazt\u00e1n.<\/p>\n<div style=\"padding-bottom:20px; padding-top:10px;\" class=\"hupso-share-buttons\"><!-- Hupso Share Buttons - https:\/\/www.hupso.com\/share\/ --><a class=\"hupso_counters\" href=\"https:\/\/www.hupso.com\/share\/\"><img decoding=\"async\" src=\"http:\/\/static.hupso.com\/share\/buttons\/lang\/es\/share-small.png\" style=\"border:0px; padding-top:2px; float:left;\" alt=\"Share Button\"\/><\/a><script type=\"text\/javascript\">var hupso_services_c=new Array(\"twitter\",\"facebook_like\",\"google\");var hupso_counters_lang = \"es_LA\";var hupso_image_folder_url = \"\";var hupso_twitter_via=\"crsyvrs\";var hupso_url_c=\"\";<\/script><script type=\"text\/javascript\" src=\"http:\/\/static.hupso.com\/share\/js\/counters.js\"><\/script><!-- Hupso Share Buttons --><\/div> ","protected":false},"excerpt":{"rendered":"<div style=\"padding-bottom:20px; padding-top:10px;\" class=\"hupso-share-buttons\"><!-- Hupso Share Buttons - https:\/\/www.hupso.com\/share\/ --><a class=\"hupso_counters\" href=\"https:\/\/www.hupso.com\/share\/\"><img src=\"http:\/\/static.hupso.com\/share\/buttons\/lang\/es\/share-small.png\" style=\"border:0px; padding-top:2px; float:left;\" alt=\"Share Button\"\/><\/a><script type=\"text\/javascript\">var hupso_services_c=new Array(\"twitter\",\"facebook_like\",\"google\");var hupso_counters_lang = \"es_LA\";var hupso_image_folder_url = \"\";var hupso_twitter_via=\"crsyvrs\";var hupso_url_c=\"\";<\/script><script type=\"text\/javascript\" src=\"http:\/\/static.hupso.com\/share\/js\/counters.js\"><\/script><!-- Hupso Share Buttons --><\/div><p>En la pel\u00edcula de Fernando Gonz\u00e1lez Molina, una mujer investiga varias muertes infantiles extra\u00f1as y rituales dantescos. \u201cOfrenda a la tormenta\u201d, una mujer investiga varias muertes infantiles extra\u00f1as y rituales dantescos, mientras la gente que la rodea corre un&#46;&#46;&#46;<\/p>\n<div style=\"padding-bottom:20px; padding-top:10px;\" class=\"hupso-share-buttons\"><!-- Hupso Share Buttons - https:\/\/www.hupso.com\/share\/ --><a class=\"hupso_counters\" href=\"https:\/\/www.hupso.com\/share\/\"><img src=\"http:\/\/static.hupso.com\/share\/buttons\/lang\/es\/share-small.png\" style=\"border:0px; padding-top:2px; float:left;\" alt=\"Share Button\"\/><\/a><script type=\"text\/javascript\">var hupso_services_c=new Array(\"twitter\",\"facebook_like\",\"google\");var hupso_counters_lang = \"es_LA\";var hupso_image_folder_url = \"\";var hupso_twitter_via=\"crsyvrs\";var hupso_url_c=\"\";<\/script><script type=\"text\/javascript\" src=\"http:\/\/static.hupso.com\/share\/js\/counters.js\"><\/script><!-- Hupso Share Buttons --><\/div>","protected":false},"author":5,"featured_media":27726,"comment_status":"closed","ping_status":"closed","sticky":false,"template":"","format":"standard","meta":{"footnotes":""},"categories":[4,6],"tags":[4949,2792,1270],"class_list":["post-27725","post","type-post","status-publish","format-standard","has-post-thumbnail","hentry","category-cine","category-radio-y-tv","tag-imanol-arias","tag-leonardo-sbaraglia","tag-netflix"],"_links":{"self":[{"href":"http:\/\/cronicasyversiones.com\/index.php?rest_route=\/wp\/v2\/posts\/27725","targetHints":{"allow":["GET"]}}],"collection":[{"href":"http:\/\/cronicasyversiones.com\/index.php?rest_route=\/wp\/v2\/posts"}],"about":[{"href":"http:\/\/cronicasyversiones.com\/index.php?rest_route=\/wp\/v2\/types\/post"}],"author":[{"embeddable":true,"href":"http:\/\/cronicasyversiones.com\/index.php?rest_route=\/wp\/v2\/users\/5"}],"replies":[{"embeddable":true,"href":"http:\/\/cronicasyversiones.com\/index.php?rest_route=%2Fwp%2Fv2%2Fcomments&post=27725"}],"version-history":[{"count":2,"href":"http:\/\/cronicasyversiones.com\/index.php?rest_route=\/wp\/v2\/posts\/27725\/revisions"}],"predecessor-version":[{"id":27742,"href":"http:\/\/cronicasyversiones.com\/index.php?rest_route=\/wp\/v2\/posts\/27725\/revisions\/27742"}],"wp:featuredmedia":[{"embeddable":true,"href":"http:\/\/cronicasyversiones.com\/index.php?rest_route=\/wp\/v2\/media\/27726"}],"wp:attachment":[{"href":"http:\/\/cronicasyversiones.com\/index.php?rest_route=%2Fwp%2Fv2%2Fmedia&parent=27725"}],"wp:term":[{"taxonomy":"category","embeddable":true,"href":"http:\/\/cronicasyversiones.com\/index.php?rest_route=%2Fwp%2Fv2%2Fcategories&post=27725"},{"taxonomy":"post_tag","embeddable":true,"href":"http:\/\/cronicasyversiones.com\/index.php?rest_route=%2Fwp%2Fv2%2Ftags&post=27725"}],"curies":[{"name":"wp","href":"https:\/\/api.w.org\/{rel}","templated":true}]}}