{"id":2787,"date":"2014-07-17T16:23:27","date_gmt":"2014-07-17T19:23:27","guid":{"rendered":"http:\/\/cronicasyversiones.com\/?p=2787"},"modified":"2014-09-10T10:33:30","modified_gmt":"2014-09-10T13:33:30","slug":"los-beatles-salen-a-escena-en-groupie","status":"publish","type":"post","link":"http:\/\/cronicasyversiones.com\/?p=2787","title":{"rendered":"Los Beatles salen a escena en \u00abGroupie\u00bb"},"content":{"rendered":"<div style=\"padding-bottom:20px; padding-top:10px;\" class=\"hupso-share-buttons\"><!-- Hupso Share Buttons - https:\/\/www.hupso.com\/share\/ --><a class=\"hupso_counters\" href=\"https:\/\/www.hupso.com\/share\/\"><img decoding=\"async\" src=\"http:\/\/static.hupso.com\/share\/buttons\/lang\/es\/share-small.png\" style=\"border:0px; padding-top:2px; float:left;\" alt=\"Share Button\"\/><\/a><script type=\"text\/javascript\">var hupso_services_c=new Array(\"twitter\",\"facebook_like\",\"google\");var hupso_counters_lang = \"es_LA\";var hupso_image_folder_url = \"\";var hupso_twitter_via=\"crsyvrs\";var hupso_url_c=\"\";<\/script><script type=\"text\/javascript\" src=\"http:\/\/static.hupso.com\/share\/js\/counters.js\"><\/script><!-- Hupso Share Buttons --><\/div><h2 style=\"text-align: justify;\">En esta obra, tres j\u00f3venes, en el a\u00f1o 1963 en alg\u00fan rinc\u00f3n del Conurbano bonaerense, se embarcan en una historia para alcanzar lo m\u00e1s grande que tienen en su vida, el amor por los Fab Four.<\/h2>\n<p style=\"text-align: justify;\"><a href=\"http:\/\/cronicasyversiones.com\/wp-content\/uploads\/2014\/07\/Gru.jpg\"><img loading=\"lazy\" decoding=\"async\" class=\"wp-image-2788 aligncenter\" src=\"http:\/\/cronicasyversiones.com\/wp-content\/uploads\/2014\/07\/Gru.jpg\" alt=\"Gru\" width=\"716\" height=\"403\" srcset=\"http:\/\/cronicasyversiones.com\/wp-content\/uploads\/2014\/07\/Gru.jpg 770w, http:\/\/cronicasyversiones.com\/wp-content\/uploads\/2014\/07\/Gru-300x168.jpg 300w, http:\/\/cronicasyversiones.com\/wp-content\/uploads\/2014\/07\/Gru-624x350.jpg 624w\" sizes=\"auto, (max-width: 716px) 100vw, 716px\" \/><\/a><br \/>\n<strong>Clara Alonso, Flor Lovaglio y Florencia Ortega<\/strong>, acompa\u00f1adas en escena por una banda musical en vivo, y con direcci\u00f3n de <strong>Vicky Carambat<\/strong>, integran el espect\u00e1culo<em><strong> \u00abGroupie\u00bb.<\/strong><\/em><\/p>\n<p style=\"text-align: justify;\">Sobre las tablas, se representa una Buenos Aires en el a\u00f1o 1963, donde, una <strong>explosi\u00f3n social y cultural se esparc\u00eda por el mundo<\/strong>, Los Beatles.<\/p>\n<p style=\"text-align: justify;\">Las acciones transcurren en un d\u00eda cualquiera en el <strong>Conurbano bonaerense,<\/strong> en la casa de la familia <strong>Donatti<\/strong>. All\u00ed, <strong>Luc\u00eda y Mecha<\/strong> prend\u00edan la radio para desear nunca apagarla; ellas junto a su vecina <strong>Sandra<\/strong> se embarcar\u00e1n en una historia sin l\u00edmites para lograr alcanzar lo m\u00e1s grande que tienen en su vida&#8230;el amor por la m\u00fasica los <strong>Fab Four.<\/strong><\/p>\n<p style=\"text-align: justify;\">Los m\u00fasicos que forman el grupo musical son <strong>Fernando Acedo<\/strong> y <strong>Enzo Iervasi<\/strong>, en voces y guitarras, <strong>Hern\u00e1n Bartucci<\/strong> en bajo y la bater\u00eda de <strong>Claudio D\u00edaz.<\/strong><\/p>\n<p style=\"text-align: justify;\"><strong>Clara Alonso,<\/strong> una de las integrantes del elenco, tiene una larga trayectoria en la pantalla chica y fue protagonista varios programas como <em><strong>\u201cVioletta\u201d, \u201cHigh School Musical y Zapping Zone.<\/strong><\/em><\/p>\n<p style=\"text-align: justify;\"><em><strong>\u00abGroupie\u00bb<\/strong> <\/em>puede verse los mi\u00e9rcoles en <strong>The Cavern del Paseo La Plaza<\/strong>, Corrientes 1660, a las 22.30<\/p>\n<div style=\"padding-bottom:20px; padding-top:10px;\" class=\"hupso-share-buttons\"><!-- Hupso Share Buttons - https:\/\/www.hupso.com\/share\/ --><a class=\"hupso_counters\" href=\"https:\/\/www.hupso.com\/share\/\"><img decoding=\"async\" src=\"http:\/\/static.hupso.com\/share\/buttons\/lang\/es\/share-small.png\" style=\"border:0px; padding-top:2px; float:left;\" alt=\"Share Button\"\/><\/a><script type=\"text\/javascript\">var hupso_services_c=new Array(\"twitter\",\"facebook_like\",\"google\");var hupso_counters_lang = \"es_LA\";var hupso_image_folder_url = \"\";var hupso_twitter_via=\"crsyvrs\";var hupso_url_c=\"\";<\/script><script type=\"text\/javascript\" src=\"http:\/\/static.hupso.com\/share\/js\/counters.js\"><\/script><!-- Hupso Share Buttons --><\/div> ","protected":false},"excerpt":{"rendered":"<div style=\"padding-bottom:20px; padding-top:10px;\" class=\"hupso-share-buttons\"><!-- Hupso Share Buttons - https:\/\/www.hupso.com\/share\/ --><a class=\"hupso_counters\" href=\"https:\/\/www.hupso.com\/share\/\"><img src=\"http:\/\/static.hupso.com\/share\/buttons\/lang\/es\/share-small.png\" style=\"border:0px; padding-top:2px; float:left;\" alt=\"Share Button\"\/><\/a><script type=\"text\/javascript\">var hupso_services_c=new Array(\"twitter\",\"facebook_like\",\"google\");var hupso_counters_lang = \"es_LA\";var hupso_image_folder_url = \"\";var hupso_twitter_via=\"crsyvrs\";var hupso_url_c=\"\";<\/script><script type=\"text\/javascript\" src=\"http:\/\/static.hupso.com\/share\/js\/counters.js\"><\/script><!-- Hupso Share Buttons --><\/div><p>En esta obra, tres j\u00f3venes, en el a\u00f1o 1963 en alg\u00fan rinc\u00f3n del Conurbano bonaerense, se embarcan en una historia para alcanzar lo m\u00e1s grande que tienen en su vida, el amor por los Fab Four. Clara Alonso, Flor&#46;&#46;&#46;<\/p>\n<div style=\"padding-bottom:20px; padding-top:10px;\" class=\"hupso-share-buttons\"><!-- Hupso Share Buttons - https:\/\/www.hupso.com\/share\/ --><a class=\"hupso_counters\" href=\"https:\/\/www.hupso.com\/share\/\"><img src=\"http:\/\/static.hupso.com\/share\/buttons\/lang\/es\/share-small.png\" style=\"border:0px; padding-top:2px; float:left;\" alt=\"Share Button\"\/><\/a><script type=\"text\/javascript\">var hupso_services_c=new Array(\"twitter\",\"facebook_like\",\"google\");var hupso_counters_lang = \"es_LA\";var hupso_image_folder_url = \"\";var hupso_twitter_via=\"crsyvrs\";var hupso_url_c=\"\";<\/script><script type=\"text\/javascript\" src=\"http:\/\/static.hupso.com\/share\/js\/counters.js\"><\/script><!-- Hupso Share Buttons --><\/div>","protected":false},"author":5,"featured_media":0,"comment_status":"open","ping_status":"open","sticky":false,"template":"","format":"standard","meta":{"footnotes":""},"categories":[2778,5],"tags":[2206,2207,2208,2209,1447,2211,2210],"class_list":["post-2787","post","type-post","status-publish","format-standard","hentry","category-rincon-beatle","category-teatro","tag-clara-alonso","tag-flor-lovaglio","tag-florencia-ortega","tag-groupie","tag-paseo-la-plaza","tag-the-cavern","tag-vicky-carambat"],"_links":{"self":[{"href":"http:\/\/cronicasyversiones.com\/index.php?rest_route=\/wp\/v2\/posts\/2787","targetHints":{"allow":["GET"]}}],"collection":[{"href":"http:\/\/cronicasyversiones.com\/index.php?rest_route=\/wp\/v2\/posts"}],"about":[{"href":"http:\/\/cronicasyversiones.com\/index.php?rest_route=\/wp\/v2\/types\/post"}],"author":[{"embeddable":true,"href":"http:\/\/cronicasyversiones.com\/index.php?rest_route=\/wp\/v2\/users\/5"}],"replies":[{"embeddable":true,"href":"http:\/\/cronicasyversiones.com\/index.php?rest_route=%2Fwp%2Fv2%2Fcomments&post=2787"}],"version-history":[{"count":0,"href":"http:\/\/cronicasyversiones.com\/index.php?rest_route=\/wp\/v2\/posts\/2787\/revisions"}],"wp:attachment":[{"href":"http:\/\/cronicasyversiones.com\/index.php?rest_route=%2Fwp%2Fv2%2Fmedia&parent=2787"}],"wp:term":[{"taxonomy":"category","embeddable":true,"href":"http:\/\/cronicasyversiones.com\/index.php?rest_route=%2Fwp%2Fv2%2Fcategories&post=2787"},{"taxonomy":"post_tag","embeddable":true,"href":"http:\/\/cronicasyversiones.com\/index.php?rest_route=%2Fwp%2Fv2%2Ftags&post=2787"}],"curies":[{"name":"wp","href":"https:\/\/api.w.org\/{rel}","templated":true}]}}