{"id":27926,"date":"2020-08-31T08:35:10","date_gmt":"2020-08-31T11:35:10","guid":{"rendered":"http:\/\/cronicasyversiones.com\/?p=27926"},"modified":"2020-08-31T08:35:12","modified_gmt":"2020-08-31T11:35:12","slug":"dante-spinetta-david-lebon-y-vicentino-en-se-siente-desde-casa","status":"publish","type":"post","link":"http:\/\/cronicasyversiones.com\/?p=27926","title":{"rendered":"Dante Spinetta, David Leb\u00f3n y Vicentino, en \u201cSe siente desde casa\u201d"},"content":{"rendered":"<div style=\"padding-bottom:20px; padding-top:10px;\" class=\"hupso-share-buttons\"><!-- Hupso Share Buttons - https:\/\/www.hupso.com\/share\/ --><a class=\"hupso_counters\" href=\"https:\/\/www.hupso.com\/share\/\"><img decoding=\"async\" src=\"http:\/\/static.hupso.com\/share\/buttons\/lang\/es\/share-small.png\" style=\"border:0px; padding-top:2px; float:left;\" alt=\"Share Button\"\/><\/a><script type=\"text\/javascript\">var hupso_services_c=new Array(\"twitter\",\"facebook_like\",\"google\");var hupso_counters_lang = \"es_LA\";var hupso_image_folder_url = \"\";var hupso_twitter_via=\"crsyvrs\";var hupso_url_c=\"\";<\/script><script type=\"text\/javascript\" src=\"http:\/\/static.hupso.com\/share\/js\/counters.js\"><\/script><!-- Hupso Share Buttons --><\/div><h2>Se trata del primer ciclo de m\u00fasica en vivo sin p\u00fablico realizado en Movistar Arena y transmitido v\u00eda streaming. La programaci\u00f3n arranca el 4 de septiembre.<\/h2>\n<p><img loading=\"lazy\" decoding=\"async\" class=\"size-full wp-image-27927 aligncenter\" src=\"http:\/\/cronicasyversiones.com\/wp-content\/uploads\/2020\/08\/dante.jpg\" alt=\"\" width=\"750\" height=\"498\" srcset=\"http:\/\/cronicasyversiones.com\/wp-content\/uploads\/2020\/08\/dante.jpg 750w, http:\/\/cronicasyversiones.com\/wp-content\/uploads\/2020\/08\/dante-300x199.jpg 300w, http:\/\/cronicasyversiones.com\/wp-content\/uploads\/2020\/08\/dante-480x320.jpg 480w\" sizes=\"auto, (max-width: 750px) 100vw, 750px\" \/><\/p>\n<p><em><strong>&nbsp;\u201cSe siente desde casa\u201d,<\/strong><\/em> el primer ciclo de m\u00fasica en vivo sin p\u00fablico realizado en <strong>Movistar Arena<\/strong> y transmitido v\u00eda streaming, que comenzar\u00e1 el 4 de septiembre, tendr\u00e1 a <strong>Vicentico, Miranda!, Dante Spinetta y David Leb\u00f3n,<\/strong> entre otros artistas.<\/p>\n<p>\u201cEl Movistar Arena, a partir del mes de septiembre, ser\u00e1 el escenario donde grandes m\u00fasicos vuelven a realizar sus shows en vivo por primera vez -desde que comenz\u00f3 la pandemia-. Las presentaciones contar\u00e1n con la mejor tecnolog\u00eda aplicada al equipamiento: sonido, iluminaci\u00f3n, puesta de c\u00e1maras y m\u00e1s de 150 metros de pantallas\u201d, adelantaron.<\/p>\n<p>Durante la transmisi\u00f3n de los shows, todos los interesados podr\u00e1n realizar donaciones a la Cruz Roja Argentina para apoyar sus acciones en respuesta a la Covid-19.<\/p>\n<p>La transmisi\u00f3n se realizar\u00e1 v\u00eda streaming y las personas podr\u00e1n adquirir a sus entradas ingresando a movistararena.com.ar.<\/p>\n<p><em><strong>LEA TAMBI\u00c9N:&nbsp;<\/strong><\/em><\/p>\n<div class=\"video-container\">\n<blockquote class=\"wp-embedded-content\" data-secret=\"3cgTO0pAQG\"><p><a href=\"https:\/\/cronicasyversiones.com\/?p=27885\">El Festival de Glastonbury regresar\u00e1 reci\u00e9n en 2022<\/a><\/p><\/blockquote>\n<p><iframe loading=\"lazy\" class=\"wp-embedded-content\" sandbox=\"allow-scripts\" security=\"restricted\" style=\"position: absolute; clip: rect(1px, 1px, 1px, 1px);\" title=\"\u00abEl Festival de Glastonbury regresar\u00e1 reci\u00e9n en 2022\u00bb \u2014    \" src=\"https:\/\/cronicasyversiones.com\/?p=27885&#038;embed=true#?secret=Ab2JgYi4OB#?secret=3cgTO0pAQG\" data-secret=\"3cgTO0pAQG\" width=\"600\" height=\"338\" frameborder=\"0\" marginwidth=\"0\" marginheight=\"0\" scrolling=\"no\"><\/iframe><\/div>\n<p>La programaci\u00f3n comenzar\u00e1 el 4 de septiembre con <strong>Miranda!<\/strong>, el exitoso d\u00fao pop integrado por Ale Sergi y Juliana Gattas, que presentar\u00e1 sus principales hits en una puesta art\u00edstica armada especialmente para esta ocasi\u00f3n.<\/p>\n<p>El 5 de septiembre ser\u00e1 el turno de <strong>Destino San Javier<\/strong>, el 10 tocar\u00e1 <strong>Dante Spinetta<\/strong>, el 19 se presentar\u00e1 <strong>MYA &amp; Ruggero,<\/strong> el 20 la programaci\u00f3n continuar\u00e1 con <strong>Axel<\/strong> y el 26 con <strong>David Leb\u00f3n<\/strong>.<\/p>\n<p>En octubre la grilla propuesta a\u00f1ade las presencias de <strong>Vicentico, Soledad y Bandalos Chinos.<\/strong><\/p>\n<div style=\"padding-bottom:20px; padding-top:10px;\" class=\"hupso-share-buttons\"><!-- Hupso Share Buttons - https:\/\/www.hupso.com\/share\/ --><a class=\"hupso_counters\" href=\"https:\/\/www.hupso.com\/share\/\"><img decoding=\"async\" src=\"http:\/\/static.hupso.com\/share\/buttons\/lang\/es\/share-small.png\" style=\"border:0px; padding-top:2px; float:left;\" alt=\"Share Button\"\/><\/a><script type=\"text\/javascript\">var hupso_services_c=new Array(\"twitter\",\"facebook_like\",\"google\");var hupso_counters_lang = \"es_LA\";var hupso_image_folder_url = \"\";var hupso_twitter_via=\"crsyvrs\";var hupso_url_c=\"\";<\/script><script type=\"text\/javascript\" src=\"http:\/\/static.hupso.com\/share\/js\/counters.js\"><\/script><!-- Hupso Share Buttons --><\/div> ","protected":false},"excerpt":{"rendered":"<div style=\"padding-bottom:20px; padding-top:10px;\" class=\"hupso-share-buttons\"><!-- Hupso Share Buttons - https:\/\/www.hupso.com\/share\/ --><a class=\"hupso_counters\" href=\"https:\/\/www.hupso.com\/share\/\"><img src=\"http:\/\/static.hupso.com\/share\/buttons\/lang\/es\/share-small.png\" style=\"border:0px; padding-top:2px; float:left;\" alt=\"Share Button\"\/><\/a><script type=\"text\/javascript\">var hupso_services_c=new Array(\"twitter\",\"facebook_like\",\"google\");var hupso_counters_lang = \"es_LA\";var hupso_image_folder_url = \"\";var hupso_twitter_via=\"crsyvrs\";var hupso_url_c=\"\";<\/script><script type=\"text\/javascript\" src=\"http:\/\/static.hupso.com\/share\/js\/counters.js\"><\/script><!-- Hupso Share Buttons --><\/div><p>Se trata del primer ciclo de m\u00fasica en vivo sin p\u00fablico realizado en Movistar Arena y transmitido v\u00eda streaming. La programaci\u00f3n arranca el 4 de septiembre. &nbsp;\u201cSe siente desde casa\u201d, el primer ciclo de m\u00fasica en vivo sin p\u00fablico&#46;&#46;&#46;<\/p>\n<div style=\"padding-bottom:20px; padding-top:10px;\" class=\"hupso-share-buttons\"><!-- Hupso Share Buttons - https:\/\/www.hupso.com\/share\/ --><a class=\"hupso_counters\" href=\"https:\/\/www.hupso.com\/share\/\"><img src=\"http:\/\/static.hupso.com\/share\/buttons\/lang\/es\/share-small.png\" style=\"border:0px; padding-top:2px; float:left;\" alt=\"Share Button\"\/><\/a><script type=\"text\/javascript\">var hupso_services_c=new Array(\"twitter\",\"facebook_like\",\"google\");var hupso_counters_lang = \"es_LA\";var hupso_image_folder_url = \"\";var hupso_twitter_via=\"crsyvrs\";var hupso_url_c=\"\";<\/script><script type=\"text\/javascript\" src=\"http:\/\/static.hupso.com\/share\/js\/counters.js\"><\/script><!-- Hupso Share Buttons --><\/div>","protected":false},"author":5,"featured_media":27927,"comment_status":"closed","ping_status":"closed","sticky":false,"template":"","format":"standard","meta":{"footnotes":""},"categories":[3],"tags":[5515,1066,3560,5694],"class_list":["post-27926","post","type-post","status-publish","format-standard","has-post-thumbnail","hentry","category-musica","tag-dante-spinetta","tag-david-lebon","tag-miranda","tag-vicentico"],"_links":{"self":[{"href":"http:\/\/cronicasyversiones.com\/index.php?rest_route=\/wp\/v2\/posts\/27926","targetHints":{"allow":["GET"]}}],"collection":[{"href":"http:\/\/cronicasyversiones.com\/index.php?rest_route=\/wp\/v2\/posts"}],"about":[{"href":"http:\/\/cronicasyversiones.com\/index.php?rest_route=\/wp\/v2\/types\/post"}],"author":[{"embeddable":true,"href":"http:\/\/cronicasyversiones.com\/index.php?rest_route=\/wp\/v2\/users\/5"}],"replies":[{"embeddable":true,"href":"http:\/\/cronicasyversiones.com\/index.php?rest_route=%2Fwp%2Fv2%2Fcomments&post=27926"}],"version-history":[{"count":2,"href":"http:\/\/cronicasyversiones.com\/index.php?rest_route=\/wp\/v2\/posts\/27926\/revisions"}],"predecessor-version":[{"id":28133,"href":"http:\/\/cronicasyversiones.com\/index.php?rest_route=\/wp\/v2\/posts\/27926\/revisions\/28133"}],"wp:featuredmedia":[{"embeddable":true,"href":"http:\/\/cronicasyversiones.com\/index.php?rest_route=\/wp\/v2\/media\/27927"}],"wp:attachment":[{"href":"http:\/\/cronicasyversiones.com\/index.php?rest_route=%2Fwp%2Fv2%2Fmedia&parent=27926"}],"wp:term":[{"taxonomy":"category","embeddable":true,"href":"http:\/\/cronicasyversiones.com\/index.php?rest_route=%2Fwp%2Fv2%2Fcategories&post=27926"},{"taxonomy":"post_tag","embeddable":true,"href":"http:\/\/cronicasyversiones.com\/index.php?rest_route=%2Fwp%2Fv2%2Ftags&post=27926"}],"curies":[{"name":"wp","href":"https:\/\/api.w.org\/{rel}","templated":true}]}}