{"id":27944,"date":"2020-09-11T09:03:02","date_gmt":"2020-09-11T12:03:02","guid":{"rendered":"http:\/\/cronicasyversiones.com\/?p=27944"},"modified":"2020-09-11T09:03:06","modified_gmt":"2020-09-11T12:03:06","slug":"el-chango-spasiuk-celebrara-su-cumpleanos-con-recital-por-streaming","status":"publish","type":"post","link":"http:\/\/cronicasyversiones.com\/?p=27944","title":{"rendered":"El Chango Spasiuk celebrar\u00e1 su cumplea\u00f1os con recital por streaming"},"content":{"rendered":"<div style=\"padding-bottom:20px; padding-top:10px;\" class=\"hupso-share-buttons\"><!-- Hupso Share Buttons - https:\/\/www.hupso.com\/share\/ --><a class=\"hupso_counters\" href=\"https:\/\/www.hupso.com\/share\/\"><img decoding=\"async\" src=\"http:\/\/static.hupso.com\/share\/buttons\/lang\/es\/share-small.png\" style=\"border:0px; padding-top:2px; float:left;\" alt=\"Share Button\"\/><\/a><script type=\"text\/javascript\">var hupso_services_c=new Array(\"twitter\",\"facebook_like\",\"google\");var hupso_counters_lang = \"es_LA\";var hupso_image_folder_url = \"\";var hupso_twitter_via=\"crsyvrs\";var hupso_url_c=\"\";<\/script><script type=\"text\/javascript\" src=\"http:\/\/static.hupso.com\/share\/js\/counters.js\"><\/script><!-- Hupso Share Buttons --><\/div><h2>El acordeonista misionero, acompa\u00f1ado por tres de sus m\u00fasicos, se presentar\u00e1 el 23 de septiembre desde un estudio.<\/h2>\n<p><img loading=\"lazy\" decoding=\"async\" class=\"size-full wp-image-27945 aligncenter\" src=\"http:\/\/cronicasyversiones.com\/wp-content\/uploads\/2020\/08\/chango.jpg\" alt=\"\" width=\"750\" height=\"500\" srcset=\"http:\/\/cronicasyversiones.com\/wp-content\/uploads\/2020\/08\/chango.jpg 750w, http:\/\/cronicasyversiones.com\/wp-content\/uploads\/2020\/08\/chango-300x200.jpg 300w, http:\/\/cronicasyversiones.com\/wp-content\/uploads\/2020\/08\/chango-480x320.jpg 480w\" sizes=\"auto, (max-width: 750px) 100vw, 750px\" \/><\/p>\n<p><strong>Chango Spasiuk<\/strong> celebrar\u00e1 el 23 de septiembre a las 21 su cumplea\u00f1os 52 con un recital por streaming que compartir\u00e1 con tres de los integrantes del conjunto que suele acompa\u00f1arlo.<\/p>\n<p>El acordeonista misionero actuar\u00e1 acompa\u00f1ado por <strong>Pablo Farhat<\/strong> (violi?n), <strong>Diego Arolfo<\/strong> (voz y guitarra) y <strong>Benjam\u00edn Marcos Villalba<\/strong> (percusio?n y guitarra) para un concierto al que podr\u00e1 accederse a trav\u00e9s de Ticketek.<\/p>\n<blockquote><p>\u201cEl 23 de septiembre cumplo an?os y quiero tocar mu?sica. Pasaron muchos meses y volver a encontrarme con el grupo y con ustedes, me da mucha alegri?a\u201d, apunt\u00f3 el m\u00fasico y compositor.<\/p><\/blockquote>\n<p>La presentaci\u00f3n se realizar\u00e1 desde un estudio y permitir\u00e1 apreciar la dimensi\u00f3n sonora del artista chamamecero que el 29 de marzo \u00faltimo, cuando reci\u00e9n comenzaba el aislamiento sanitario por la pandemia, regal\u00f3 una actuaci\u00f3n casera e \u00edntima a trav\u00e9s de sus cuentas de Facebook e Instagram.<\/p>\n<p><iframe loading=\"lazy\" src=\"https:\/\/www.youtube.com\/embed\/BhiuAepXwgM\" width=\"560\" height=\"315\" frameborder=\"0\" allowfullscreen=\"allowfullscreen\"><\/iframe><\/p>\n<p>Con una decena de discos \u00e1lbumes solistas en Argentina, entre ellos <em><strong>\u201cPolcas de mi tierra\u201d<\/strong><\/em> (1999), el misionero&nbsp; es due\u00f1o de un recorrido en el que logr\u00f3 profundizar la posibilidad de sumar las calificaciones de m\u00fasica acad\u00e9mica, folcl\u00f3rica, regional, universal, popular y culta, sin que ninguna denominaci\u00f3n anule a la otra .<\/p>\n<p>Su primer lanzamiento internacional <em><strong>\u201cTarefero de mis pagos\u201d<\/strong><\/em> lo llev\u00f3 a ganar el premio BBC de M\u00fasica del Mundo,&nbsp; ejor Artista Revelaci\u00f3n 2005, el premio Gardel de Argentina, as\u00ed como una nominaci\u00f3n al Grammy Latino en 2006 .<\/p>\n<p>A lo largo de estos a\u00f1os, el m\u00fasico particip\u00f3 de espect\u00e1culos y discos de importantes artistas como Mercedes Sosa, Bobby McFerrin, Cyro Baptista, Bob Telson, Carlos Nu\u00f1ez, Heather Cornell &amp; Manhattan Tap, Le\u00f3n Gieco, Divididos, Raul Barboza, Jaime Torres y Chucho Vald\u00e9z, entre muchos otros .<\/p>\n<p>&nbsp;<\/p>\n<div style=\"padding-bottom:20px; padding-top:10px;\" class=\"hupso-share-buttons\"><!-- Hupso Share Buttons - https:\/\/www.hupso.com\/share\/ --><a class=\"hupso_counters\" href=\"https:\/\/www.hupso.com\/share\/\"><img decoding=\"async\" src=\"http:\/\/static.hupso.com\/share\/buttons\/lang\/es\/share-small.png\" style=\"border:0px; padding-top:2px; float:left;\" alt=\"Share Button\"\/><\/a><script type=\"text\/javascript\">var hupso_services_c=new Array(\"twitter\",\"facebook_like\",\"google\");var hupso_counters_lang = \"es_LA\";var hupso_image_folder_url = \"\";var hupso_twitter_via=\"crsyvrs\";var hupso_url_c=\"\";<\/script><script type=\"text\/javascript\" src=\"http:\/\/static.hupso.com\/share\/js\/counters.js\"><\/script><!-- Hupso Share Buttons --><\/div> ","protected":false},"excerpt":{"rendered":"<div style=\"padding-bottom:20px; padding-top:10px;\" class=\"hupso-share-buttons\"><!-- Hupso Share Buttons - https:\/\/www.hupso.com\/share\/ --><a class=\"hupso_counters\" href=\"https:\/\/www.hupso.com\/share\/\"><img src=\"http:\/\/static.hupso.com\/share\/buttons\/lang\/es\/share-small.png\" style=\"border:0px; padding-top:2px; float:left;\" alt=\"Share Button\"\/><\/a><script type=\"text\/javascript\">var hupso_services_c=new Array(\"twitter\",\"facebook_like\",\"google\");var hupso_counters_lang = \"es_LA\";var hupso_image_folder_url = \"\";var hupso_twitter_via=\"crsyvrs\";var hupso_url_c=\"\";<\/script><script type=\"text\/javascript\" src=\"http:\/\/static.hupso.com\/share\/js\/counters.js\"><\/script><!-- Hupso Share Buttons --><\/div><p>El acordeonista misionero, acompa\u00f1ado por tres de sus m\u00fasicos, se presentar\u00e1 el 23 de septiembre desde un estudio. Chango Spasiuk celebrar\u00e1 el 23 de septiembre a las 21 su cumplea\u00f1os 52 con un recital por streaming que compartir\u00e1 con&#46;&#46;&#46;<\/p>\n<div style=\"padding-bottom:20px; padding-top:10px;\" class=\"hupso-share-buttons\"><!-- Hupso Share Buttons - https:\/\/www.hupso.com\/share\/ --><a class=\"hupso_counters\" href=\"https:\/\/www.hupso.com\/share\/\"><img src=\"http:\/\/static.hupso.com\/share\/buttons\/lang\/es\/share-small.png\" style=\"border:0px; padding-top:2px; float:left;\" alt=\"Share Button\"\/><\/a><script type=\"text\/javascript\">var hupso_services_c=new Array(\"twitter\",\"facebook_like\",\"google\");var hupso_counters_lang = \"es_LA\";var hupso_image_folder_url = \"\";var hupso_twitter_via=\"crsyvrs\";var hupso_url_c=\"\";<\/script><script type=\"text\/javascript\" src=\"http:\/\/static.hupso.com\/share\/js\/counters.js\"><\/script><!-- Hupso Share Buttons --><\/div>","protected":false},"author":5,"featured_media":27945,"comment_status":"closed","ping_status":"closed","sticky":false,"template":"","format":"standard","meta":{"footnotes":""},"categories":[3],"tags":[927,1136],"class_list":["post-27944","post","type-post","status-publish","format-standard","has-post-thumbnail","hentry","category-musica","tag-chango-spasiuk","tag-folklore"],"_links":{"self":[{"href":"http:\/\/cronicasyversiones.com\/index.php?rest_route=\/wp\/v2\/posts\/27944","targetHints":{"allow":["GET"]}}],"collection":[{"href":"http:\/\/cronicasyversiones.com\/index.php?rest_route=\/wp\/v2\/posts"}],"about":[{"href":"http:\/\/cronicasyversiones.com\/index.php?rest_route=\/wp\/v2\/types\/post"}],"author":[{"embeddable":true,"href":"http:\/\/cronicasyversiones.com\/index.php?rest_route=\/wp\/v2\/users\/5"}],"replies":[{"embeddable":true,"href":"http:\/\/cronicasyversiones.com\/index.php?rest_route=%2Fwp%2Fv2%2Fcomments&post=27944"}],"version-history":[{"count":2,"href":"http:\/\/cronicasyversiones.com\/index.php?rest_route=\/wp\/v2\/posts\/27944\/revisions"}],"predecessor-version":[{"id":28239,"href":"http:\/\/cronicasyversiones.com\/index.php?rest_route=\/wp\/v2\/posts\/27944\/revisions\/28239"}],"wp:featuredmedia":[{"embeddable":true,"href":"http:\/\/cronicasyversiones.com\/index.php?rest_route=\/wp\/v2\/media\/27945"}],"wp:attachment":[{"href":"http:\/\/cronicasyversiones.com\/index.php?rest_route=%2Fwp%2Fv2%2Fmedia&parent=27944"}],"wp:term":[{"taxonomy":"category","embeddable":true,"href":"http:\/\/cronicasyversiones.com\/index.php?rest_route=%2Fwp%2Fv2%2Fcategories&post=27944"},{"taxonomy":"post_tag","embeddable":true,"href":"http:\/\/cronicasyversiones.com\/index.php?rest_route=%2Fwp%2Fv2%2Ftags&post=27944"}],"curies":[{"name":"wp","href":"https:\/\/api.w.org\/{rel}","templated":true}]}}