{"id":28026,"date":"2020-08-20T08:37:37","date_gmt":"2020-08-20T11:37:37","guid":{"rendered":"http:\/\/cronicasyversiones.com\/?p=28026"},"modified":"2020-08-20T08:37:40","modified_gmt":"2020-08-20T11:37:40","slug":"el-festival-internacional-de-cine-documental-de-buenos-aires-en-formato-virtual","status":"publish","type":"post","link":"http:\/\/cronicasyversiones.com\/?p=28026","title":{"rendered":"El Festival Internacional de Cine Documental de Buenos Aires, en formato virtual"},"content":{"rendered":"<div style=\"padding-bottom:20px; padding-top:10px;\" class=\"hupso-share-buttons\"><!-- Hupso Share Buttons - https:\/\/www.hupso.com\/share\/ --><a class=\"hupso_counters\" href=\"https:\/\/www.hupso.com\/share\/\"><img decoding=\"async\" src=\"http:\/\/static.hupso.com\/share\/buttons\/lang\/es\/share-small.png\" style=\"border:0px; padding-top:2px; float:left;\" alt=\"Share Button\"\/><\/a><script type=\"text\/javascript\">var hupso_services_c=new Array(\"twitter\",\"facebook_like\",\"google\");var hupso_counters_lang = \"es_LA\";var hupso_image_folder_url = \"\";var hupso_twitter_via=\"crsyvrs\";var hupso_url_c=\"\";<\/script><script type=\"text\/javascript\" src=\"http:\/\/static.hupso.com\/share\/js\/counters.js\"><\/script><!-- Hupso Share Buttons --><\/div><h2>Tendr\u00e1 lugar de forma digital del 27 de agosto al 30 de septiembre y se podr\u00e1n ver 230 films de 46 pa\u00edses, en distintas secciones tem\u00e1ticas.<\/h2>\n<p><img loading=\"lazy\" decoding=\"async\" class=\"size-full wp-image-28027 aligncenter\" src=\"http:\/\/cronicasyversiones.com\/wp-content\/uploads\/2020\/08\/docu.jpg\" alt=\"\" width=\"750\" height=\"461\" srcset=\"http:\/\/cronicasyversiones.com\/wp-content\/uploads\/2020\/08\/docu.jpg 750w, http:\/\/cronicasyversiones.com\/wp-content\/uploads\/2020\/08\/docu-300x184.jpg 300w\" sizes=\"auto, (max-width: 750px) 100vw, 750px\" \/><\/p>\n<p>El <strong>Festival Internacional de Cine Documental de Buenos Aires (Fidba)<\/strong> tendr\u00e1 lugar de forma digital del 27 de agosto al 30 de septiembre, informaron los organizadores del evento.<\/p>\n<p>En total ser\u00e1n 230 films de 46 pa\u00edses que podr\u00e1n ver en calidad de estreno mundial, latinoamericanos y nacional, en un evento dividido en secciones con focos tem\u00e1ticos, ciclos y retrospectivas, adem\u00e1s de sus diez competencias.<\/p>\n<p>Este a\u00f1o se inaugura una nueva secci\u00f3n: <strong>FIDBA:SERIES,<\/strong> con el estreno exclusivo de la \u00faltima producci\u00f3n de <strong>ARTE<\/strong> y les films d\u00b4Ici, con el apoyo de la Embajada de Francia en Argentina y el Instituto Franc\u00e9s.<\/p>\n<p><em><strong>LEA TAMBI\u00c9N:&nbsp;<\/strong><\/em><\/p>\n<div class=\"video-container\">\n<blockquote class=\"wp-embedded-content\" data-secret=\"PFEj3B79NO\"><p><a href=\"http:\/\/cronicasyversiones.com\/?p=27938\">\u201cCaballo de mar\u201d, con Pablo Cedr\u00f3n, se estrena en Cine.Ar<\/a><\/p><\/blockquote>\n<p><iframe loading=\"lazy\" class=\"wp-embedded-content\" sandbox=\"allow-scripts\" security=\"restricted\" style=\"position: absolute; clip: rect(1px, 1px, 1px, 1px);\" title=\"\u00ab\u201cCaballo de mar\u201d, con Pablo Cedr\u00f3n, se estrena en Cine.Ar\u00bb \u2014    \" src=\"http:\/\/cronicasyversiones.com\/?p=27938&#038;embed=true#?secret=U65MDOsEV5#?secret=PFEj3B79NO\" data-secret=\"PFEj3B79NO\" width=\"600\" height=\"338\" frameborder=\"0\" marginwidth=\"0\" marginheight=\"0\" scrolling=\"no\"><\/iframe><\/div>\n<p>La programaci\u00f3n de FIDBA ser\u00e1 gratuita y podr\u00e1 verse en todo el territorio nacional a trav\u00e9s de OctubreTV.com y en Fidba.Play, la plataforma del festival <em>www.fidba.com.ar.<\/em><\/p>\n<p>En esta edici\u00f3n digital del Festival el p\u00fablico tendr\u00e1 acceso online a cuatro estrenos diarios que estar\u00e1n disponibles durante 72 horas, mientras que los distintos focos tem\u00e1ticos (g\u00e9nero, m\u00fasica, cine, evoluci\u00f3n, planeta tierra, entre otros) estar\u00e1n accesibles durante siete d\u00edas.<\/p>\n<div style=\"padding-bottom:20px; padding-top:10px;\" class=\"hupso-share-buttons\"><!-- Hupso Share Buttons - https:\/\/www.hupso.com\/share\/ --><a class=\"hupso_counters\" href=\"https:\/\/www.hupso.com\/share\/\"><img decoding=\"async\" src=\"http:\/\/static.hupso.com\/share\/buttons\/lang\/es\/share-small.png\" style=\"border:0px; padding-top:2px; float:left;\" alt=\"Share Button\"\/><\/a><script type=\"text\/javascript\">var hupso_services_c=new Array(\"twitter\",\"facebook_like\",\"google\");var hupso_counters_lang = \"es_LA\";var hupso_image_folder_url = \"\";var hupso_twitter_via=\"crsyvrs\";var hupso_url_c=\"\";<\/script><script type=\"text\/javascript\" src=\"http:\/\/static.hupso.com\/share\/js\/counters.js\"><\/script><!-- Hupso Share Buttons --><\/div> ","protected":false},"excerpt":{"rendered":"<div style=\"padding-bottom:20px; padding-top:10px;\" class=\"hupso-share-buttons\"><!-- Hupso Share Buttons - https:\/\/www.hupso.com\/share\/ --><a class=\"hupso_counters\" href=\"https:\/\/www.hupso.com\/share\/\"><img src=\"http:\/\/static.hupso.com\/share\/buttons\/lang\/es\/share-small.png\" style=\"border:0px; padding-top:2px; float:left;\" alt=\"Share Button\"\/><\/a><script type=\"text\/javascript\">var hupso_services_c=new Array(\"twitter\",\"facebook_like\",\"google\");var hupso_counters_lang = \"es_LA\";var hupso_image_folder_url = \"\";var hupso_twitter_via=\"crsyvrs\";var hupso_url_c=\"\";<\/script><script type=\"text\/javascript\" src=\"http:\/\/static.hupso.com\/share\/js\/counters.js\"><\/script><!-- Hupso Share Buttons --><\/div><p>Tendr\u00e1 lugar de forma digital del 27 de agosto al 30 de septiembre y se podr\u00e1n ver 230 films de 46 pa\u00edses, en distintas secciones tem\u00e1ticas. El Festival Internacional de Cine Documental de Buenos Aires (Fidba) tendr\u00e1 lugar de&#46;&#46;&#46;<\/p>\n<div style=\"padding-bottom:20px; padding-top:10px;\" class=\"hupso-share-buttons\"><!-- Hupso Share Buttons - https:\/\/www.hupso.com\/share\/ --><a class=\"hupso_counters\" href=\"https:\/\/www.hupso.com\/share\/\"><img src=\"http:\/\/static.hupso.com\/share\/buttons\/lang\/es\/share-small.png\" style=\"border:0px; padding-top:2px; float:left;\" alt=\"Share Button\"\/><\/a><script type=\"text\/javascript\">var hupso_services_c=new Array(\"twitter\",\"facebook_like\",\"google\");var hupso_counters_lang = \"es_LA\";var hupso_image_folder_url = \"\";var hupso_twitter_via=\"crsyvrs\";var hupso_url_c=\"\";<\/script><script type=\"text\/javascript\" src=\"http:\/\/static.hupso.com\/share\/js\/counters.js\"><\/script><!-- Hupso Share Buttons --><\/div>","protected":false},"author":5,"featured_media":28027,"comment_status":"closed","ping_status":"closed","sticky":false,"template":"","format":"standard","meta":{"footnotes":""},"categories":[4],"tags":[944,8164],"class_list":["post-28026","post","type-post","status-publish","format-standard","has-post-thumbnail","hentry","category-cine","tag-documentales","tag-festival-de-cine-documental-de-buenos-aires"],"_links":{"self":[{"href":"http:\/\/cronicasyversiones.com\/index.php?rest_route=\/wp\/v2\/posts\/28026","targetHints":{"allow":["GET"]}}],"collection":[{"href":"http:\/\/cronicasyversiones.com\/index.php?rest_route=\/wp\/v2\/posts"}],"about":[{"href":"http:\/\/cronicasyversiones.com\/index.php?rest_route=\/wp\/v2\/types\/post"}],"author":[{"embeddable":true,"href":"http:\/\/cronicasyversiones.com\/index.php?rest_route=\/wp\/v2\/users\/5"}],"replies":[{"embeddable":true,"href":"http:\/\/cronicasyversiones.com\/index.php?rest_route=%2Fwp%2Fv2%2Fcomments&post=28026"}],"version-history":[{"count":2,"href":"http:\/\/cronicasyversiones.com\/index.php?rest_route=\/wp\/v2\/posts\/28026\/revisions"}],"predecessor-version":[{"id":28033,"href":"http:\/\/cronicasyversiones.com\/index.php?rest_route=\/wp\/v2\/posts\/28026\/revisions\/28033"}],"wp:featuredmedia":[{"embeddable":true,"href":"http:\/\/cronicasyversiones.com\/index.php?rest_route=\/wp\/v2\/media\/28027"}],"wp:attachment":[{"href":"http:\/\/cronicasyversiones.com\/index.php?rest_route=%2Fwp%2Fv2%2Fmedia&parent=28026"}],"wp:term":[{"taxonomy":"category","embeddable":true,"href":"http:\/\/cronicasyversiones.com\/index.php?rest_route=%2Fwp%2Fv2%2Fcategories&post=28026"},{"taxonomy":"post_tag","embeddable":true,"href":"http:\/\/cronicasyversiones.com\/index.php?rest_route=%2Fwp%2Fv2%2Ftags&post=28026"}],"curies":[{"name":"wp","href":"https:\/\/api.w.org\/{rel}","templated":true}]}}