{"id":28062,"date":"2020-08-24T10:03:06","date_gmt":"2020-08-24T13:03:06","guid":{"rendered":"http:\/\/cronicasyversiones.com\/?p=28062"},"modified":"2020-08-24T10:04:57","modified_gmt":"2020-08-24T13:04:57","slug":"las-lilas-el-silencio-y-la-noche-invocacion-a-alejandra-pizarnik-se-vera-online","status":"publish","type":"post","link":"http:\/\/cronicasyversiones.com\/?p=28062","title":{"rendered":"\u00abLas lilas, el silencio y la noche\u00bb, invocaci\u00f3n a Alejandra Pizarnik, se ver\u00e1 online"},"content":{"rendered":"<div style=\"padding-bottom:20px; padding-top:10px;\" class=\"hupso-share-buttons\"><!-- Hupso Share Buttons - https:\/\/www.hupso.com\/share\/ --><a class=\"hupso_counters\" href=\"https:\/\/www.hupso.com\/share\/\"><img decoding=\"async\" src=\"http:\/\/static.hupso.com\/share\/buttons\/lang\/es\/share-small.png\" style=\"border:0px; padding-top:2px; float:left;\" alt=\"Share Button\"\/><\/a><script type=\"text\/javascript\">var hupso_services_c=new Array(\"twitter\",\"facebook_like\",\"google\");var hupso_counters_lang = \"es_LA\";var hupso_image_folder_url = \"\";var hupso_twitter_via=\"crsyvrs\";var hupso_url_c=\"\";<\/script><script type=\"text\/javascript\" src=\"http:\/\/static.hupso.com\/share\/js\/counters.js\"><\/script><!-- Hupso Share Buttons --><\/div><h2>El elenco lo completan ristina Banegas, Maril\u00fa Marini, Mirta Busnelli, Florencia Raggi, Valentina Bassi, Laura Grandinetti, M\u00f3nica Raiola, y Heidi Fauth.<\/h2>\n<p><img loading=\"lazy\" decoding=\"async\" class=\"size-full wp-image-28063 aligncenter\" src=\"http:\/\/cronicasyversiones.com\/wp-content\/uploads\/2020\/08\/ale.jpg\" alt=\"\" width=\"750\" height=\"495\" srcset=\"http:\/\/cronicasyversiones.com\/wp-content\/uploads\/2020\/08\/ale.jpg 750w, http:\/\/cronicasyversiones.com\/wp-content\/uploads\/2020\/08\/ale-300x198.jpg 300w\" sizes=\"auto, (max-width: 750px) 100vw, 750px\" \/><\/p>\n<p><em><strong>\u201cLas lilas, el silencio y la noche\u00bb,<\/strong><\/em> invocaci\u00f3n a<strong> Alejandra Pizarnik,<\/strong> se podr\u00e1 ver el domingo 30 agosto y domingos 6,13, 20 y 27 de septiembre a las 21, con entradas disponibles a trav\u00e9s de Alternativa Teatral.<\/p>\n<p>Formado por un elenco de reconocidas actrices como <strong>Cristina Banegas, Maril\u00fa Marini, Mirta Busnelli, Florencia Raggi, Valentina Bassi, Laura Grandinetti, M\u00f3nica Raiola, y Heidi Fauth,<\/strong> a trav\u00e9s de un texto en particular -de una de las poetas m\u00e1s importantes de Latinoam\u00e9rica\u2013, las voces en off funcionan como hilo conductor, en donde cada invitada tuvo el desaf\u00edo de volverlo materia visual a trav\u00e9s de im\u00e1genes que ellas mismas fueron construyendo con la c\u00e1mara de su celular.<\/p>\n<p>De esta manera, cada poema se transform\u00f3 en una pieza \u00fanica de construcci\u00f3n colectiva, en una a ceremonia atravesada por el universo poderoso de <strong>Alejandra Pizarnik.<\/strong><\/p>\n<p><em><strong>LEA TAMBI\u00c9N:&nbsp;<\/strong><\/em><\/p>\n<div class=\"video-container\">\n<blockquote class=\"wp-embedded-content\" data-secret=\"gaK4hst6SI\"><p><a href=\"https:\/\/cronicasyversiones.com\/?p=27964\">\u00abMi fiesta\u00bb, de Mayra Bonard y Carlos Casella, se ver\u00e1 online<\/a><\/p><\/blockquote>\n<p><iframe loading=\"lazy\" class=\"wp-embedded-content\" sandbox=\"allow-scripts\" security=\"restricted\" style=\"position: absolute; clip: rect(1px, 1px, 1px, 1px);\" title=\"\u00ab\u00abMi fiesta\u00bb, de Mayra Bonard y Carlos Casella, se ver\u00e1 online\u00bb \u2014    \" src=\"https:\/\/cronicasyversiones.com\/?p=27964&#038;embed=true#?secret=JwcpHzgXPa#?secret=gaK4hst6SI\" data-secret=\"gaK4hst6SI\" width=\"600\" height=\"338\" frameborder=\"0\" marginwidth=\"0\" marginheight=\"0\" scrolling=\"no\"><\/iframe><\/div>\n<p>Un viaje al centro mismo de su potencia po\u00e9tica y un ritual audiovisual que fusiona la poes\u00eda y la m\u00fasica en im\u00e1genes.<\/p>\n<p>La multiplicidad de miradas sobre la misma obra, y su posterior fusi\u00f3n en un relato \u00fanico, tienen como objetivo principal poner en valor la poes\u00eda y a sus protagonistas.<\/p>\n<p>Para coronar la experiencia, incluye una tertulia por Zoom con las actrices y una invitada especial.<\/p>\n<p>Parte de lo recaudado ser\u00e1 donado a <strong>Artistas Solidarios.<\/strong><\/p>\n<div style=\"padding-bottom:20px; padding-top:10px;\" class=\"hupso-share-buttons\"><!-- Hupso Share Buttons - https:\/\/www.hupso.com\/share\/ --><a class=\"hupso_counters\" href=\"https:\/\/www.hupso.com\/share\/\"><img decoding=\"async\" src=\"http:\/\/static.hupso.com\/share\/buttons\/lang\/es\/share-small.png\" style=\"border:0px; padding-top:2px; float:left;\" alt=\"Share Button\"\/><\/a><script type=\"text\/javascript\">var hupso_services_c=new Array(\"twitter\",\"facebook_like\",\"google\");var hupso_counters_lang = \"es_LA\";var hupso_image_folder_url = \"\";var hupso_twitter_via=\"crsyvrs\";var hupso_url_c=\"\";<\/script><script type=\"text\/javascript\" src=\"http:\/\/static.hupso.com\/share\/js\/counters.js\"><\/script><!-- Hupso Share Buttons --><\/div> ","protected":false},"excerpt":{"rendered":"<div style=\"padding-bottom:20px; padding-top:10px;\" class=\"hupso-share-buttons\"><!-- Hupso Share Buttons - https:\/\/www.hupso.com\/share\/ --><a class=\"hupso_counters\" href=\"https:\/\/www.hupso.com\/share\/\"><img src=\"http:\/\/static.hupso.com\/share\/buttons\/lang\/es\/share-small.png\" style=\"border:0px; padding-top:2px; float:left;\" alt=\"Share Button\"\/><\/a><script type=\"text\/javascript\">var hupso_services_c=new Array(\"twitter\",\"facebook_like\",\"google\");var hupso_counters_lang = \"es_LA\";var hupso_image_folder_url = \"\";var hupso_twitter_via=\"crsyvrs\";var hupso_url_c=\"\";<\/script><script type=\"text\/javascript\" src=\"http:\/\/static.hupso.com\/share\/js\/counters.js\"><\/script><!-- Hupso Share Buttons --><\/div><p>El elenco lo completan ristina Banegas, Maril\u00fa Marini, Mirta Busnelli, Florencia Raggi, Valentina Bassi, Laura Grandinetti, M\u00f3nica Raiola, y Heidi Fauth. \u201cLas lilas, el silencio y la noche\u00bb, invocaci\u00f3n a Alejandra Pizarnik, se podr\u00e1 ver el domingo 30 agosto&#46;&#46;&#46;<\/p>\n<div style=\"padding-bottom:20px; padding-top:10px;\" class=\"hupso-share-buttons\"><!-- Hupso Share Buttons - https:\/\/www.hupso.com\/share\/ --><a class=\"hupso_counters\" href=\"https:\/\/www.hupso.com\/share\/\"><img src=\"http:\/\/static.hupso.com\/share\/buttons\/lang\/es\/share-small.png\" style=\"border:0px; padding-top:2px; float:left;\" alt=\"Share Button\"\/><\/a><script type=\"text\/javascript\">var hupso_services_c=new Array(\"twitter\",\"facebook_like\",\"google\");var hupso_counters_lang = \"es_LA\";var hupso_image_folder_url = \"\";var hupso_twitter_via=\"crsyvrs\";var hupso_url_c=\"\";<\/script><script type=\"text\/javascript\" src=\"http:\/\/static.hupso.com\/share\/js\/counters.js\"><\/script><!-- Hupso Share Buttons --><\/div>","protected":false},"author":5,"featured_media":28063,"comment_status":"closed","ping_status":"closed","sticky":false,"template":"","format":"standard","meta":{"footnotes":""},"categories":[7,5],"tags":[1975,7205,3498,9682,9444,8083,9683,8482],"class_list":["post-28062","post","type-post","status-publish","format-standard","has-post-thumbnail","hentry","category-literatura","category-teatro","tag-alejandra-pizarnik","tag-cristina-banegas","tag-florencia-raggi","tag-laura-grandinetti","tag-marilu-marini","tag-mirta-busnelli","tag-monica-raiola","tag-valentina-bassi"],"_links":{"self":[{"href":"http:\/\/cronicasyversiones.com\/index.php?rest_route=\/wp\/v2\/posts\/28062","targetHints":{"allow":["GET"]}}],"collection":[{"href":"http:\/\/cronicasyversiones.com\/index.php?rest_route=\/wp\/v2\/posts"}],"about":[{"href":"http:\/\/cronicasyversiones.com\/index.php?rest_route=\/wp\/v2\/types\/post"}],"author":[{"embeddable":true,"href":"http:\/\/cronicasyversiones.com\/index.php?rest_route=\/wp\/v2\/users\/5"}],"replies":[{"embeddable":true,"href":"http:\/\/cronicasyversiones.com\/index.php?rest_route=%2Fwp%2Fv2%2Fcomments&post=28062"}],"version-history":[{"count":2,"href":"http:\/\/cronicasyversiones.com\/index.php?rest_route=\/wp\/v2\/posts\/28062\/revisions"}],"predecessor-version":[{"id":28065,"href":"http:\/\/cronicasyversiones.com\/index.php?rest_route=\/wp\/v2\/posts\/28062\/revisions\/28065"}],"wp:featuredmedia":[{"embeddable":true,"href":"http:\/\/cronicasyversiones.com\/index.php?rest_route=\/wp\/v2\/media\/28063"}],"wp:attachment":[{"href":"http:\/\/cronicasyversiones.com\/index.php?rest_route=%2Fwp%2Fv2%2Fmedia&parent=28062"}],"wp:term":[{"taxonomy":"category","embeddable":true,"href":"http:\/\/cronicasyversiones.com\/index.php?rest_route=%2Fwp%2Fv2%2Fcategories&post=28062"},{"taxonomy":"post_tag","embeddable":true,"href":"http:\/\/cronicasyversiones.com\/index.php?rest_route=%2Fwp%2Fv2%2Ftags&post=28062"}],"curies":[{"name":"wp","href":"https:\/\/api.w.org\/{rel}","templated":true}]}}