{"id":28121,"date":"2020-08-30T09:48:30","date_gmt":"2020-08-30T12:48:30","guid":{"rendered":"http:\/\/cronicasyversiones.com\/?p=28121"},"modified":"2020-08-30T09:48:34","modified_gmt":"2020-08-30T12:48:34","slug":"exactas-primer-disco-en-vivo-de-la-carrera-solista-de-spinetta-cumple-30-anos","status":"publish","type":"post","link":"http:\/\/cronicasyversiones.com\/?p=28121","title":{"rendered":"\u00abExactas\u00bb, primer disco en vivo de la carrera solista de Spinetta, cumple 30 a\u00f1os"},"content":{"rendered":"<div style=\"padding-bottom:20px; padding-top:10px;\" class=\"hupso-share-buttons\"><!-- Hupso Share Buttons - https:\/\/www.hupso.com\/share\/ --><a class=\"hupso_counters\" href=\"https:\/\/www.hupso.com\/share\/\"><img decoding=\"async\" src=\"http:\/\/static.hupso.com\/share\/buttons\/lang\/es\/share-small.png\" style=\"border:0px; padding-top:2px; float:left;\" alt=\"Share Button\"\/><\/a><script type=\"text\/javascript\">var hupso_services_c=new Array(\"twitter\",\"facebook_like\",\"google\");var hupso_counters_lang = \"es_LA\";var hupso_image_folder_url = \"\";var hupso_twitter_via=\"crsyvrs\";var hupso_url_c=\"\";<\/script><script type=\"text\/javascript\" src=\"http:\/\/static.hupso.com\/share\/js\/counters.js\"><\/script><!-- Hupso Share Buttons --><\/div><h4>Por Edgardo Solano<\/h4>\n<h2>El disco, con cl\u00e1sicos y estrenos, se registr\u00f3 el auditorio del Pabell\u00f3n 2 de la Facultad de Ciencias Exactas y Naturales de la Universidad de Buenos Aires.<\/h2>\n<p><img loading=\"lazy\" decoding=\"async\" class=\"size-full wp-image-28122 aligncenter\" src=\"http:\/\/cronicasyversiones.com\/wp-content\/uploads\/2020\/08\/exactas.jpg\" alt=\"\" width=\"750\" height=\"473\" srcset=\"http:\/\/cronicasyversiones.com\/wp-content\/uploads\/2020\/08\/exactas.jpg 750w, http:\/\/cronicasyversiones.com\/wp-content\/uploads\/2020\/08\/exactas-300x189.jpg 300w\" sizes=\"auto, (max-width: 750px) 100vw, 750px\" \/><\/p>\n<p><em><strong>\u201cExactas\u201d<\/strong><\/em>, el primer disco en vivo como solista de <strong>Luis Alberto Spinetta<\/strong>, se editaba hace 30 a\u00f1os con el registro de dos conciertos que brind\u00f3 en el auditorio del Pabell\u00f3n 2 de la Facultad de Ciencias Exactas y Naturales de la Universidad de Buenos Aires, en el predio de Ciudad Universitaria.<\/p>\n<p>En este trabajo, el primero que edito en los \u201990, contiene temas de varias \u00e9pocas de su carrera, que toc\u00f3 en vivo despu\u00e9s de muchos a\u00f1os, y tambi\u00e9n un par de estrenos.<\/p>\n<p><em><strong>\u201cQue ves el cielo\u201d<\/strong> <\/em>abre el disco, y tambi\u00e9n fue el primer tema de los conciertos, desempolvando una hermosa canci\u00f3n de tiempos de Invisible.<\/p>\n<p>Le sigue una hermosa bell\u00edsima versi\u00f3n de <em><strong>\u201cAmor de primavera\u201d,<\/strong><\/em> de Tanguito, a quien el Spinetta siempre admir\u00f3. Tambi\u00e9n sorprendi\u00f3 con una versi\u00f3n en tiempo de reggae de <em><strong>\u201cParvas\u201d<\/strong><\/em>, del segundo disco de Almendra.<\/p>\n<p>Tambi\u00e9n son\u00f3 <em><strong>\u201cEl marcapiel\u201d<\/strong><\/em>, de <em><strong>\u201cTester de violencia\u201d<\/strong><\/em>, y <em><strong>\u201cPeque\u00f1o \u00e1ngel\u201d<\/strong><\/em>, del disco a d\u00fao con Fito P\u00e1ez.<\/p>\n<p>Siempre reacio a tocar temas viejos y harto del \u201cFlaco, toca Muchacha\u201d, en estos conciertos en vivo le dio el gusto a m\u00e1s de uno al revivir a <em><strong>\u201cLa cereza del zar\u201d,<\/strong><\/em> de \u201cPescado 2\u201d, y <em><strong>\u201cPlegaria para un ni\u00f1o dormido\u201d,<\/strong><\/em> de <a href=\"http:\/\/cronicasyversiones.com\/?p=25724\">primer \u00e1lbum de Almendra<\/a>.<\/p>\n<p>Adem\u00e1s sum\u00f3 composiciones las nuevas, como la potente<em><strong> \u201cPsicocisne\u201d<\/strong><\/em> y la sutil<em><strong> \u201cFrazada de cactus\u201d.<\/strong><\/em><\/p>\n<p>El disco cierra con versi\u00f3n de <em><strong>\u201cLa herida de Paris\u201d,<\/strong><\/em> muy distinta a la de Jade, y que incluy\u00f3 un brillante solo de bajo a cargo de un muy joven <strong>Javier Malosetti.<\/strong><\/p>\n<p>Adem\u00e1s de este notable bajista, por entonces la banda del \u201cFlaco\u201d ten\u00eda un verdadero seleccionado con<\/p>\n<p>La banda que lo acompa\u00f1\u00f3 estaba formada por <strong>Guillermo Arrom<\/strong> en guitarra, el tamdem de teclados de del <strong>Mono Fontana y Claudio Cardone<\/strong>, y el reci\u00e9n ingresado <strong>Marcelo Novati<\/strong> en bater\u00eda, que reemplaz\u00f3 a <strong>Jota Morelli.<\/strong><\/p>\n<p>El proyecto de hacer un \u00e1lbum en vivo naci\u00f3 despu\u00e9s escuchar una cinta de gran calidad sonora que tuvo la presentaci\u00f3n de su trabajo anterior,<em><strong> \u201cDon Lucero\u201d,<\/strong><\/em> en el Teatro \u00d3pera.<\/p>\n<p>El plan tom\u00f3 forma con la propuesta de tocar en una sala con un muy buena ac\u00fastica en plena Ciudad Universitaria, donde el Flaco hab\u00eda hecho el curso de ingreso para la carrera de Arquitectura a fines de los \u201960.<\/p>\n<p>El nombre del disco remite precisamente a los dos conciertos que ofreci\u00f3 el 30 y el 31 de agosto de 1990 en el Pabell\u00f3n 2 de la Facultad de Ciencias Exactas y Naturales, cuya organizaci\u00f3n estuvo a cargo de los Centros de Estudiantes y la Secretar\u00eda de Extensi\u00f3n Universitaria.<\/p>\n<p>Fueron dos shows tuvieron entradas accesibles y sin m\u00e1s publicidad que un pasacalle se colm\u00f3 la capacidad de las dos funciones.<\/p>\n<p><iframe loading=\"lazy\" src=\"https:\/\/www.youtube.com\/embed\/wlkInJ3pfZc\" width=\"560\" height=\"315\" frameborder=\"0\" allowfullscreen=\"allowfullscreen\"><\/iframe><\/p>\n<p><strong>EL FLACO EN VIVO<\/strong><\/p>\n<p>La experiencia anterior de Luis Alberto Spinetta con un disco en vivo fue con el registro del regreso de Almendra en 1979 en el estadio de Obras Sanitarias.<\/p>\n<p>Luego de \u201cExactas\u201d, public\u00f3 en vivo <em><strong>\u201cSan Crist\u00f3foro\u201d,<\/strong><\/em> con Los Socios del Desierto,<em><strong> \u201cEstrelicia MTV Unplugged\u201d&nbsp;<\/strong> <\/em>y <em><strong>\u201cArgentina Sorgo Films presenta: Spinetta Obras\u201d.<\/strong><\/em><\/p>\n<p>Tambi\u00e9n registr\u00f3 en vivo <a href=\"http:\/\/cronicasyversiones.com\/?p=25304\">el concierto de<em><strong> \u201cLas Bandas Eternas\u201d<\/strong><\/em><\/a>, que tuvo lugar en 2009 en V\u00e9lez Sarsfiled.<\/p>\n<div style=\"padding-bottom:20px; padding-top:10px;\" class=\"hupso-share-buttons\"><!-- Hupso Share Buttons - https:\/\/www.hupso.com\/share\/ --><a class=\"hupso_counters\" href=\"https:\/\/www.hupso.com\/share\/\"><img decoding=\"async\" src=\"http:\/\/static.hupso.com\/share\/buttons\/lang\/es\/share-small.png\" style=\"border:0px; padding-top:2px; float:left;\" alt=\"Share Button\"\/><\/a><script type=\"text\/javascript\">var hupso_services_c=new Array(\"twitter\",\"facebook_like\",\"google\");var hupso_counters_lang = \"es_LA\";var hupso_image_folder_url = \"\";var hupso_twitter_via=\"crsyvrs\";var hupso_url_c=\"\";<\/script><script type=\"text\/javascript\" src=\"http:\/\/static.hupso.com\/share\/js\/counters.js\"><\/script><!-- Hupso Share Buttons --><\/div> ","protected":false},"excerpt":{"rendered":"<div style=\"padding-bottom:20px; padding-top:10px;\" class=\"hupso-share-buttons\"><!-- Hupso Share Buttons - https:\/\/www.hupso.com\/share\/ --><a class=\"hupso_counters\" href=\"https:\/\/www.hupso.com\/share\/\"><img src=\"http:\/\/static.hupso.com\/share\/buttons\/lang\/es\/share-small.png\" style=\"border:0px; padding-top:2px; float:left;\" alt=\"Share Button\"\/><\/a><script type=\"text\/javascript\">var hupso_services_c=new Array(\"twitter\",\"facebook_like\",\"google\");var hupso_counters_lang = \"es_LA\";var hupso_image_folder_url = \"\";var hupso_twitter_via=\"crsyvrs\";var hupso_url_c=\"\";<\/script><script type=\"text\/javascript\" src=\"http:\/\/static.hupso.com\/share\/js\/counters.js\"><\/script><!-- Hupso Share Buttons --><\/div><p>Por Edgardo Solano El disco, con cl\u00e1sicos y estrenos, se registr\u00f3 el auditorio del Pabell\u00f3n 2 de la Facultad de Ciencias Exactas y Naturales de la Universidad de Buenos Aires. \u201cExactas\u201d, el primer disco en vivo como solista de&#46;&#46;&#46;<\/p>\n<div style=\"padding-bottom:20px; padding-top:10px;\" class=\"hupso-share-buttons\"><!-- Hupso Share Buttons - https:\/\/www.hupso.com\/share\/ --><a class=\"hupso_counters\" href=\"https:\/\/www.hupso.com\/share\/\"><img src=\"http:\/\/static.hupso.com\/share\/buttons\/lang\/es\/share-small.png\" style=\"border:0px; padding-top:2px; float:left;\" alt=\"Share Button\"\/><\/a><script type=\"text\/javascript\">var hupso_services_c=new Array(\"twitter\",\"facebook_like\",\"google\");var hupso_counters_lang = \"es_LA\";var hupso_image_folder_url = \"\";var hupso_twitter_via=\"crsyvrs\";var hupso_url_c=\"\";<\/script><script type=\"text\/javascript\" src=\"http:\/\/static.hupso.com\/share\/js\/counters.js\"><\/script><!-- Hupso Share Buttons --><\/div>","protected":false},"author":5,"featured_media":28122,"comment_status":"closed","ping_status":"closed","sticky":false,"template":"","format":"standard","meta":{"footnotes":""},"categories":[3,3944],"tags":[47],"class_list":["post-28121","post","type-post","status-publish","format-standard","has-post-thumbnail","hentry","category-musica","category-spinettario","tag-luis-alberto-spinetta"],"_links":{"self":[{"href":"http:\/\/cronicasyversiones.com\/index.php?rest_route=\/wp\/v2\/posts\/28121","targetHints":{"allow":["GET"]}}],"collection":[{"href":"http:\/\/cronicasyversiones.com\/index.php?rest_route=\/wp\/v2\/posts"}],"about":[{"href":"http:\/\/cronicasyversiones.com\/index.php?rest_route=\/wp\/v2\/types\/post"}],"author":[{"embeddable":true,"href":"http:\/\/cronicasyversiones.com\/index.php?rest_route=\/wp\/v2\/users\/5"}],"replies":[{"embeddable":true,"href":"http:\/\/cronicasyversiones.com\/index.php?rest_route=%2Fwp%2Fv2%2Fcomments&post=28121"}],"version-history":[{"count":2,"href":"http:\/\/cronicasyversiones.com\/index.php?rest_route=\/wp\/v2\/posts\/28121\/revisions"}],"predecessor-version":[{"id":28131,"href":"http:\/\/cronicasyversiones.com\/index.php?rest_route=\/wp\/v2\/posts\/28121\/revisions\/28131"}],"wp:featuredmedia":[{"embeddable":true,"href":"http:\/\/cronicasyversiones.com\/index.php?rest_route=\/wp\/v2\/media\/28122"}],"wp:attachment":[{"href":"http:\/\/cronicasyversiones.com\/index.php?rest_route=%2Fwp%2Fv2%2Fmedia&parent=28121"}],"wp:term":[{"taxonomy":"category","embeddable":true,"href":"http:\/\/cronicasyversiones.com\/index.php?rest_route=%2Fwp%2Fv2%2Fcategories&post=28121"},{"taxonomy":"post_tag","embeddable":true,"href":"http:\/\/cronicasyversiones.com\/index.php?rest_route=%2Fwp%2Fv2%2Ftags&post=28121"}],"curies":[{"name":"wp","href":"https:\/\/api.w.org\/{rel}","templated":true}]}}