{"id":28167,"date":"2020-09-07T08:51:13","date_gmt":"2020-09-07T11:51:13","guid":{"rendered":"http:\/\/cronicasyversiones.com\/?p=28167"},"modified":"2020-09-07T08:51:21","modified_gmt":"2020-09-07T11:51:21","slug":"llega-una-nueva-edicion-del-festival-internacional-cine-migrante","status":"publish","type":"post","link":"http:\/\/cronicasyversiones.com\/?p=28167","title":{"rendered":"Llega una nueva edici\u00f3n del Festival Internacional Cine Migrante"},"content":{"rendered":"<div style=\"padding-bottom:20px; padding-top:10px;\" class=\"hupso-share-buttons\"><!-- Hupso Share Buttons - https:\/\/www.hupso.com\/share\/ --><a class=\"hupso_counters\" href=\"https:\/\/www.hupso.com\/share\/\"><img decoding=\"async\" src=\"http:\/\/static.hupso.com\/share\/buttons\/lang\/es\/share-small.png\" style=\"border:0px; padding-top:2px; float:left;\" alt=\"Share Button\"\/><\/a><script type=\"text\/javascript\">var hupso_services_c=new Array(\"twitter\",\"facebook_like\",\"google\");var hupso_counters_lang = \"es_LA\";var hupso_image_folder_url = \"\";var hupso_twitter_via=\"crsyvrs\";var hupso_url_c=\"\";<\/script><script type=\"text\/javascript\" src=\"http:\/\/static.hupso.com\/share\/js\/counters.js\"><\/script><!-- Hupso Share Buttons --><\/div><h2>La cita, disponible online, propone generar un espacio cultural que permita el acercamiento, la profundizaci\u00f3n y la sensibilizaci\u00f3n acerca de la tem\u00e1tica migratoria.<\/h2>\n<p><img loading=\"lazy\" decoding=\"async\" class=\"size-full wp-image-28168 aligncenter\" src=\"http:\/\/cronicasyversiones.com\/wp-content\/uploads\/2020\/09\/cine.jpg\" alt=\"\" width=\"750\" height=\"528\" srcset=\"http:\/\/cronicasyversiones.com\/wp-content\/uploads\/2020\/09\/cine.jpg 750w, http:\/\/cronicasyversiones.com\/wp-content\/uploads\/2020\/09\/cine-300x211.jpg 300w\" sizes=\"auto, (max-width: 750px) 100vw, 750px\" \/><\/p>\n<p>La edici\u00f3n n\u00famero 11 del <strong>Festival Internacional Cine Migrante<\/strong> tendr\u00e1 lugar del 22 al 29 de septiembre, a trav\u00e9s de la plataforma currents.fm, con acceso libre y gratuito.<\/p>\n<p>Se trata de un encuentro que propone generar un espacio cultural que permita el acercamiento, la profundizaci\u00f3n y la sensibilizaci\u00f3n acerca de la tem\u00e1tica migratoria.<\/p>\n<p>Con sus secciones centrales, retrospectiva, charlas y presentaciones, esta nueva edici\u00f3n ofrecer\u00e1 un espacio de proyecci\u00f3n digital, interacci\u00f3n e intercambio entre los directores, invitados y el p\u00fablico y se transmitir\u00e1 en vivo -no ofrecer\u00e1 las pel\u00edculas on demand- con el fin de reflejar la pr\u00e1ctica comunitaria del cine y fomentar la acci\u00f3n colectiva para mantener la impronta del festival.<\/p>\n<p><em><strong>LEA TAMBI\u00c9N:<\/strong><\/em><\/p>\n<div class=\"video-container\">\n<blockquote class=\"wp-embedded-content\" data-secret=\"ZrrRDXdmFN\"><p><a href=\"https:\/\/cronicasyversiones.com\/?p=28140\">La vida de la anarquista Juana Rouco Buela, en documental<\/a><\/p><\/blockquote>\n<p><iframe loading=\"lazy\" class=\"wp-embedded-content\" sandbox=\"allow-scripts\" security=\"restricted\" style=\"position: absolute; clip: rect(1px, 1px, 1px, 1px);\" title=\"\u00abLa vida de la anarquista Juana Rouco Buela, en documental\u00bb \u2014    \" src=\"https:\/\/cronicasyversiones.com\/?p=28140&#038;embed=true#?secret=AcNKCEwM6L#?secret=ZrrRDXdmFN\" data-secret=\"ZrrRDXdmFN\" width=\"600\" height=\"338\" frameborder=\"0\" marginwidth=\"0\" marginheight=\"0\" scrolling=\"no\"><\/iframe><\/div>\n<p>En esta oportunidad contar\u00e1 &nbsp;con cinco salas de exhibici\u00f3n que funcionar\u00e1n de 17 a 24, tendr\u00e1 la secci\u00f3n central que incluye tres ejes:<em><strong> \u00abI Can\u00b4t Breathe\u00bb, \u00abNecropol\u00edtica\/Fronteras\u00bb<\/strong><\/em> y <em><strong>\u00abRelatos que Agujerean la Trama\u00bb<\/strong><\/em>, que buscar\u00e1n mostrar desde diferentes perspectivas la imposibilidad del encuentro con los otros.<\/p>\n<p>En la sala<em><strong> \u00abI Can\u00b4t Breathe\u00bb<\/strong> <\/em>se podr\u00e1n ver pel\u00edculas que reflejan las im\u00e1genes de miles de j\u00f3venes radicalizados que se unen bajo un mismo grito, con los filmes \u00ab\u00bfTe preguntaste qui\u00e9n dispar\u00f3 el arma?\u00bb, de Travis Wilkerson; \u00abWhat you gonna do when the world\u00b4s on fire?\u00bb, de Roberto Minervini; \u00abGeneraci\u00f3n revoluci\u00f3n\u00bb, de Cassie Quarless y Usayd Younis; \u00abLetal (Auto de Resistencia)\u00bb; de Natasha Neri y Lula Carvalho; y \u00abPibe Chorro\u00bb, de Andrea Testa.<\/p>\n<p>Tambi\u00e9n se realizar\u00e1n las charlas \u00abI can&#8217;t breathe. Un grito desde la perspectiva del movimiento Black Lives Matter'\u00bb, con el estadounidense Kazembe Balag\u00fan; y \u00abLas vidas faveladas importan. Un grito de mujeres organizadas\u00bb, un di\u00e1logo entre las directoras Natasha Neri y Andrea Testa junto a las madres de menores asesinados por la polic\u00eda de R\u00edo de Janeiro.<\/p>\n<p>En la sala <em><strong>\u00abNecropol\u00edtica\/Fronteras\u00bb,<\/strong><\/em> secci\u00f3n que repasa esas historias en las que la frontera atraviesa las existencias de miles de personas, y en donde cruzarla puede llegar a implicar la muerte, se ver\u00e1n las cintas \u00abTempestad\u00bb, de Tatiana Huezo; \u00abSur la planche\u00bb, de Leila Kilani; y \u00abThose who feel when the fire is burning\u00bb, de Morgan Knibbe.<\/p>\n<p>Tambi\u00e9n, habr\u00e1 lugar para las charlas <em><strong>\u00abMujer de frontera. Defender el derecho a la vida no es delito\u00bb,<\/strong><\/em> con Helena Maleno (Marruecos, Espa\u00f1a); y \u00abGesti\u00f3n de la frontera, modo de gesti\u00f3n de la muerte\u00bb, con Sandro Mezzadra (Italia).<\/p>\n<p>La sala <em><strong>\u00abRelatos que Agujerean la Trama\u00bb<\/strong> <\/em>contar\u00e1 con los t\u00edtulos \u00abMother I am Suffocating. This is my last film about you\u00bb, de Lemohang Jeremiah Mosese; \u00abAnd When I die I won&#8217;t stay dead\u00bb, de Billy Woodberry; \u00abTemporada\u00bb, de Andr\u00e9 Novais; \u00abWi\u00f1aypacha\u00bb, de Oscar Catacora; y \u00abRey\u00bb, de Niles Atallah.<\/p>\n<p>Este a\u00f1o se realizar\u00e1 una retrospectiva especial sobre la cineasta feminista Sarah Maldoror, curada por su hija Annouchka de Andrade y por Chema Gonz\u00e1lez -Jefe de Actividades Culturales del Museo Reina Sof\u00eda-; y habr\u00e1 un ciclo de cine de medianoche que se exhibir\u00e1 en la Sala \u00abNoches Extra\u00f1as\u00bb, cuyo lema es: todo cuerpo es pol\u00edtico\u00bb, y que tendr\u00e1 presentaciones en vivo de Sofi Tramazaygues, prostituta y youtuber.<\/p>\n<p>Para acceder a la programaci\u00f3n se deber\u00e1 generar un usuario en <em><strong>https:\/\/cinemigrante.currents.fm<\/strong><\/em><\/p>\n<p>&nbsp;<\/p>\n<div style=\"padding-bottom:20px; padding-top:10px;\" class=\"hupso-share-buttons\"><!-- Hupso Share Buttons - https:\/\/www.hupso.com\/share\/ --><a class=\"hupso_counters\" href=\"https:\/\/www.hupso.com\/share\/\"><img decoding=\"async\" src=\"http:\/\/static.hupso.com\/share\/buttons\/lang\/es\/share-small.png\" style=\"border:0px; padding-top:2px; float:left;\" alt=\"Share Button\"\/><\/a><script type=\"text\/javascript\">var hupso_services_c=new Array(\"twitter\",\"facebook_like\",\"google\");var hupso_counters_lang = \"es_LA\";var hupso_image_folder_url = \"\";var hupso_twitter_via=\"crsyvrs\";var hupso_url_c=\"\";<\/script><script type=\"text\/javascript\" src=\"http:\/\/static.hupso.com\/share\/js\/counters.js\"><\/script><!-- Hupso Share Buttons --><\/div> ","protected":false},"excerpt":{"rendered":"<div style=\"padding-bottom:20px; padding-top:10px;\" class=\"hupso-share-buttons\"><!-- Hupso Share Buttons - https:\/\/www.hupso.com\/share\/ --><a class=\"hupso_counters\" href=\"https:\/\/www.hupso.com\/share\/\"><img src=\"http:\/\/static.hupso.com\/share\/buttons\/lang\/es\/share-small.png\" style=\"border:0px; padding-top:2px; float:left;\" alt=\"Share Button\"\/><\/a><script type=\"text\/javascript\">var hupso_services_c=new Array(\"twitter\",\"facebook_like\",\"google\");var hupso_counters_lang = \"es_LA\";var hupso_image_folder_url = \"\";var hupso_twitter_via=\"crsyvrs\";var hupso_url_c=\"\";<\/script><script type=\"text\/javascript\" src=\"http:\/\/static.hupso.com\/share\/js\/counters.js\"><\/script><!-- Hupso Share Buttons --><\/div><p>La cita, disponible online, propone generar un espacio cultural que permita el acercamiento, la profundizaci\u00f3n y la sensibilizaci\u00f3n acerca de la tem\u00e1tica migratoria. La edici\u00f3n n\u00famero 11 del Festival Internacional Cine Migrante tendr\u00e1 lugar del 22 al 29 de&#46;&#46;&#46;<\/p>\n<div style=\"padding-bottom:20px; padding-top:10px;\" class=\"hupso-share-buttons\"><!-- Hupso Share Buttons - https:\/\/www.hupso.com\/share\/ --><a class=\"hupso_counters\" href=\"https:\/\/www.hupso.com\/share\/\"><img src=\"http:\/\/static.hupso.com\/share\/buttons\/lang\/es\/share-small.png\" style=\"border:0px; padding-top:2px; float:left;\" alt=\"Share Button\"\/><\/a><script type=\"text\/javascript\">var hupso_services_c=new Array(\"twitter\",\"facebook_like\",\"google\");var hupso_counters_lang = \"es_LA\";var hupso_image_folder_url = \"\";var hupso_twitter_via=\"crsyvrs\";var hupso_url_c=\"\";<\/script><script type=\"text\/javascript\" src=\"http:\/\/static.hupso.com\/share\/js\/counters.js\"><\/script><!-- Hupso Share Buttons --><\/div>","protected":false},"author":5,"featured_media":28168,"comment_status":"closed","ping_status":"closed","sticky":false,"template":"","format":"standard","meta":{"footnotes":""},"categories":[4],"tags":[7320],"class_list":["post-28167","post","type-post","status-publish","format-standard","has-post-thumbnail","hentry","category-cine","tag-cine-migrante"],"_links":{"self":[{"href":"http:\/\/cronicasyversiones.com\/index.php?rest_route=\/wp\/v2\/posts\/28167","targetHints":{"allow":["GET"]}}],"collection":[{"href":"http:\/\/cronicasyversiones.com\/index.php?rest_route=\/wp\/v2\/posts"}],"about":[{"href":"http:\/\/cronicasyversiones.com\/index.php?rest_route=\/wp\/v2\/types\/post"}],"author":[{"embeddable":true,"href":"http:\/\/cronicasyversiones.com\/index.php?rest_route=\/wp\/v2\/users\/5"}],"replies":[{"embeddable":true,"href":"http:\/\/cronicasyversiones.com\/index.php?rest_route=%2Fwp%2Fv2%2Fcomments&post=28167"}],"version-history":[{"count":2,"href":"http:\/\/cronicasyversiones.com\/index.php?rest_route=\/wp\/v2\/posts\/28167\/revisions"}],"predecessor-version":[{"id":28199,"href":"http:\/\/cronicasyversiones.com\/index.php?rest_route=\/wp\/v2\/posts\/28167\/revisions\/28199"}],"wp:featuredmedia":[{"embeddable":true,"href":"http:\/\/cronicasyversiones.com\/index.php?rest_route=\/wp\/v2\/media\/28168"}],"wp:attachment":[{"href":"http:\/\/cronicasyversiones.com\/index.php?rest_route=%2Fwp%2Fv2%2Fmedia&parent=28167"}],"wp:term":[{"taxonomy":"category","embeddable":true,"href":"http:\/\/cronicasyversiones.com\/index.php?rest_route=%2Fwp%2Fv2%2Fcategories&post=28167"},{"taxonomy":"post_tag","embeddable":true,"href":"http:\/\/cronicasyversiones.com\/index.php?rest_route=%2Fwp%2Fv2%2Ftags&post=28167"}],"curies":[{"name":"wp","href":"https:\/\/api.w.org\/{rel}","templated":true}]}}