{"id":28309,"date":"2020-09-17T14:39:25","date_gmt":"2020-09-17T17:39:25","guid":{"rendered":"http:\/\/cronicasyversiones.com\/?p=28309"},"modified":"2020-09-17T14:41:08","modified_gmt":"2020-09-17T17:41:08","slug":"el-recital-por-el-dia-del-estudiante-solidario-en-formato-virtual","status":"publish","type":"post","link":"http:\/\/cronicasyversiones.com\/?p=28309","title":{"rendered":"El recital por el D\u00eda del Estudiante Solidario, en formato virtual"},"content":{"rendered":"<div style=\"padding-bottom:20px; padding-top:10px;\" class=\"hupso-share-buttons\"><!-- Hupso Share Buttons - https:\/\/www.hupso.com\/share\/ --><a class=\"hupso_counters\" href=\"https:\/\/www.hupso.com\/share\/\"><img decoding=\"async\" src=\"http:\/\/static.hupso.com\/share\/buttons\/lang\/es\/share-small.png\" style=\"border:0px; padding-top:2px; float:left;\" alt=\"Share Button\"\/><\/a><script type=\"text\/javascript\">var hupso_services_c=new Array(\"twitter\",\"facebook_like\",\"google\");var hupso_counters_lang = \"es_LA\";var hupso_image_folder_url = \"\";var hupso_twitter_via=\"crsyvrs\";var hupso_url_c=\"\";<\/script><script type=\"text\/javascript\" src=\"http:\/\/static.hupso.com\/share\/js\/counters.js\"><\/script><!-- Hupso Share Buttons --><\/div><h2>Organizado por Conduciendo a Conciencia, el encuentro v\u00eda streamig tendr\u00e1 lugar el 8 de octubre con la presencia de notables artistas.<\/h2>\n<p><img loading=\"lazy\" decoding=\"async\" class=\"size-full wp-image-28310 aligncenter\" src=\"http:\/\/cronicasyversiones.com\/wp-content\/uploads\/2020\/09\/lula.jpg\" alt=\"\" width=\"750\" height=\"525\" srcset=\"http:\/\/cronicasyversiones.com\/wp-content\/uploads\/2020\/09\/lula.jpg 750w, http:\/\/cronicasyversiones.com\/wp-content\/uploads\/2020\/09\/lula-300x210.jpg 300w\" sizes=\"auto, (max-width: 750px) 100vw, 750px\" \/><\/p>\n<p>El pr\u00f3ximo 8 de octubre desde las 21, tendr\u00e1 lugar el recital virtual por el <strong>D\u00eda del Estudiante Solidario<\/strong>, que recuerda a los alumnos del Colegio Ecos fallecidos en un accidente vehicular en 2006.<\/p>\n<p>Organizada por la <strong>Asociaci\u00f3n Civil Conduciendo a Conciencia<\/strong>, que desde hace 14 a\u00f1os realiza recitales en homenaje a los estudiantes y la profesora que murieron cuando regresaban de un viaje solidario a Quitillipi, Chaco, esta nueva edici\u00f3n del concierto se llevar\u00e1 a cabo por streaming.<\/p>\n<blockquote><p>\u201cPor las circunstancias de pandemia que atravesamos y el distanciamiento social impuesto para protecci\u00f3n de todos, esta realizaci\u00f3n de un recital virtual ser\u00e1 un evento diferente pero igualmente solidario\u201d, explicaron los organizadores.<\/p><\/blockquote>\n<p>En formato streaming, los artistas participar\u00e1n esta vez desde sus casas o estudios, interpretando canciones propias, nuevas y cl\u00e1sicas, en muchos casos en dupla con otras de las personalidades destacadas.<\/p>\n<p>El listado de los artistas confirmados hasta el momento incluye a Le\u00f3n Gieco, Teresa Parodi, Los Tipitos, Baglietto-Vitale, Los Decadentes, Dante Spinetta, Hilda Lizarazu, Alejandro Lerner, Lula Bertoldi, Javier Malosetti, Ligia Piro, Andr\u00e9s Gim\u00e9nez y Magdalena Fleitas.<\/p>\n<p>Tambi\u00e9n ser\u00e1n de la partida Pi\u00f1\u00f3n Fijo, Sandra V\u00e1zquez, Juanchi Baleir\u00f3n, Agarrate Catalina, Kevin Johansen, Sol Mihanovich, Miranda Johansen, Leo Garc\u00eda, In\u00e9s Est\u00e9vez, Franco Luciani, El Plan de la Mariposa, Yacar\u00e9 Manso, Perot\u00e1 Ching\u00f3 y Los Raviolis.<\/p>\n<p>Todo lo recaudado ser\u00e1 destinado a la compra de alimentos no perecederos y \u00fatiles escolares que llegar\u00e1n a 18 escuelas rurales que integran 1.800 alumnos y sus familias, y a tres hospitales en cinco provincias del norte del pa\u00eds.<\/p>\n<p>Los accesos est\u00e1n disponibles a trav\u00e9s de la plataforma Tickethoy, con un valor inicial de $ 350, aunque el p\u00fablico podr\u00e1 elegir pagar un importe mayor si desea hacer una colaboraci\u00f3n m\u00e1s grande en la web de conduciendoaconciencia.org.<\/p>\n<div style=\"padding-bottom:20px; padding-top:10px;\" class=\"hupso-share-buttons\"><!-- Hupso Share Buttons - https:\/\/www.hupso.com\/share\/ --><a class=\"hupso_counters\" href=\"https:\/\/www.hupso.com\/share\/\"><img decoding=\"async\" src=\"http:\/\/static.hupso.com\/share\/buttons\/lang\/es\/share-small.png\" style=\"border:0px; padding-top:2px; float:left;\" alt=\"Share Button\"\/><\/a><script type=\"text\/javascript\">var hupso_services_c=new Array(\"twitter\",\"facebook_like\",\"google\");var hupso_counters_lang = \"es_LA\";var hupso_image_folder_url = \"\";var hupso_twitter_via=\"crsyvrs\";var hupso_url_c=\"\";<\/script><script type=\"text\/javascript\" src=\"http:\/\/static.hupso.com\/share\/js\/counters.js\"><\/script><!-- Hupso Share Buttons --><\/div> ","protected":false},"excerpt":{"rendered":"<div style=\"padding-bottom:20px; padding-top:10px;\" class=\"hupso-share-buttons\"><!-- Hupso Share Buttons - https:\/\/www.hupso.com\/share\/ --><a class=\"hupso_counters\" href=\"https:\/\/www.hupso.com\/share\/\"><img src=\"http:\/\/static.hupso.com\/share\/buttons\/lang\/es\/share-small.png\" style=\"border:0px; padding-top:2px; float:left;\" alt=\"Share Button\"\/><\/a><script type=\"text\/javascript\">var hupso_services_c=new Array(\"twitter\",\"facebook_like\",\"google\");var hupso_counters_lang = \"es_LA\";var hupso_image_folder_url = \"\";var hupso_twitter_via=\"crsyvrs\";var hupso_url_c=\"\";<\/script><script type=\"text\/javascript\" src=\"http:\/\/static.hupso.com\/share\/js\/counters.js\"><\/script><!-- Hupso Share Buttons --><\/div><p>Organizado por Conduciendo a Conciencia, el encuentro v\u00eda streamig tendr\u00e1 lugar el 8 de octubre con la presencia de notables artistas. El pr\u00f3ximo 8 de octubre desde las 21, tendr\u00e1 lugar el recital virtual por el D\u00eda del Estudiante&#46;&#46;&#46;<\/p>\n<div style=\"padding-bottom:20px; padding-top:10px;\" class=\"hupso-share-buttons\"><!-- Hupso Share Buttons - https:\/\/www.hupso.com\/share\/ --><a class=\"hupso_counters\" href=\"https:\/\/www.hupso.com\/share\/\"><img src=\"http:\/\/static.hupso.com\/share\/buttons\/lang\/es\/share-small.png\" style=\"border:0px; padding-top:2px; float:left;\" alt=\"Share Button\"\/><\/a><script type=\"text\/javascript\">var hupso_services_c=new Array(\"twitter\",\"facebook_like\",\"google\");var hupso_counters_lang = \"es_LA\";var hupso_image_folder_url = \"\";var hupso_twitter_via=\"crsyvrs\";var hupso_url_c=\"\";<\/script><script type=\"text\/javascript\" src=\"http:\/\/static.hupso.com\/share\/js\/counters.js\"><\/script><!-- Hupso Share Buttons --><\/div>","protected":false},"author":5,"featured_media":28310,"comment_status":"closed","ping_status":"closed","sticky":false,"template":"","format":"standard","meta":{"footnotes":""},"categories":[3,9],"tags":[2398,5515,5443,623,2986,9695],"class_list":["post-28309","post","type-post","status-publish","format-standard","has-post-thumbnail","hentry","category-musica","category-sociedad","tag-conduciendo-a-conciencia","tag-dante-spinetta","tag-dia-del-estudiante-solidario","tag-leon-gieco","tag-los-tipitos","tag-teresa-parodi"],"_links":{"self":[{"href":"http:\/\/cronicasyversiones.com\/index.php?rest_route=\/wp\/v2\/posts\/28309","targetHints":{"allow":["GET"]}}],"collection":[{"href":"http:\/\/cronicasyversiones.com\/index.php?rest_route=\/wp\/v2\/posts"}],"about":[{"href":"http:\/\/cronicasyversiones.com\/index.php?rest_route=\/wp\/v2\/types\/post"}],"author":[{"embeddable":true,"href":"http:\/\/cronicasyversiones.com\/index.php?rest_route=\/wp\/v2\/users\/5"}],"replies":[{"embeddable":true,"href":"http:\/\/cronicasyversiones.com\/index.php?rest_route=%2Fwp%2Fv2%2Fcomments&post=28309"}],"version-history":[{"count":2,"href":"http:\/\/cronicasyversiones.com\/index.php?rest_route=\/wp\/v2\/posts\/28309\/revisions"}],"predecessor-version":[{"id":28313,"href":"http:\/\/cronicasyversiones.com\/index.php?rest_route=\/wp\/v2\/posts\/28309\/revisions\/28313"}],"wp:featuredmedia":[{"embeddable":true,"href":"http:\/\/cronicasyversiones.com\/index.php?rest_route=\/wp\/v2\/media\/28310"}],"wp:attachment":[{"href":"http:\/\/cronicasyversiones.com\/index.php?rest_route=%2Fwp%2Fv2%2Fmedia&parent=28309"}],"wp:term":[{"taxonomy":"category","embeddable":true,"href":"http:\/\/cronicasyversiones.com\/index.php?rest_route=%2Fwp%2Fv2%2Fcategories&post=28309"},{"taxonomy":"post_tag","embeddable":true,"href":"http:\/\/cronicasyversiones.com\/index.php?rest_route=%2Fwp%2Fv2%2Ftags&post=28309"}],"curies":[{"name":"wp","href":"https:\/\/api.w.org\/{rel}","templated":true}]}}