{"id":28331,"date":"2020-09-18T15:50:32","date_gmt":"2020-09-18T18:50:32","guid":{"rendered":"http:\/\/cronicasyversiones.com\/?p=28331"},"modified":"2020-09-18T15:50:32","modified_gmt":"2020-09-18T18:50:32","slug":"crimenes-de-familia-representa-a-la-argentina-en-los-premios-goya","status":"publish","type":"post","link":"http:\/\/cronicasyversiones.com\/?p=28331","title":{"rendered":"\u00abCr\u00edmenes de familia\u00bb representa a la Argentina en los Premios Goya"},"content":{"rendered":"<div style=\"padding-bottom:20px; padding-top:10px;\" class=\"hupso-share-buttons\"><!-- Hupso Share Buttons - https:\/\/www.hupso.com\/share\/ --><a class=\"hupso_counters\" href=\"https:\/\/www.hupso.com\/share\/\"><img decoding=\"async\" src=\"http:\/\/static.hupso.com\/share\/buttons\/lang\/es\/share-small.png\" style=\"border:0px; padding-top:2px; float:left;\" alt=\"Share Button\"\/><\/a><script type=\"text\/javascript\">var hupso_services_c=new Array(\"twitter\",\"facebook_like\",\"google\");var hupso_counters_lang = \"es_LA\";var hupso_image_folder_url = \"\";var hupso_twitter_via=\"crsyvrs\";var hupso_url_c=\"\";<\/script><script type=\"text\/javascript\" src=\"http:\/\/static.hupso.com\/share\/js\/counters.js\"><\/script><!-- Hupso Share Buttons --><\/div><h2>El film de Sebasti\u00e1n Schindel participar\u00e1 de la cita cinematogr\u00e1fica espa\u00f1ola que tendr\u00e1 lugar en marzo de 2021.<\/h2>\n<p><img loading=\"lazy\" decoding=\"async\" class=\"size-full wp-image-28332 aligncenter\" src=\"http:\/\/cronicasyversiones.com\/wp-content\/uploads\/2020\/09\/crimenes.jpg\" alt=\"\" width=\"750\" height=\"446\" srcset=\"http:\/\/cronicasyversiones.com\/wp-content\/uploads\/2020\/09\/crimenes.jpg 750w, http:\/\/cronicasyversiones.com\/wp-content\/uploads\/2020\/09\/crimenes-300x178.jpg 300w\" sizes=\"auto, (max-width: 750px) 100vw, 750px\" \/><\/p>\n<p><em><strong>\u00abCr\u00edmenes de familia\u00bb<\/strong><\/em>, dirigida de <strong>Sebasti\u00e1n Schindel<\/strong>, representar\u00e1 a la Argentina para disputar la categor\u00eda de Mejor Pel\u00edcula Iberoamericana en los <strong>Premios Goya<\/strong> de Espa\u00f1a, que tendr\u00e1 lugar el 6 de marzo, inform\u00f3 la Academia de las Artes y Ciencias Cinematogr\u00e1ficas de la Argentina.<\/p>\n<p>Sin poder pasar por las salas por la pandemia de conoravirus, fue estrenada a mediados de agosto a trav\u00e9s de <strong>Netflix, Cine.ar y Cine.ar Play.<\/strong><\/p>\n<p>La propuesta del director de <em><strong>\u201cEl patr\u00f3n\u201d<\/strong><\/em> y <em><strong>\u201cEl hijo\u201d<\/strong><\/em>, est\u00e1 protagonizada por <strong>Cecilia Roth, Miguel \u00c1ngel Sol\u00e1, Sof\u00eda Gala Castiglione, Yanina \u00a0\u00c1vila y Benjam\u00edn Amadeo,<\/strong> entre otros.<\/p>\n<p><iframe loading=\"lazy\" src=\"https:\/\/www.youtube.com\/embed\/jlS78f4XcSY\" width=\"600\" height=\"350\" frameborder=\"0\" allowfullscreen=\"allowfullscreen\"><span data-mce-type=\"bookmark\" style=\"display: inline-block; width: 0px; overflow: hidden; line-height: 0;\" class=\"mce_SELRES_start\">?<\/span><\/iframe><\/p>\n<p>Las escenas siguen a Alicia una madre desesperada que har\u00e1 lo imposible para evitar que su hijo Daniel sea condenado por el intento de homicidio de su ex esposa, Marcela.<\/p>\n<p>En medio de todo el proceso, Gladys, la empleada dom\u00e9stica de Alicia, es tambi\u00e9n acusada de un homicidio que terminar\u00e1 por sacudir por completo a la familia.<\/p>\n<div style=\"padding-bottom:20px; padding-top:10px;\" class=\"hupso-share-buttons\"><!-- Hupso Share Buttons - https:\/\/www.hupso.com\/share\/ --><a class=\"hupso_counters\" href=\"https:\/\/www.hupso.com\/share\/\"><img decoding=\"async\" src=\"http:\/\/static.hupso.com\/share\/buttons\/lang\/es\/share-small.png\" style=\"border:0px; padding-top:2px; float:left;\" alt=\"Share Button\"\/><\/a><script type=\"text\/javascript\">var hupso_services_c=new Array(\"twitter\",\"facebook_like\",\"google\");var hupso_counters_lang = \"es_LA\";var hupso_image_folder_url = \"\";var hupso_twitter_via=\"crsyvrs\";var hupso_url_c=\"\";<\/script><script type=\"text\/javascript\" src=\"http:\/\/static.hupso.com\/share\/js\/counters.js\"><\/script><!-- Hupso Share Buttons --><\/div> ","protected":false},"excerpt":{"rendered":"<div style=\"padding-bottom:20px; padding-top:10px;\" class=\"hupso-share-buttons\"><!-- Hupso Share Buttons - https:\/\/www.hupso.com\/share\/ --><a class=\"hupso_counters\" href=\"https:\/\/www.hupso.com\/share\/\"><img src=\"http:\/\/static.hupso.com\/share\/buttons\/lang\/es\/share-small.png\" style=\"border:0px; padding-top:2px; float:left;\" alt=\"Share Button\"\/><\/a><script type=\"text\/javascript\">var hupso_services_c=new Array(\"twitter\",\"facebook_like\",\"google\");var hupso_counters_lang = \"es_LA\";var hupso_image_folder_url = \"\";var hupso_twitter_via=\"crsyvrs\";var hupso_url_c=\"\";<\/script><script type=\"text\/javascript\" src=\"http:\/\/static.hupso.com\/share\/js\/counters.js\"><\/script><!-- Hupso Share Buttons --><\/div><p>El film de Sebasti\u00e1n Schindel participar\u00e1 de la cita cinematogr\u00e1fica espa\u00f1ola que tendr\u00e1 lugar en marzo de 2021. \u00abCr\u00edmenes de familia\u00bb, dirigida de Sebasti\u00e1n Schindel, representar\u00e1 a la Argentina para disputar la categor\u00eda de Mejor Pel\u00edcula Iberoamericana en los&#46;&#46;&#46;<\/p>\n<div style=\"padding-bottom:20px; padding-top:10px;\" class=\"hupso-share-buttons\"><!-- Hupso Share Buttons - https:\/\/www.hupso.com\/share\/ --><a class=\"hupso_counters\" href=\"https:\/\/www.hupso.com\/share\/\"><img src=\"http:\/\/static.hupso.com\/share\/buttons\/lang\/es\/share-small.png\" style=\"border:0px; padding-top:2px; float:left;\" alt=\"Share Button\"\/><\/a><script type=\"text\/javascript\">var hupso_services_c=new Array(\"twitter\",\"facebook_like\",\"google\");var hupso_counters_lang = \"es_LA\";var hupso_image_folder_url = \"\";var hupso_twitter_via=\"crsyvrs\";var hupso_url_c=\"\";<\/script><script type=\"text\/javascript\" src=\"http:\/\/static.hupso.com\/share\/js\/counters.js\"><\/script><!-- Hupso Share Buttons --><\/div>","protected":false},"author":5,"featured_media":28332,"comment_status":"closed","ping_status":"closed","sticky":false,"template":"","format":"standard","meta":{"footnotes":""},"categories":[4],"tags":[3772,371,9680],"class_list":["post-28331","post","type-post","status-publish","format-standard","has-post-thumbnail","hentry","category-cine","tag-ariel-roth","tag-premios-goya","tag-sebastian-schindel"],"_links":{"self":[{"href":"http:\/\/cronicasyversiones.com\/index.php?rest_route=\/wp\/v2\/posts\/28331","targetHints":{"allow":["GET"]}}],"collection":[{"href":"http:\/\/cronicasyversiones.com\/index.php?rest_route=\/wp\/v2\/posts"}],"about":[{"href":"http:\/\/cronicasyversiones.com\/index.php?rest_route=\/wp\/v2\/types\/post"}],"author":[{"embeddable":true,"href":"http:\/\/cronicasyversiones.com\/index.php?rest_route=\/wp\/v2\/users\/5"}],"replies":[{"embeddable":true,"href":"http:\/\/cronicasyversiones.com\/index.php?rest_route=%2Fwp%2Fv2%2Fcomments&post=28331"}],"version-history":[{"count":1,"href":"http:\/\/cronicasyversiones.com\/index.php?rest_route=\/wp\/v2\/posts\/28331\/revisions"}],"predecessor-version":[{"id":28333,"href":"http:\/\/cronicasyversiones.com\/index.php?rest_route=\/wp\/v2\/posts\/28331\/revisions\/28333"}],"wp:featuredmedia":[{"embeddable":true,"href":"http:\/\/cronicasyversiones.com\/index.php?rest_route=\/wp\/v2\/media\/28332"}],"wp:attachment":[{"href":"http:\/\/cronicasyversiones.com\/index.php?rest_route=%2Fwp%2Fv2%2Fmedia&parent=28331"}],"wp:term":[{"taxonomy":"category","embeddable":true,"href":"http:\/\/cronicasyversiones.com\/index.php?rest_route=%2Fwp%2Fv2%2Fcategories&post=28331"},{"taxonomy":"post_tag","embeddable":true,"href":"http:\/\/cronicasyversiones.com\/index.php?rest_route=%2Fwp%2Fv2%2Ftags&post=28331"}],"curies":[{"name":"wp","href":"https:\/\/api.w.org\/{rel}","templated":true}]}}