{"id":28334,"date":"2020-09-19T09:13:53","date_gmt":"2020-09-19T12:13:53","guid":{"rendered":"http:\/\/cronicasyversiones.com\/?p=28334"},"modified":"2020-09-19T09:13:53","modified_gmt":"2020-09-19T12:13:53","slug":"david-lebon-gano-el-premio-carlos-gardel-de-oro-2020","status":"publish","type":"post","link":"http:\/\/cronicasyversiones.com\/?p=28334","title":{"rendered":"David Leb\u00f3n gan\u00f3 el Premio Carlos Gardel de Oro 2020"},"content":{"rendered":"<div style=\"padding-bottom:20px; padding-top:10px;\" class=\"hupso-share-buttons\"><!-- Hupso Share Buttons - https:\/\/www.hupso.com\/share\/ --><a class=\"hupso_counters\" href=\"https:\/\/www.hupso.com\/share\/\"><img decoding=\"async\" src=\"http:\/\/static.hupso.com\/share\/buttons\/lang\/es\/share-small.png\" style=\"border:0px; padding-top:2px; float:left;\" alt=\"Share Button\"\/><\/a><script type=\"text\/javascript\">var hupso_services_c=new Array(\"twitter\",\"facebook_like\",\"google\");var hupso_counters_lang = \"es_LA\";var hupso_image_folder_url = \"\";var hupso_twitter_via=\"crsyvrs\";var hupso_url_c=\"\";<\/script><script type=\"text\/javascript\" src=\"http:\/\/static.hupso.com\/share\/js\/counters.js\"><\/script><!-- Hupso Share Buttons --><\/div><h2>El m\u00fasico se llev\u00f3 seis distinciones a partir de su \u00faltimo disco. En su agradecimiento record\u00f3 a Lui Alberto Spinetta, Oscar Moro y Pappo.<\/h2>\n<p><img loading=\"lazy\" decoding=\"async\" class=\"size-full wp-image-28335 aligncenter\" src=\"http:\/\/cronicasyversiones.com\/wp-content\/uploads\/2020\/09\/lebon.jpg\" alt=\"\" width=\"750\" height=\"522\" srcset=\"http:\/\/cronicasyversiones.com\/wp-content\/uploads\/2020\/09\/lebon.jpg 750w, http:\/\/cronicasyversiones.com\/wp-content\/uploads\/2020\/09\/lebon-300x209.jpg 300w\" sizes=\"auto, (max-width: 750px) 100vw, 750px\" \/><\/p>\n<p><strong>David Leb\u00f3n<\/strong> fue distinguido con el <strong>Premio Carlos Gardel de Oro 2020<\/strong> a la m\u00fasica argentina, despu\u00e9s de una extensa trayectoria como estrella del rock nacional.<\/p>\n<p>El m\u00fasico agradeci\u00f3 haber ganado el premio a sus 68 a\u00f1os y record\u00f3 especialmente cuando fue \u00absecuestrado y torturado por ser rockero. \u00abY no nos pudieron parar, ac\u00e1 estamos y ac\u00e1 est\u00e1 el rock argentino a 50 a\u00f1os de haber empezado\u201d, subray\u00f3.<\/p>\n<p>Leb\u00f3n que gan\u00f3 seis Premios Gardel, dedic\u00f3 la distinci\u00f3n a sus hijos, a sus 8 nietos y a su manager y esposa, Patricia Oviedo, porque \u201cella pudo con las drogas y el alcohol\u00bb.<\/p>\n<blockquote><p>\u00abGracias a su lucha, estoy ac\u00e1 y hace 15 a\u00f1os que no tomo ni una gota de alcohol ni tomo coca\u00edna\u201d, sostuvo.<\/p><\/blockquote>\n<p>Respecto del futuro, Leb\u00f3n dijo que tiene en carpeta la segunda parte de <em><strong>\u201cLeb\u00f3n y Co\u201d<\/strong><\/em>, un \u00e1lbum que puso en valor su riqu\u00edsimo cat\u00e1logo musical con versiones totalmente nuevas y con artistas de su generaci\u00f3n y mucho m\u00e1s j\u00f3venes.<\/p>\n<p>\u201cNo espero premios o regalos, por eso es m\u00e1s gratificante cuando sucede de esta manera. Un banco no le da un cr\u00e9dito para una casa a una persona de mi edad, pero a m\u00ed me dieron la oportunidad de hacer estos discos a mi edad. S\u00e9 que esta felicidad me va a durar porque ya soy un hombre grande, inteligente. <strong>S\u00e9 que Luis Alberto (Spinetta), Moro y Pappo lo est\u00e1n festejando, donde est\u00e9n<\/strong>\u201d.<\/p>\n<p>Leb\u00f3n gano en las categor\u00edas \u00e1lbum del a\u00f1o, grabaci\u00f3n del a\u00f1o, Ingenier\u00eda de Grabaci\u00f3n, Mejor \u00c1lbum artista de rock, Mejor canci\u00f3n dueto\/colaboraci\u00f3n por <em><strong>\u00abMundo Agradable\u201d<\/strong><\/em> y Productor del a\u00f1o.<\/p>\n<p><em><strong>LEA TAMBI\u00c9N:<\/strong><\/em><\/p>\n<div class=\"video-container\">\n<blockquote class=\"wp-embedded-content\" data-secret=\"KngBQarPWY\"><p><a href=\"http:\/\/cronicasyversiones.com\/?p=28309\">El recital por el D\u00eda del Estudiante Solidario, en formato virtual<\/a><\/p><\/blockquote>\n<p><iframe loading=\"lazy\" class=\"wp-embedded-content\" sandbox=\"allow-scripts\" security=\"restricted\" style=\"position: absolute; clip: rect(1px, 1px, 1px, 1px);\" title=\"\u00abEl recital por el D\u00eda del Estudiante Solidario, en formato virtual\u00bb \u2014    \" src=\"http:\/\/cronicasyversiones.com\/?p=28309&#038;embed=true#?secret=kdCkH15kCH#?secret=KngBQarPWY\" data-secret=\"KngBQarPWY\" width=\"600\" height=\"338\" frameborder=\"0\" marginwidth=\"0\" marginheight=\"0\" scrolling=\"no\"><\/iframe><\/div>\n<p>Guitarrista, cantante y compositor, David Leb\u00f3n integr\u00f3 la primera formaci\u00f3n de Pappo\u2019s Blues y tambi\u00e9n toc\u00f3 en La Pesada del Rock and Roll de Billy Bond.<\/p>\n<p>Adem\u00e1s, fue parte de Pescado Rabioso con Luis Alberto Spinetta, fue integrante de Polifemo y de Ser\u00fa Gir\u00e1n con Charly Garc\u00eda.<\/p>\n<p>Al margen de integrar estas legendarias bandas, desarroll\u00f3 una dilatada e interesante carrera como solista.<\/p>\n<div style=\"padding-bottom:20px; padding-top:10px;\" class=\"hupso-share-buttons\"><!-- Hupso Share Buttons - https:\/\/www.hupso.com\/share\/ --><a class=\"hupso_counters\" href=\"https:\/\/www.hupso.com\/share\/\"><img decoding=\"async\" src=\"http:\/\/static.hupso.com\/share\/buttons\/lang\/es\/share-small.png\" style=\"border:0px; padding-top:2px; float:left;\" alt=\"Share Button\"\/><\/a><script type=\"text\/javascript\">var hupso_services_c=new Array(\"twitter\",\"facebook_like\",\"google\");var hupso_counters_lang = \"es_LA\";var hupso_image_folder_url = \"\";var hupso_twitter_via=\"crsyvrs\";var hupso_url_c=\"\";<\/script><script type=\"text\/javascript\" src=\"http:\/\/static.hupso.com\/share\/js\/counters.js\"><\/script><!-- Hupso Share Buttons --><\/div> ","protected":false},"excerpt":{"rendered":"<div style=\"padding-bottom:20px; padding-top:10px;\" class=\"hupso-share-buttons\"><!-- Hupso Share Buttons - https:\/\/www.hupso.com\/share\/ --><a class=\"hupso_counters\" href=\"https:\/\/www.hupso.com\/share\/\"><img src=\"http:\/\/static.hupso.com\/share\/buttons\/lang\/es\/share-small.png\" style=\"border:0px; padding-top:2px; float:left;\" alt=\"Share Button\"\/><\/a><script type=\"text\/javascript\">var hupso_services_c=new Array(\"twitter\",\"facebook_like\",\"google\");var hupso_counters_lang = \"es_LA\";var hupso_image_folder_url = \"\";var hupso_twitter_via=\"crsyvrs\";var hupso_url_c=\"\";<\/script><script type=\"text\/javascript\" src=\"http:\/\/static.hupso.com\/share\/js\/counters.js\"><\/script><!-- Hupso Share Buttons --><\/div><p>El m\u00fasico se llev\u00f3 seis distinciones a partir de su \u00faltimo disco. En su agradecimiento record\u00f3 a Lui Alberto Spinetta, Oscar Moro y Pappo. David Leb\u00f3n fue distinguido con el Premio Carlos Gardel de Oro 2020 a la m\u00fasica&#46;&#46;&#46;<\/p>\n<div style=\"padding-bottom:20px; padding-top:10px;\" class=\"hupso-share-buttons\"><!-- Hupso Share Buttons - https:\/\/www.hupso.com\/share\/ --><a class=\"hupso_counters\" href=\"https:\/\/www.hupso.com\/share\/\"><img src=\"http:\/\/static.hupso.com\/share\/buttons\/lang\/es\/share-small.png\" style=\"border:0px; padding-top:2px; float:left;\" alt=\"Share Button\"\/><\/a><script type=\"text\/javascript\">var hupso_services_c=new Array(\"twitter\",\"facebook_like\",\"google\");var hupso_counters_lang = \"es_LA\";var hupso_image_folder_url = \"\";var hupso_twitter_via=\"crsyvrs\";var hupso_url_c=\"\";<\/script><script type=\"text\/javascript\" src=\"http:\/\/static.hupso.com\/share\/js\/counters.js\"><\/script><!-- Hupso Share Buttons --><\/div>","protected":false},"author":5,"featured_media":28335,"comment_status":"closed","ping_status":"closed","sticky":false,"template":"","format":"standard","meta":{"footnotes":""},"categories":[3],"tags":[1066],"class_list":["post-28334","post","type-post","status-publish","format-standard","has-post-thumbnail","hentry","category-musica","tag-david-lebon"],"_links":{"self":[{"href":"http:\/\/cronicasyversiones.com\/index.php?rest_route=\/wp\/v2\/posts\/28334","targetHints":{"allow":["GET"]}}],"collection":[{"href":"http:\/\/cronicasyversiones.com\/index.php?rest_route=\/wp\/v2\/posts"}],"about":[{"href":"http:\/\/cronicasyversiones.com\/index.php?rest_route=\/wp\/v2\/types\/post"}],"author":[{"embeddable":true,"href":"http:\/\/cronicasyversiones.com\/index.php?rest_route=\/wp\/v2\/users\/5"}],"replies":[{"embeddable":true,"href":"http:\/\/cronicasyversiones.com\/index.php?rest_route=%2Fwp%2Fv2%2Fcomments&post=28334"}],"version-history":[{"count":1,"href":"http:\/\/cronicasyversiones.com\/index.php?rest_route=\/wp\/v2\/posts\/28334\/revisions"}],"predecessor-version":[{"id":28336,"href":"http:\/\/cronicasyversiones.com\/index.php?rest_route=\/wp\/v2\/posts\/28334\/revisions\/28336"}],"wp:featuredmedia":[{"embeddable":true,"href":"http:\/\/cronicasyversiones.com\/index.php?rest_route=\/wp\/v2\/media\/28335"}],"wp:attachment":[{"href":"http:\/\/cronicasyversiones.com\/index.php?rest_route=%2Fwp%2Fv2%2Fmedia&parent=28334"}],"wp:term":[{"taxonomy":"category","embeddable":true,"href":"http:\/\/cronicasyversiones.com\/index.php?rest_route=%2Fwp%2Fv2%2Fcategories&post=28334"},{"taxonomy":"post_tag","embeddable":true,"href":"http:\/\/cronicasyversiones.com\/index.php?rest_route=%2Fwp%2Fv2%2Ftags&post=28334"}],"curies":[{"name":"wp","href":"https:\/\/api.w.org\/{rel}","templated":true}]}}