{"id":2840,"date":"2014-07-21T09:50:22","date_gmt":"2014-07-21T12:50:22","guid":{"rendered":"http:\/\/cronicasyversiones.com\/?p=2840"},"modified":"2014-12-17T12:40:45","modified_gmt":"2014-12-17T15:40:45","slug":"se-viene-un-crossover-entre-los-simpsons-y-futurama","status":"publish","type":"post","link":"http:\/\/cronicasyversiones.com\/?p=2840","title":{"rendered":"Se viene un crossover entre \u201cLos Simpsons\u201d y \u201cFuturama\u201d"},"content":{"rendered":"<div style=\"padding-bottom:20px; padding-top:10px;\" class=\"hupso-share-buttons\"><!-- Hupso Share Buttons - https:\/\/www.hupso.com\/share\/ --><a class=\"hupso_counters\" href=\"https:\/\/www.hupso.com\/share\/\"><img decoding=\"async\" src=\"http:\/\/static.hupso.com\/share\/buttons\/lang\/es\/share-small.png\" style=\"border:0px; padding-top:2px; float:left;\" alt=\"Share Button\"\/><\/a><script type=\"text\/javascript\">var hupso_services_c=new Array(\"twitter\",\"facebook_like\",\"google\");var hupso_counters_lang = \"es_LA\";var hupso_image_folder_url = \"\";var hupso_twitter_via=\"crsyvrs\";var hupso_url_c=\"\";<\/script><script type=\"text\/javascript\" src=\"http:\/\/static.hupso.com\/share\/js\/counters.js\"><\/script><!-- Hupso Share Buttons --><\/div><h2 style=\"text-align: justify;\">En este episodio, titulado \u201cSimpsorama\u201d, Bender viaja en el tiempo para matar a Bart, porque el ni\u00f1o vuelve a las andadas y hace algo en el presente que tiene brutales consecuencias para el futuro. Saldr\u00e1 al aire en noviembre.<\/h2>\n<p><a href=\"http:\/\/cronicasyversiones.com\/wp-content\/uploads\/2014\/07\/homero.jpg\"><img loading=\"lazy\" decoding=\"async\" class=\"size-full wp-image-2841 aligncenter\" src=\"http:\/\/cronicasyversiones.com\/wp-content\/uploads\/2014\/07\/homero.jpg\" alt=\"homero\" width=\"600\" height=\"375\" srcset=\"http:\/\/cronicasyversiones.com\/wp-content\/uploads\/2014\/07\/homero.jpg 600w, http:\/\/cronicasyversiones.com\/wp-content\/uploads\/2014\/07\/homero-300x187.jpg 300w\" sizes=\"auto, (max-width: 600px) 100vw, 600px\" \/><\/a><\/p>\n<p>El productor ejecutivo de<em><strong> \u00abLos Simpsons\u00bb<\/strong><\/em>, <strong>Al Jean<\/strong>, adelant\u00f3 que el crossover entre la ficci\u00f3n animada que protagonizan <strong>Homero<\/strong> &amp; C\u00eda. y <em><strong>\u00abFuturama\u00bb<\/strong><\/em>, titulado <em><strong>\u201cSimpsorama\u201d<\/strong><\/em>, llegar\u00e1 a la pantalla el 9 de noviembre a trav\u00e9s de la cadena <strong>Fox.<\/strong><\/p>\n<p>Adem\u00e1s, Jean tambi\u00e9n hizo menci\u00f3n a la muerte de uno de los personajes principales de la serie de <strong>Matt Groening<\/strong> en su vig\u00e9simo sexta temporada, durante la <strong>Television Critics Association<\/strong>.<\/p>\n<p style=\"text-align: center;\"><em><strong>En el episodio, Bender viaja en el tiempo para matar a Bart porque el ni\u00f1o vuelve a las andadas y hace algo en el presente que tiene brutales consecuencias para el futuro.<\/strong><\/em><\/p>\n<p>Sobre la muerte de un personaje de <em><strong>\u201cLos Simpsons\u201d,<\/strong><\/em> Jean indic\u00f3 que el tr\u00e1gico acontecimiento tendr\u00e1 lugar en el primer episodio de la nueva entrega, titulado <em><strong>\u201cClown in the Dumps\u201d<\/strong><\/em>, y que el actor que presta su voz al personaje gan\u00f3 un premio Emmy, precisamente por este trabajo. El productor tambi\u00e9n afirm\u00f3 que \u00abel personaje podr\u00eda resucitar de alguna forma, aparecer en alg\u00fan flashback o como fantasma\u00bb.<\/p>\n<p>En la vig\u00e9simo sexta temporada de la serie animada participar\u00e1n como artistas invitados <strong>Jane Fonda,<\/strong> Nick Offerman, Sarah Silverman, David Hyde Pierce, el comediante Jeffrey Ross y m\u00fasico Matthew Sweet.<\/p>\n<div style=\"padding-bottom:20px; padding-top:10px;\" class=\"hupso-share-buttons\"><!-- Hupso Share Buttons - https:\/\/www.hupso.com\/share\/ --><a class=\"hupso_counters\" href=\"https:\/\/www.hupso.com\/share\/\"><img decoding=\"async\" src=\"http:\/\/static.hupso.com\/share\/buttons\/lang\/es\/share-small.png\" style=\"border:0px; padding-top:2px; float:left;\" alt=\"Share Button\"\/><\/a><script type=\"text\/javascript\">var hupso_services_c=new Array(\"twitter\",\"facebook_like\",\"google\");var hupso_counters_lang = \"es_LA\";var hupso_image_folder_url = \"\";var hupso_twitter_via=\"crsyvrs\";var hupso_url_c=\"\";<\/script><script type=\"text\/javascript\" src=\"http:\/\/static.hupso.com\/share\/js\/counters.js\"><\/script><!-- Hupso Share Buttons --><\/div> ","protected":false},"excerpt":{"rendered":"<div style=\"padding-bottom:20px; padding-top:10px;\" class=\"hupso-share-buttons\"><!-- Hupso Share Buttons - https:\/\/www.hupso.com\/share\/ --><a class=\"hupso_counters\" href=\"https:\/\/www.hupso.com\/share\/\"><img src=\"http:\/\/static.hupso.com\/share\/buttons\/lang\/es\/share-small.png\" style=\"border:0px; padding-top:2px; float:left;\" alt=\"Share Button\"\/><\/a><script type=\"text\/javascript\">var hupso_services_c=new Array(\"twitter\",\"facebook_like\",\"google\");var hupso_counters_lang = \"es_LA\";var hupso_image_folder_url = \"\";var hupso_twitter_via=\"crsyvrs\";var hupso_url_c=\"\";<\/script><script type=\"text\/javascript\" src=\"http:\/\/static.hupso.com\/share\/js\/counters.js\"><\/script><!-- Hupso Share Buttons --><\/div><p>En este episodio, titulado \u201cSimpsorama\u201d, Bender viaja en el tiempo para matar a Bart, porque el ni\u00f1o vuelve a las andadas y hace algo en el presente que tiene brutales consecuencias para el futuro. Saldr\u00e1 al aire en noviembre.&#46;&#46;&#46;<\/p>\n<div style=\"padding-bottom:20px; padding-top:10px;\" class=\"hupso-share-buttons\"><!-- Hupso Share Buttons - https:\/\/www.hupso.com\/share\/ --><a class=\"hupso_counters\" href=\"https:\/\/www.hupso.com\/share\/\"><img src=\"http:\/\/static.hupso.com\/share\/buttons\/lang\/es\/share-small.png\" style=\"border:0px; padding-top:2px; float:left;\" alt=\"Share Button\"\/><\/a><script type=\"text\/javascript\">var hupso_services_c=new Array(\"twitter\",\"facebook_like\",\"google\");var hupso_counters_lang = \"es_LA\";var hupso_image_folder_url = \"\";var hupso_twitter_via=\"crsyvrs\";var hupso_url_c=\"\";<\/script><script type=\"text\/javascript\" src=\"http:\/\/static.hupso.com\/share\/js\/counters.js\"><\/script><!-- Hupso Share Buttons --><\/div>","protected":false},"author":5,"featured_media":0,"comment_status":"open","ping_status":"open","sticky":false,"template":"","format":"standard","meta":{"footnotes":""},"categories":[3519,6],"tags":[2244,2243,1626,2245],"class_list":["post-2840","post","type-post","status-publish","format-standard","hentry","category-los-25-anos-de-los-simpsons","category-radio-y-tv","tag-futurama","tag-los-simpson","tag-matt-groening","tag-simpsorama"],"_links":{"self":[{"href":"http:\/\/cronicasyversiones.com\/index.php?rest_route=\/wp\/v2\/posts\/2840","targetHints":{"allow":["GET"]}}],"collection":[{"href":"http:\/\/cronicasyversiones.com\/index.php?rest_route=\/wp\/v2\/posts"}],"about":[{"href":"http:\/\/cronicasyversiones.com\/index.php?rest_route=\/wp\/v2\/types\/post"}],"author":[{"embeddable":true,"href":"http:\/\/cronicasyversiones.com\/index.php?rest_route=\/wp\/v2\/users\/5"}],"replies":[{"embeddable":true,"href":"http:\/\/cronicasyversiones.com\/index.php?rest_route=%2Fwp%2Fv2%2Fcomments&post=2840"}],"version-history":[{"count":0,"href":"http:\/\/cronicasyversiones.com\/index.php?rest_route=\/wp\/v2\/posts\/2840\/revisions"}],"wp:attachment":[{"href":"http:\/\/cronicasyversiones.com\/index.php?rest_route=%2Fwp%2Fv2%2Fmedia&parent=2840"}],"wp:term":[{"taxonomy":"category","embeddable":true,"href":"http:\/\/cronicasyversiones.com\/index.php?rest_route=%2Fwp%2Fv2%2Fcategories&post=2840"},{"taxonomy":"post_tag","embeddable":true,"href":"http:\/\/cronicasyversiones.com\/index.php?rest_route=%2Fwp%2Fv2%2Ftags&post=2840"}],"curies":[{"name":"wp","href":"https:\/\/api.w.org\/{rel}","templated":true}]}}