{"id":28404,"date":"2020-10-23T09:19:42","date_gmt":"2020-10-23T12:19:42","guid":{"rendered":"http:\/\/cronicasyversiones.com\/?p=28404"},"modified":"2020-10-23T09:19:44","modified_gmt":"2020-10-23T12:19:44","slug":"amazon-prime-video-estrena-el-desafio-eta","status":"publish","type":"post","link":"http:\/\/cronicasyversiones.com\/?p=28404","title":{"rendered":"Amazon Prime Video estrena \u201cEl Desaf\u00edo: ETA\u201d"},"content":{"rendered":"<div style=\"padding-bottom:20px; padding-top:10px;\" class=\"hupso-share-buttons\"><!-- Hupso Share Buttons - https:\/\/www.hupso.com\/share\/ --><a class=\"hupso_counters\" href=\"https:\/\/www.hupso.com\/share\/\"><img decoding=\"async\" src=\"http:\/\/static.hupso.com\/share\/buttons\/lang\/es\/share-small.png\" style=\"border:0px; padding-top:2px; float:left;\" alt=\"Share Button\"\/><\/a><script type=\"text\/javascript\">var hupso_services_c=new Array(\"twitter\",\"facebook_like\",\"google\");var hupso_counters_lang = \"es_LA\";var hupso_image_folder_url = \"\";var hupso_twitter_via=\"crsyvrs\";var hupso_url_c=\"\";<\/script><script type=\"text\/javascript\" src=\"http:\/\/static.hupso.com\/share\/js\/counters.js\"><\/script><!-- Hupso Share Buttons --><\/div><h2>Se trata de una serie documental que cuenta la historia de la organizaci\u00f3n separatista vasca hasta su disoluci\u00f3n.<\/h2>\n<p><img loading=\"lazy\" decoding=\"async\" class=\"size-full wp-image-28405 aligncenter\" src=\"http:\/\/cronicasyversiones.com\/wp-content\/uploads\/2020\/09\/eta.jpg\" alt=\"\" width=\"750\" height=\"459\" srcset=\"http:\/\/cronicasyversiones.com\/wp-content\/uploads\/2020\/09\/eta.jpg 750w, http:\/\/cronicasyversiones.com\/wp-content\/uploads\/2020\/09\/eta-300x184.jpg 300w\" sizes=\"auto, (max-width: 750px) 100vw, 750px\" \/><\/p>\n<p><em><strong>\u00abEl Desaf\u00edo: ETA\u00bb<\/strong><\/em>, serie documental que narra la historia de la organizaci\u00f3n separatista vasca hasta su disoluci\u00f3n, podr\u00e1 verse a trav\u00e9s de la plataforma de <strong>Amazon Prime Video<\/strong> desde el viernes 30 de octubre.<\/p>\n<p>A trav\u00e9s de ocho cap\u00edtulos la serie contar\u00e1 la historia de ETA desde sus inicios hasta su disoluci\u00f3n en 2018, adem\u00e1s de abordar la lucha del gobierno espa\u00f1ol y la Guardia Civil por neutralizar sus ataques.<\/p>\n<p><iframe loading=\"lazy\" src=\"https:\/\/www.youtube.com\/embed\/lVsn7gUwRXg\" width=\"600\" height=\"350\" frameborder=\"0\" allowfullscreen=\"allowfullscreen\"><span data-mce-type=\"bookmark\" style=\"display: inline-block; width: 0px; overflow: hidden; line-height: 0;\" class=\"mce_SELRES_start\">?<\/span><\/iframe><\/p>\n<p>La serie documental est\u00e1 narrada por personajes reales en primera persona e incluye entrevistas a los ex presidentes espa\u00f1oles <strong>Felipe Gonz\u00e1lez, Jos\u00e9 Mar\u00eda Aznar, Jos\u00e9 Luis Rodr\u00edguez Zapatero y Mariano Rajoy,<\/strong> quienes se enfrentaron por v\u00eda pol\u00edtica y policial a la organizaci\u00f3n.<\/p>\n<p>Tambi\u00e9n aportan su perspectiva los ex lehendakaris -presidentes de la Comunidad Aut\u00f3noma Vasca- Garaikoetxea y Ardanza; el ex jefe de la Casa Real, Fernando Almansa; periodistas, altos mandos de la Guardia Civil; y antiguos miembros de ETA.<\/p>\n<p>La serie documental es una producci\u00f3n de Cuerdos de Atar, con Luis Velo y Guillermo G\u00f3mez como productores ejecutivos y dirigida por Hugo Stuven.<\/p>\n<div style=\"padding-bottom:20px; padding-top:10px;\" class=\"hupso-share-buttons\"><!-- Hupso Share Buttons - https:\/\/www.hupso.com\/share\/ --><a class=\"hupso_counters\" href=\"https:\/\/www.hupso.com\/share\/\"><img decoding=\"async\" src=\"http:\/\/static.hupso.com\/share\/buttons\/lang\/es\/share-small.png\" style=\"border:0px; padding-top:2px; float:left;\" alt=\"Share Button\"\/><\/a><script type=\"text\/javascript\">var hupso_services_c=new Array(\"twitter\",\"facebook_like\",\"google\");var hupso_counters_lang = \"es_LA\";var hupso_image_folder_url = \"\";var hupso_twitter_via=\"crsyvrs\";var hupso_url_c=\"\";<\/script><script type=\"text\/javascript\" src=\"http:\/\/static.hupso.com\/share\/js\/counters.js\"><\/script><!-- Hupso Share Buttons --><\/div> ","protected":false},"excerpt":{"rendered":"<div style=\"padding-bottom:20px; padding-top:10px;\" class=\"hupso-share-buttons\"><!-- Hupso Share Buttons - https:\/\/www.hupso.com\/share\/ --><a class=\"hupso_counters\" href=\"https:\/\/www.hupso.com\/share\/\"><img src=\"http:\/\/static.hupso.com\/share\/buttons\/lang\/es\/share-small.png\" style=\"border:0px; padding-top:2px; float:left;\" alt=\"Share Button\"\/><\/a><script type=\"text\/javascript\">var hupso_services_c=new Array(\"twitter\",\"facebook_like\",\"google\");var hupso_counters_lang = \"es_LA\";var hupso_image_folder_url = \"\";var hupso_twitter_via=\"crsyvrs\";var hupso_url_c=\"\";<\/script><script type=\"text\/javascript\" src=\"http:\/\/static.hupso.com\/share\/js\/counters.js\"><\/script><!-- Hupso Share Buttons --><\/div><p>Se trata de una serie documental que cuenta la historia de la organizaci\u00f3n separatista vasca hasta su disoluci\u00f3n. \u00abEl Desaf\u00edo: ETA\u00bb, serie documental que narra la historia de la organizaci\u00f3n separatista vasca hasta su disoluci\u00f3n, podr\u00e1 verse a trav\u00e9s&#46;&#46;&#46;<\/p>\n<div style=\"padding-bottom:20px; padding-top:10px;\" class=\"hupso-share-buttons\"><!-- Hupso Share Buttons - https:\/\/www.hupso.com\/share\/ --><a class=\"hupso_counters\" href=\"https:\/\/www.hupso.com\/share\/\"><img src=\"http:\/\/static.hupso.com\/share\/buttons\/lang\/es\/share-small.png\" style=\"border:0px; padding-top:2px; float:left;\" alt=\"Share Button\"\/><\/a><script type=\"text\/javascript\">var hupso_services_c=new Array(\"twitter\",\"facebook_like\",\"google\");var hupso_counters_lang = \"es_LA\";var hupso_image_folder_url = \"\";var hupso_twitter_via=\"crsyvrs\";var hupso_url_c=\"\";<\/script><script type=\"text\/javascript\" src=\"http:\/\/static.hupso.com\/share\/js\/counters.js\"><\/script><!-- Hupso Share Buttons --><\/div>","protected":false},"author":5,"featured_media":28405,"comment_status":"closed","ping_status":"closed","sticky":false,"template":"","format":"standard","meta":{"footnotes":""},"categories":[6,9],"tags":[2465,944],"class_list":["post-28404","post","type-post","status-publish","format-standard","has-post-thumbnail","hentry","category-radio-y-tv","category-sociedad","tag-amazon","tag-documentales"],"_links":{"self":[{"href":"http:\/\/cronicasyversiones.com\/index.php?rest_route=\/wp\/v2\/posts\/28404","targetHints":{"allow":["GET"]}}],"collection":[{"href":"http:\/\/cronicasyversiones.com\/index.php?rest_route=\/wp\/v2\/posts"}],"about":[{"href":"http:\/\/cronicasyversiones.com\/index.php?rest_route=\/wp\/v2\/types\/post"}],"author":[{"embeddable":true,"href":"http:\/\/cronicasyversiones.com\/index.php?rest_route=\/wp\/v2\/users\/5"}],"replies":[{"embeddable":true,"href":"http:\/\/cronicasyversiones.com\/index.php?rest_route=%2Fwp%2Fv2%2Fcomments&post=28404"}],"version-history":[{"count":2,"href":"http:\/\/cronicasyversiones.com\/index.php?rest_route=\/wp\/v2\/posts\/28404\/revisions"}],"predecessor-version":[{"id":28708,"href":"http:\/\/cronicasyversiones.com\/index.php?rest_route=\/wp\/v2\/posts\/28404\/revisions\/28708"}],"wp:featuredmedia":[{"embeddable":true,"href":"http:\/\/cronicasyversiones.com\/index.php?rest_route=\/wp\/v2\/media\/28405"}],"wp:attachment":[{"href":"http:\/\/cronicasyversiones.com\/index.php?rest_route=%2Fwp%2Fv2%2Fmedia&parent=28404"}],"wp:term":[{"taxonomy":"category","embeddable":true,"href":"http:\/\/cronicasyversiones.com\/index.php?rest_route=%2Fwp%2Fv2%2Fcategories&post=28404"},{"taxonomy":"post_tag","embeddable":true,"href":"http:\/\/cronicasyversiones.com\/index.php?rest_route=%2Fwp%2Fv2%2Ftags&post=28404"}],"curies":[{"name":"wp","href":"https:\/\/api.w.org\/{rel}","templated":true}]}}