{"id":28454,"date":"2020-09-30T12:09:50","date_gmt":"2020-09-30T15:09:50","guid":{"rendered":"http:\/\/cronicasyversiones.com\/?p=28454"},"modified":"2020-09-30T12:09:50","modified_gmt":"2020-09-30T15:09:50","slug":"murio-quino-el-creador-de-mafalda","status":"publish","type":"post","link":"http:\/\/cronicasyversiones.com\/?p=28454","title":{"rendered":"Muri\u00f3 Quino, el creador de Mafalda"},"content":{"rendered":"<div style=\"padding-bottom:20px; padding-top:10px;\" class=\"hupso-share-buttons\"><!-- Hupso Share Buttons - https:\/\/www.hupso.com\/share\/ --><a class=\"hupso_counters\" href=\"https:\/\/www.hupso.com\/share\/\"><img decoding=\"async\" src=\"http:\/\/static.hupso.com\/share\/buttons\/lang\/es\/share-small.png\" style=\"border:0px; padding-top:2px; float:left;\" alt=\"Share Button\"\/><\/a><script type=\"text\/javascript\">var hupso_services_c=new Array(\"twitter\",\"facebook_like\",\"google\");var hupso_counters_lang = \"es_LA\";var hupso_image_folder_url = \"\";var hupso_twitter_via=\"crsyvrs\";var hupso_url_c=\"\";<\/script><script type=\"text\/javascript\" src=\"http:\/\/static.hupso.com\/share\/js\/counters.js\"><\/script><!-- Hupso Share Buttons --><\/div><h2>El dibujante y humorista gr\u00e1fico Joaqu\u00edn Salvador Lavado falleci\u00f3 a los 88 a\u00f1os. Fue el \u201cpadre\u201d de la ic\u00f3nica tira que se populariz\u00f3 en todo el mundo.<\/h2>\n<p><img loading=\"lazy\" decoding=\"async\" class=\"size-full wp-image-28455 aligncenter\" src=\"http:\/\/cronicasyversiones.com\/wp-content\/uploads\/2020\/09\/quino.jpg\" alt=\"\" width=\"640\" height=\"480\" srcset=\"http:\/\/cronicasyversiones.com\/wp-content\/uploads\/2020\/09\/quino.jpg 640w, http:\/\/cronicasyversiones.com\/wp-content\/uploads\/2020\/09\/quino-300x225.jpg 300w\" sizes=\"auto, (max-width: 640px) 100vw, 640px\" \/><\/p>\n<p>El dibujante y humorista gr\u00e1fico <strong>Joaqu\u00edn Salvador Lavado,<\/strong> conocido como <strong>\u00abQuino\u00bb,<\/strong> creador de la emblem\u00e1tica tira Mafalda, muri\u00f3 este mi\u00e9rcoles a los 88 a\u00f1os, seg\u00fan anunci\u00f3 en su Twitter su editor Daniel Divinsky.<\/p>\n<blockquote><p>\u00abSe muri\u00f3 Quino. Toda la gente buena en el pa\u00eds y en el mundo, lo llorar\u00e1\u00bb, inform\u00f3 el editor Daniel Divinsky, quien estuvo al frente de Ediciones La Flor.<\/p><\/blockquote>\n<p><strong>Joaqu\u00edn Salvador Lavado Tej\u00f3n<\/strong> naci\u00f3 en Guaymall\u00e9n, en la prrovincia de Mendoza, el 17 de julio de 1932.<\/p>\n<p>En 1945 tras la muerte de su madre, empieza a estudiar en la Escuela de Bellas Artes de Mendoza. Su padre muere poco despu\u00e9s, teniendo 16 a\u00f1os; al a\u00f1o siguiente abandona la escuela, con la intenci\u00f3n de convertirse en autor de historietas c\u00f3micas, y pronto vende su primera historieta.<\/p>\n<p>En 1954 empieza a publicar regularmente en Rico Tipo, a la que siguen T\u00eda Vicenta y Dr. Merengue. Al poco, empieza a hacer dibujos publicitarios.<\/p>\n<p>Publica su primer libro recopilatorio, \u00abMundo Quino\u00bb, en 1963, tras lo que le encargan unas p\u00e1ginas para una campa\u00f1a de publicidad encubierta para la empresa de electrodom\u00e9sticos Mansfield, para las que crea a <strong>Mafalda.<\/strong><\/p>\n<p>La campa\u00f1a no lleg\u00f3 a realizarse, por lo que la primera historia de Mafalda se publica en Leopl\u00e1n, tras lo que pas\u00f3 a publicarse regularmente en el semanario Primera Plana ya que el director del semanario era amigo de Quino.<\/p>\n<blockquote><p>Quino, el creador de esta tira que se public\u00f3 entre 1964 y 1973, defini\u00f3 a Mafalda como un \u201cespejo de la clase media latinoamericana y de la juventud progresista\u201d.<\/p><\/blockquote>\n<p>A pesar de que Mafalda s\u00f3lo se public\u00f3 durante menos que una d\u00e9cada, un tiempo mucho menor a otros cl\u00e1sicos del humor gr\u00e1fico, el furor posterior gener\u00f3 que la tira se traduzca a 30 idiomas y lleve vendido en la Argentina m\u00e1s de 20 millones de ejemplares y una suculenta cantidad en otras latitudes .<\/p>\n<p>Obtuvo el Premio Pr\u00edncipe de Asturias de Comunicaci\u00f3n y Humanidades, tuvo un tributo en el Festival de Historieta de Angouleme, recibi\u00f3 la Legi\u00f3n de Honor de Francia y fue ovacionado en el Sal\u00f3n del Libro de Par\u00ed\u00ads y la Feria del Libro de Buenos Aires .<\/p>\n<div style=\"padding-bottom:20px; padding-top:10px;\" class=\"hupso-share-buttons\"><!-- Hupso Share Buttons - https:\/\/www.hupso.com\/share\/ --><a class=\"hupso_counters\" href=\"https:\/\/www.hupso.com\/share\/\"><img decoding=\"async\" src=\"http:\/\/static.hupso.com\/share\/buttons\/lang\/es\/share-small.png\" style=\"border:0px; padding-top:2px; float:left;\" alt=\"Share Button\"\/><\/a><script type=\"text\/javascript\">var hupso_services_c=new Array(\"twitter\",\"facebook_like\",\"google\");var hupso_counters_lang = \"es_LA\";var hupso_image_folder_url = \"\";var hupso_twitter_via=\"crsyvrs\";var hupso_url_c=\"\";<\/script><script type=\"text\/javascript\" src=\"http:\/\/static.hupso.com\/share\/js\/counters.js\"><\/script><!-- Hupso Share Buttons --><\/div> ","protected":false},"excerpt":{"rendered":"<div style=\"padding-bottom:20px; padding-top:10px;\" class=\"hupso-share-buttons\"><!-- Hupso Share Buttons - https:\/\/www.hupso.com\/share\/ --><a class=\"hupso_counters\" href=\"https:\/\/www.hupso.com\/share\/\"><img src=\"http:\/\/static.hupso.com\/share\/buttons\/lang\/es\/share-small.png\" style=\"border:0px; padding-top:2px; float:left;\" alt=\"Share Button\"\/><\/a><script type=\"text\/javascript\">var hupso_services_c=new Array(\"twitter\",\"facebook_like\",\"google\");var hupso_counters_lang = \"es_LA\";var hupso_image_folder_url = \"\";var hupso_twitter_via=\"crsyvrs\";var hupso_url_c=\"\";<\/script><script type=\"text\/javascript\" src=\"http:\/\/static.hupso.com\/share\/js\/counters.js\"><\/script><!-- Hupso Share Buttons --><\/div><p>El dibujante y humorista gr\u00e1fico Joaqu\u00edn Salvador Lavado falleci\u00f3 a los 88 a\u00f1os. Fue el \u201cpadre\u201d de la ic\u00f3nica tira que se populariz\u00f3 en todo el mundo. El dibujante y humorista gr\u00e1fico Joaqu\u00edn Salvador Lavado, conocido como \u00abQuino\u00bb, creador&#46;&#46;&#46;<\/p>\n<div style=\"padding-bottom:20px; padding-top:10px;\" class=\"hupso-share-buttons\"><!-- Hupso Share Buttons - https:\/\/www.hupso.com\/share\/ --><a class=\"hupso_counters\" href=\"https:\/\/www.hupso.com\/share\/\"><img src=\"http:\/\/static.hupso.com\/share\/buttons\/lang\/es\/share-small.png\" style=\"border:0px; padding-top:2px; float:left;\" alt=\"Share Button\"\/><\/a><script type=\"text\/javascript\">var hupso_services_c=new Array(\"twitter\",\"facebook_like\",\"google\");var hupso_counters_lang = \"es_LA\";var hupso_image_folder_url = \"\";var hupso_twitter_via=\"crsyvrs\";var hupso_url_c=\"\";<\/script><script type=\"text\/javascript\" src=\"http:\/\/static.hupso.com\/share\/js\/counters.js\"><\/script><!-- Hupso Share Buttons --><\/div>","protected":false},"author":5,"featured_media":28455,"comment_status":"closed","ping_status":"closed","sticky":false,"template":"","format":"standard","meta":{"footnotes":""},"categories":[8],"tags":[62,850],"class_list":["post-28454","post","type-post","status-publish","format-standard","has-post-thumbnail","hentry","category-artes-plasticas","tag-mafalda","tag-quino"],"_links":{"self":[{"href":"http:\/\/cronicasyversiones.com\/index.php?rest_route=\/wp\/v2\/posts\/28454","targetHints":{"allow":["GET"]}}],"collection":[{"href":"http:\/\/cronicasyversiones.com\/index.php?rest_route=\/wp\/v2\/posts"}],"about":[{"href":"http:\/\/cronicasyversiones.com\/index.php?rest_route=\/wp\/v2\/types\/post"}],"author":[{"embeddable":true,"href":"http:\/\/cronicasyversiones.com\/index.php?rest_route=\/wp\/v2\/users\/5"}],"replies":[{"embeddable":true,"href":"http:\/\/cronicasyversiones.com\/index.php?rest_route=%2Fwp%2Fv2%2Fcomments&post=28454"}],"version-history":[{"count":1,"href":"http:\/\/cronicasyversiones.com\/index.php?rest_route=\/wp\/v2\/posts\/28454\/revisions"}],"predecessor-version":[{"id":28456,"href":"http:\/\/cronicasyversiones.com\/index.php?rest_route=\/wp\/v2\/posts\/28454\/revisions\/28456"}],"wp:featuredmedia":[{"embeddable":true,"href":"http:\/\/cronicasyversiones.com\/index.php?rest_route=\/wp\/v2\/media\/28455"}],"wp:attachment":[{"href":"http:\/\/cronicasyversiones.com\/index.php?rest_route=%2Fwp%2Fv2%2Fmedia&parent=28454"}],"wp:term":[{"taxonomy":"category","embeddable":true,"href":"http:\/\/cronicasyversiones.com\/index.php?rest_route=%2Fwp%2Fv2%2Fcategories&post=28454"},{"taxonomy":"post_tag","embeddable":true,"href":"http:\/\/cronicasyversiones.com\/index.php?rest_route=%2Fwp%2Fv2%2Ftags&post=28454"}],"curies":[{"name":"wp","href":"https:\/\/api.w.org\/{rel}","templated":true}]}}