{"id":28534,"date":"2020-10-08T15:47:00","date_gmt":"2020-10-08T18:47:00","guid":{"rendered":"http:\/\/cronicasyversiones.com\/?p=28534"},"modified":"2020-10-09T08:46:58","modified_gmt":"2020-10-09T11:46:58","slug":"south-park-presenta-un-episodio-especial-pandemia","status":"publish","type":"post","link":"http:\/\/cronicasyversiones.com\/?p=28534","title":{"rendered":"\u201cSouth Park\u201d presenta un \u201cEpisodio Especial Pandemia\u201d"},"content":{"rendered":"<div style=\"padding-bottom:20px; padding-top:10px;\" class=\"hupso-share-buttons\"><!-- Hupso Share Buttons - https:\/\/www.hupso.com\/share\/ --><a class=\"hupso_counters\" href=\"https:\/\/www.hupso.com\/share\/\"><img decoding=\"async\" src=\"http:\/\/static.hupso.com\/share\/buttons\/lang\/es\/share-small.png\" style=\"border:0px; padding-top:2px; float:left;\" alt=\"Share Button\"\/><\/a><script type=\"text\/javascript\">var hupso_services_c=new Array(\"twitter\",\"facebook_like\",\"google\");var hupso_counters_lang = \"es_LA\";var hupso_image_folder_url = \"\";var hupso_twitter_via=\"crsyvrs\";var hupso_url_c=\"\";<\/script><script type=\"text\/javascript\" src=\"http:\/\/static.hupso.com\/share\/js\/counters.js\"><\/script><!-- Hupso Share Buttons --><\/div><h2>El episodio de la serie animada de una hora se burla con iron\u00eda de los aspectos m\u00e1s pol\u00e9micos de la pandemia y de la \u201cnueva normalidad\u201d.<\/h2>\n<p><img loading=\"lazy\" decoding=\"async\" class=\"wp-image-28535 aligncenter\" src=\"http:\/\/cronicasyversiones.com\/wp-content\/uploads\/2020\/10\/park-1024x573.jpg\" alt=\"\" width=\"779\" height=\"436\" srcset=\"http:\/\/cronicasyversiones.com\/wp-content\/uploads\/2020\/10\/park-1024x573.jpg 1024w, http:\/\/cronicasyversiones.com\/wp-content\/uploads\/2020\/10\/park-300x168.jpg 300w, http:\/\/cronicasyversiones.com\/wp-content\/uploads\/2020\/10\/park-768x430.jpg 768w, http:\/\/cronicasyversiones.com\/wp-content\/uploads\/2020\/10\/park-1536x860.jpg 1536w, http:\/\/cronicasyversiones.com\/wp-content\/uploads\/2020\/10\/park.jpg 2048w\" sizes=\"auto, (max-width: 779px) 100vw, 779px\" \/><\/p>\n<p>Un episodio especial de <em><strong>\u201cSouth Park\u201d<\/strong><\/em> titulado <em><strong>\u00abEpisodio Especial Pandemia\u201d<\/strong><\/em> y que se emitir\u00e1 este lunes 12 de octubre a las 22 por<strong> Comedy Central<\/strong> y adem\u00e1s en <strong>MTV y Paramount Network.<\/strong><\/p>\n<p>En este episodio especial de una hora, Randy acepta su papel en el brote de COVID-19, los ni\u00f1os regresan felices a la escuela, pero nada se parece a la normalidad que una vez conocieron; ni sus profesores, ni su sal\u00f3n de clases, ni siquiera Eric Cartman.<\/p>\n<p>El episodio se burla con iron\u00eda de los aspectos m\u00e1s pol\u00e9micos de la pandemia: desde el uso u no uso del tapabocas, las llamadas a trav\u00e9s de Zoom, los efectos del confinamiento y la<strong> \u00abnueva normalidad\u00bb<\/strong>, la cuestionable gesti\u00f3n del Presidente de los Estados Unidos e, incluso, la brutalidad policial relacionada con el movimiento Black Lives Matter.<\/p>\n<p><em><strong>LEA TAMBI\u00c9N:&nbsp;<\/strong><\/em><\/p>\n<div class=\"video-container\">\n<blockquote class=\"wp-embedded-content\" data-secret=\"WYIrJAH9VX\"><p><a href=\"http:\/\/cronicasyversiones.com\/?p=27465\">\u201cAlejo y Valentina\u201d regresa con una nueva temporada en streaming<\/a><\/p><\/blockquote>\n<p><iframe loading=\"lazy\" class=\"wp-embedded-content\" sandbox=\"allow-scripts\" security=\"restricted\" style=\"position: absolute; clip: rect(1px, 1px, 1px, 1px);\" title=\"\u00ab\u201cAlejo y Valentina\u201d regresa con una nueva temporada en streaming\u00bb \u2014    \" src=\"http:\/\/cronicasyversiones.com\/?p=27465&#038;embed=true#?secret=UqjmrfR9qe#?secret=WYIrJAH9VX\" data-secret=\"WYIrJAH9VX\" width=\"600\" height=\"338\" frameborder=\"0\" marginwidth=\"0\" marginheight=\"0\" scrolling=\"no\"><\/iframe><\/div>\n<p>Este cap\u00edtulo se cre\u00f3 y desarroll\u00f3 por el equipo de producci\u00f3n de forma remota, cada uno desde sus hogares completamente en cuarentena. Todo el equipo y el cast trabaj\u00f3 remotamente, con un enorme esfuerzo de producci\u00f3n para que cada casa se transforme en un estudio de producci\u00f3n con soluciones enteramente remotas.<\/p>\n<p><em><strong>&nbsp;\u201cSouth Park\u201d<\/strong> <\/em>de Comedy Central se lanz\u00f3 el 13 de agosto de 1997. Trey Parker y Matt Stone son los co-creadores mientras que Parker, Stone, Anne Garefino y Frank C. Agnone II son los productores ejecutivos de esta serie, galardonada con los premios Emmy y Peabody.<\/p>\n<div style=\"padding-bottom:20px; padding-top:10px;\" class=\"hupso-share-buttons\"><!-- Hupso Share Buttons - https:\/\/www.hupso.com\/share\/ --><a class=\"hupso_counters\" href=\"https:\/\/www.hupso.com\/share\/\"><img decoding=\"async\" src=\"http:\/\/static.hupso.com\/share\/buttons\/lang\/es\/share-small.png\" style=\"border:0px; padding-top:2px; float:left;\" alt=\"Share Button\"\/><\/a><script type=\"text\/javascript\">var hupso_services_c=new Array(\"twitter\",\"facebook_like\",\"google\");var hupso_counters_lang = \"es_LA\";var hupso_image_folder_url = \"\";var hupso_twitter_via=\"crsyvrs\";var hupso_url_c=\"\";<\/script><script type=\"text\/javascript\" src=\"http:\/\/static.hupso.com\/share\/js\/counters.js\"><\/script><!-- Hupso Share Buttons --><\/div> ","protected":false},"excerpt":{"rendered":"<div style=\"padding-bottom:20px; padding-top:10px;\" class=\"hupso-share-buttons\"><!-- Hupso Share Buttons - https:\/\/www.hupso.com\/share\/ --><a class=\"hupso_counters\" href=\"https:\/\/www.hupso.com\/share\/\"><img src=\"http:\/\/static.hupso.com\/share\/buttons\/lang\/es\/share-small.png\" style=\"border:0px; padding-top:2px; float:left;\" alt=\"Share Button\"\/><\/a><script type=\"text\/javascript\">var hupso_services_c=new Array(\"twitter\",\"facebook_like\",\"google\");var hupso_counters_lang = \"es_LA\";var hupso_image_folder_url = \"\";var hupso_twitter_via=\"crsyvrs\";var hupso_url_c=\"\";<\/script><script type=\"text\/javascript\" src=\"http:\/\/static.hupso.com\/share\/js\/counters.js\"><\/script><!-- Hupso Share Buttons --><\/div><p>El episodio de la serie animada de una hora se burla con iron\u00eda de los aspectos m\u00e1s pol\u00e9micos de la pandemia y de la \u201cnueva normalidad\u201d. Un episodio especial de \u201cSouth Park\u201d titulado \u00abEpisodio Especial Pandemia\u201d y que se&#46;&#46;&#46;<\/p>\n<div style=\"padding-bottom:20px; padding-top:10px;\" class=\"hupso-share-buttons\"><!-- Hupso Share Buttons - https:\/\/www.hupso.com\/share\/ --><a class=\"hupso_counters\" href=\"https:\/\/www.hupso.com\/share\/\"><img src=\"http:\/\/static.hupso.com\/share\/buttons\/lang\/es\/share-small.png\" style=\"border:0px; padding-top:2px; float:left;\" alt=\"Share Button\"\/><\/a><script type=\"text\/javascript\">var hupso_services_c=new Array(\"twitter\",\"facebook_like\",\"google\");var hupso_counters_lang = \"es_LA\";var hupso_image_folder_url = \"\";var hupso_twitter_via=\"crsyvrs\";var hupso_url_c=\"\";<\/script><script type=\"text\/javascript\" src=\"http:\/\/static.hupso.com\/share\/js\/counters.js\"><\/script><!-- Hupso Share Buttons --><\/div>","protected":false},"author":5,"featured_media":28535,"comment_status":"closed","ping_status":"closed","sticky":false,"template":"","format":"standard","meta":{"footnotes":""},"categories":[6],"tags":[2898],"class_list":["post-28534","post","type-post","status-publish","format-standard","has-post-thumbnail","hentry","category-radio-y-tv","tag-south-park"],"_links":{"self":[{"href":"http:\/\/cronicasyversiones.com\/index.php?rest_route=\/wp\/v2\/posts\/28534","targetHints":{"allow":["GET"]}}],"collection":[{"href":"http:\/\/cronicasyversiones.com\/index.php?rest_route=\/wp\/v2\/posts"}],"about":[{"href":"http:\/\/cronicasyversiones.com\/index.php?rest_route=\/wp\/v2\/types\/post"}],"author":[{"embeddable":true,"href":"http:\/\/cronicasyversiones.com\/index.php?rest_route=\/wp\/v2\/users\/5"}],"replies":[{"embeddable":true,"href":"http:\/\/cronicasyversiones.com\/index.php?rest_route=%2Fwp%2Fv2%2Fcomments&post=28534"}],"version-history":[{"count":3,"href":"http:\/\/cronicasyversiones.com\/index.php?rest_route=\/wp\/v2\/posts\/28534\/revisions"}],"predecessor-version":[{"id":28551,"href":"http:\/\/cronicasyversiones.com\/index.php?rest_route=\/wp\/v2\/posts\/28534\/revisions\/28551"}],"wp:featuredmedia":[{"embeddable":true,"href":"http:\/\/cronicasyversiones.com\/index.php?rest_route=\/wp\/v2\/media\/28535"}],"wp:attachment":[{"href":"http:\/\/cronicasyversiones.com\/index.php?rest_route=%2Fwp%2Fv2%2Fmedia&parent=28534"}],"wp:term":[{"taxonomy":"category","embeddable":true,"href":"http:\/\/cronicasyversiones.com\/index.php?rest_route=%2Fwp%2Fv2%2Fcategories&post=28534"},{"taxonomy":"post_tag","embeddable":true,"href":"http:\/\/cronicasyversiones.com\/index.php?rest_route=%2Fwp%2Fv2%2Ftags&post=28534"}],"curies":[{"name":"wp","href":"https:\/\/api.w.org\/{rel}","templated":true}]}}