{"id":28581,"date":"2020-10-12T17:36:45","date_gmt":"2020-10-12T20:36:45","guid":{"rendered":"http:\/\/cronicasyversiones.com\/?p=28581"},"modified":"2020-10-12T17:36:45","modified_gmt":"2020-10-12T20:36:45","slug":"tito-fargo-presenta-su-primer-streaming","status":"publish","type":"post","link":"http:\/\/cronicasyversiones.com\/?p=28581","title":{"rendered":"Tito Fargo presenta su primer streaming"},"content":{"rendered":"<div style=\"padding-bottom:20px; padding-top:10px;\" class=\"hupso-share-buttons\"><!-- Hupso Share Buttons - https:\/\/www.hupso.com\/share\/ --><a class=\"hupso_counters\" href=\"https:\/\/www.hupso.com\/share\/\"><img decoding=\"async\" src=\"http:\/\/static.hupso.com\/share\/buttons\/lang\/es\/share-small.png\" style=\"border:0px; padding-top:2px; float:left;\" alt=\"Share Button\"\/><\/a><script type=\"text\/javascript\">var hupso_services_c=new Array(\"twitter\",\"facebook_like\",\"google\");var hupso_counters_lang = \"es_LA\";var hupso_image_folder_url = \"\";var hupso_twitter_via=\"crsyvrs\";var hupso_url_c=\"\";<\/script><script type=\"text\/javascript\" src=\"http:\/\/static.hupso.com\/share\/js\/counters.js\"><\/script><!-- Hupso Share Buttons --><\/div><h2>El ex guitarrista de Los Redondos muestra su proyecto personal Dub Station, que mezcla instrumentos electr\u00f3nicos y anal\u00f3gicos.<\/h2>\n<p><img loading=\"lazy\" decoding=\"async\" class=\"size-full wp-image-28582 aligncenter\" src=\"http:\/\/cronicasyversiones.com\/wp-content\/uploads\/2020\/10\/tito.jpg\" alt=\"\" width=\"750\" height=\"515\" srcset=\"http:\/\/cronicasyversiones.com\/wp-content\/uploads\/2020\/10\/tito.jpg 750w, http:\/\/cronicasyversiones.com\/wp-content\/uploads\/2020\/10\/tito-300x206.jpg 300w\" sizes=\"auto, (max-width: 750px) 100vw, 750px\" \/><\/p>\n<p><strong>Tito Fargo<\/strong> se presenta este viernes pr\u00f3ximo con su proyecto personal <strong>Dub Station,<\/strong> que mezcla instrumentos electr\u00f3nicos y anal\u00f3gicos, en un novedoso streaming inmersivo.<\/p>\n<p>El show tendr\u00e1 una tecnolog\u00eda cuyo tratamiento en la emisi\u00f3n del audio permite un efecto envolvente y una sensaci\u00f3n in\u00e9dita de profundidad sonora si se utilizan auriculares.<\/p>\n<p>Se tratar\u00e1 de la primera vez que un show tiene este tratamiento sonoro, puesto en marcha por un t\u00e9cnico especializado que opera para que la recepci\u00f3n cuente con una sensaci\u00f3n envolvente y distintos planos ac\u00fasticos, comparable al efecto visual que provoca el uso de c\u00e1maras 360.<\/p>\n<p>M\u00e1s all\u00e1 de las cuestiones tecnol\u00f3gicas que lo distinguen del resto, el concierto servir\u00e1 de excusa a Tito Fargo para mostrar su material solista, que toma distancia de las facetas musicales conocidas de este artista.<\/p>\n<p><em><strong>LEA TAMBI\u00c9N:\u00a0<\/strong><\/em><\/p>\n<div class=\"video-container\">\n<blockquote class=\"wp-embedded-content\" data-secret=\"4bduBTo1tR\"><p><a href=\"https:\/\/cronicasyversiones.com\/?p=28563\">\u201cCuando sea\u201d, la nueva canci\u00f3n de Ignacia Etcheverry<\/a><\/p><\/blockquote>\n<p><iframe loading=\"lazy\" class=\"wp-embedded-content\" sandbox=\"allow-scripts\" security=\"restricted\" style=\"position: absolute; clip: rect(1px, 1px, 1px, 1px);\" title=\"\u00ab\u201cCuando sea\u201d, la nueva canci\u00f3n de Ignacia Etcheverry\u00bb \u2014    \" src=\"https:\/\/cronicasyversiones.com\/?p=28563&#038;embed=true#?secret=OCUSXVRIIx#?secret=4bduBTo1tR\" data-secret=\"4bduBTo1tR\" width=\"600\" height=\"338\" frameborder=\"0\" marginwidth=\"0\" marginheight=\"0\" scrolling=\"no\"><\/iframe><\/div>\n<p>Tito Fargo fue integrante de <strong>Patricio Rey y sus Redonditos de Ricota,<\/strong> participando en<em><strong> \u201cGulp\u201d<\/strong><\/em> y en <em><strong>\u201cOktubre\u201d<\/strong><\/em>, los dos primeros discos de la banda.<\/p>\n<p>Tambi\u00e9n pas\u00f3 por la <strong>Hurlingham Reggae Band<\/strong>, un subgrupo paralelo a <strong>Sumo,<\/strong> y diversas colaboraciones durante su exilio hasta principios del 2000 en Espa\u00f1a.<\/p>\n<p>Actualmente el guitarrista reparte su tiempo actualmente entre Gran Martell, la Kermesse Redonda -el grupo conformado por ex integrantes de la m\u00edtica banda- y su proyecto solista.<\/p>\n<p>Las entradas se consiguen en <a href=\"http:\/\/www.entradauno.com\">www.entradauno.com<\/a><\/p>\n<p>&nbsp;<\/p>\n<div style=\"padding-bottom:20px; padding-top:10px;\" class=\"hupso-share-buttons\"><!-- Hupso Share Buttons - https:\/\/www.hupso.com\/share\/ --><a class=\"hupso_counters\" href=\"https:\/\/www.hupso.com\/share\/\"><img decoding=\"async\" src=\"http:\/\/static.hupso.com\/share\/buttons\/lang\/es\/share-small.png\" style=\"border:0px; padding-top:2px; float:left;\" alt=\"Share Button\"\/><\/a><script type=\"text\/javascript\">var hupso_services_c=new Array(\"twitter\",\"facebook_like\",\"google\");var hupso_counters_lang = \"es_LA\";var hupso_image_folder_url = \"\";var hupso_twitter_via=\"crsyvrs\";var hupso_url_c=\"\";<\/script><script type=\"text\/javascript\" src=\"http:\/\/static.hupso.com\/share\/js\/counters.js\"><\/script><!-- Hupso Share Buttons --><\/div> ","protected":false},"excerpt":{"rendered":"<div style=\"padding-bottom:20px; padding-top:10px;\" class=\"hupso-share-buttons\"><!-- Hupso Share Buttons - https:\/\/www.hupso.com\/share\/ --><a class=\"hupso_counters\" href=\"https:\/\/www.hupso.com\/share\/\"><img src=\"http:\/\/static.hupso.com\/share\/buttons\/lang\/es\/share-small.png\" style=\"border:0px; padding-top:2px; float:left;\" alt=\"Share Button\"\/><\/a><script type=\"text\/javascript\">var hupso_services_c=new Array(\"twitter\",\"facebook_like\",\"google\");var hupso_counters_lang = \"es_LA\";var hupso_image_folder_url = \"\";var hupso_twitter_via=\"crsyvrs\";var hupso_url_c=\"\";<\/script><script type=\"text\/javascript\" src=\"http:\/\/static.hupso.com\/share\/js\/counters.js\"><\/script><!-- Hupso Share Buttons --><\/div><p>El ex guitarrista de Los Redondos muestra su proyecto personal Dub Station, que mezcla instrumentos electr\u00f3nicos y anal\u00f3gicos. Tito Fargo se presenta este viernes pr\u00f3ximo con su proyecto personal Dub Station, que mezcla instrumentos electr\u00f3nicos y anal\u00f3gicos, en un&#46;&#46;&#46;<\/p>\n<div style=\"padding-bottom:20px; padding-top:10px;\" class=\"hupso-share-buttons\"><!-- Hupso Share Buttons - https:\/\/www.hupso.com\/share\/ --><a class=\"hupso_counters\" href=\"https:\/\/www.hupso.com\/share\/\"><img src=\"http:\/\/static.hupso.com\/share\/buttons\/lang\/es\/share-small.png\" style=\"border:0px; padding-top:2px; float:left;\" alt=\"Share Button\"\/><\/a><script type=\"text\/javascript\">var hupso_services_c=new Array(\"twitter\",\"facebook_like\",\"google\");var hupso_counters_lang = \"es_LA\";var hupso_image_folder_url = \"\";var hupso_twitter_via=\"crsyvrs\";var hupso_url_c=\"\";<\/script><script type=\"text\/javascript\" src=\"http:\/\/static.hupso.com\/share\/js\/counters.js\"><\/script><!-- Hupso Share Buttons --><\/div>","protected":false},"author":5,"featured_media":28582,"comment_status":"closed","ping_status":"closed","sticky":false,"template":"","format":"standard","meta":{"footnotes":""},"categories":[3],"tags":[1769,9706],"class_list":["post-28581","post","type-post","status-publish","format-standard","has-post-thumbnail","hentry","category-musica","tag-patricio-rey-y-sus-redonditos-de-ricota","tag-tito-fargo"],"_links":{"self":[{"href":"http:\/\/cronicasyversiones.com\/index.php?rest_route=\/wp\/v2\/posts\/28581","targetHints":{"allow":["GET"]}}],"collection":[{"href":"http:\/\/cronicasyversiones.com\/index.php?rest_route=\/wp\/v2\/posts"}],"about":[{"href":"http:\/\/cronicasyversiones.com\/index.php?rest_route=\/wp\/v2\/types\/post"}],"author":[{"embeddable":true,"href":"http:\/\/cronicasyversiones.com\/index.php?rest_route=\/wp\/v2\/users\/5"}],"replies":[{"embeddable":true,"href":"http:\/\/cronicasyversiones.com\/index.php?rest_route=%2Fwp%2Fv2%2Fcomments&post=28581"}],"version-history":[{"count":1,"href":"http:\/\/cronicasyversiones.com\/index.php?rest_route=\/wp\/v2\/posts\/28581\/revisions"}],"predecessor-version":[{"id":28583,"href":"http:\/\/cronicasyversiones.com\/index.php?rest_route=\/wp\/v2\/posts\/28581\/revisions\/28583"}],"wp:featuredmedia":[{"embeddable":true,"href":"http:\/\/cronicasyversiones.com\/index.php?rest_route=\/wp\/v2\/media\/28582"}],"wp:attachment":[{"href":"http:\/\/cronicasyversiones.com\/index.php?rest_route=%2Fwp%2Fv2%2Fmedia&parent=28581"}],"wp:term":[{"taxonomy":"category","embeddable":true,"href":"http:\/\/cronicasyversiones.com\/index.php?rest_route=%2Fwp%2Fv2%2Fcategories&post=28581"},{"taxonomy":"post_tag","embeddable":true,"href":"http:\/\/cronicasyversiones.com\/index.php?rest_route=%2Fwp%2Fv2%2Ftags&post=28581"}],"curies":[{"name":"wp","href":"https:\/\/api.w.org\/{rel}","templated":true}]}}