{"id":28603,"date":"2020-10-14T11:01:23","date_gmt":"2020-10-14T14:01:23","guid":{"rendered":"http:\/\/cronicasyversiones.com\/?p=28603"},"modified":"2020-10-14T11:01:23","modified_gmt":"2020-10-14T14:01:23","slug":"tomando-estado-se-estrena-en-cine-ar","status":"publish","type":"post","link":"http:\/\/cronicasyversiones.com\/?p=28603","title":{"rendered":"\u201cTomando estado\u201d se estrena en Cine.ar"},"content":{"rendered":"<div style=\"padding-bottom:20px; padding-top:10px;\" class=\"hupso-share-buttons\"><!-- Hupso Share Buttons - https:\/\/www.hupso.com\/share\/ --><a class=\"hupso_counters\" href=\"https:\/\/www.hupso.com\/share\/\"><img decoding=\"async\" src=\"http:\/\/static.hupso.com\/share\/buttons\/lang\/es\/share-small.png\" style=\"border:0px; padding-top:2px; float:left;\" alt=\"Share Button\"\/><\/a><script type=\"text\/javascript\">var hupso_services_c=new Array(\"twitter\",\"facebook_like\",\"google\");var hupso_counters_lang = \"es_LA\";var hupso_image_folder_url = \"\";var hupso_twitter_via=\"crsyvrs\";var hupso_url_c=\"\";<\/script><script type=\"text\/javascript\" src=\"http:\/\/static.hupso.com\/share\/js\/counters.js\"><\/script><!-- Hupso Share Buttons --><\/div><h2>Dirigida por Federico Sosa, el film est\u00e1 ambientado en una cooperativa el\u00e9ctrica de un pueblo del interior en la crisis del 2001.<\/h2>\n<p><img loading=\"lazy\" decoding=\"async\" class=\" wp-image-28604 aligncenter\" src=\"http:\/\/cronicasyversiones.com\/wp-content\/uploads\/2020\/10\/tomando-1024x576.jpg\" alt=\"\" width=\"782\" height=\"440\" srcset=\"http:\/\/cronicasyversiones.com\/wp-content\/uploads\/2020\/10\/tomando-1024x576.jpg 1024w, http:\/\/cronicasyversiones.com\/wp-content\/uploads\/2020\/10\/tomando-300x169.jpg 300w, http:\/\/cronicasyversiones.com\/wp-content\/uploads\/2020\/10\/tomando-768x432.jpg 768w, http:\/\/cronicasyversiones.com\/wp-content\/uploads\/2020\/10\/tomando-1536x864.jpg 1536w, http:\/\/cronicasyversiones.com\/wp-content\/uploads\/2020\/10\/tomando.jpg 1920w\" sizes=\"auto, (max-width: 782px) 100vw, 782px\" \/><\/p>\n<p><em><strong>\u201cTomando estado\u201d,<\/strong> <\/em>una film con toque de comedia y de drama con direcci\u00f3n de <strong>Federico Sosa,<\/strong> se estrena en las plataformas de Cine.ar ante el cierre de las salas de cine por la pandemia de coronavirus.<\/p>\n<p><strong>Carlos y Nicola<\/strong> trabajan en la cooperativa el\u00e9ctrica de un pueblo del interior. Es el a\u00f1o 2001 y la crisis que vive el pa\u00eds empieza a notarse, y en ese clima inestable dos sucesos los van a hacer replantearse el lugar en el que est\u00e1n parados.<\/p>\n<p>La llegada de Victoria, una joven que viene desde la Capital a trabajar en la radio local, trae para Nicola una nueva forma de entender el amor y las relaciones, mientras que para Carlos la llamada de un viejo compa\u00f1ero de militancia va a revivir un pasado que cre\u00eda enterrado.<\/p>\n<p><iframe loading=\"lazy\" src=\"https:\/\/www.youtube.com\/embed\/_4JmbAzr7_w\" width=\"600\" height=\"350\" frameborder=\"0\" allowfullscreen=\"allowfullscreen\"><span data-mce-type=\"bookmark\" style=\"display: inline-block; width: 0px; overflow: hidden; line-height: 0;\" class=\"mce_SELRES_start\">?<\/span><\/iframe><\/p>\n<p>La direcci\u00f3n es de Federico Sosa (\u00abYo s\u00e9 lo que envenena\u00bb, \u00abContra Paraguay\u00bb), seg\u00fan un guion propio, con actuaciones de <strong>Germ\u00e1n de Silva, Sergio Podeley, Ver\u00f3nica Gerez, Chang Sung Kim, Federico Liss, Elvira Onetto, Malala Olivares, Emilio Bardi y Dario Levy<\/strong>.<\/p>\n<p>Se ver\u00e1 por Cine.ar TV el jueves y el s\u00e1bado, a las 20, y por Cine.ar Play desde el viernes gratis durante una semana.<\/p>\n<div style=\"padding-bottom:20px; padding-top:10px;\" class=\"hupso-share-buttons\"><!-- Hupso Share Buttons - https:\/\/www.hupso.com\/share\/ --><a class=\"hupso_counters\" href=\"https:\/\/www.hupso.com\/share\/\"><img decoding=\"async\" src=\"http:\/\/static.hupso.com\/share\/buttons\/lang\/es\/share-small.png\" style=\"border:0px; padding-top:2px; float:left;\" alt=\"Share Button\"\/><\/a><script type=\"text\/javascript\">var hupso_services_c=new Array(\"twitter\",\"facebook_like\",\"google\");var hupso_counters_lang = \"es_LA\";var hupso_image_folder_url = \"\";var hupso_twitter_via=\"crsyvrs\";var hupso_url_c=\"\";<\/script><script type=\"text\/javascript\" src=\"http:\/\/static.hupso.com\/share\/js\/counters.js\"><\/script><!-- Hupso Share Buttons --><\/div> ","protected":false},"excerpt":{"rendered":"<div style=\"padding-bottom:20px; padding-top:10px;\" class=\"hupso-share-buttons\"><!-- Hupso Share Buttons - https:\/\/www.hupso.com\/share\/ --><a class=\"hupso_counters\" href=\"https:\/\/www.hupso.com\/share\/\"><img src=\"http:\/\/static.hupso.com\/share\/buttons\/lang\/es\/share-small.png\" style=\"border:0px; padding-top:2px; float:left;\" alt=\"Share Button\"\/><\/a><script type=\"text\/javascript\">var hupso_services_c=new Array(\"twitter\",\"facebook_like\",\"google\");var hupso_counters_lang = \"es_LA\";var hupso_image_folder_url = \"\";var hupso_twitter_via=\"crsyvrs\";var hupso_url_c=\"\";<\/script><script type=\"text\/javascript\" src=\"http:\/\/static.hupso.com\/share\/js\/counters.js\"><\/script><!-- Hupso Share Buttons --><\/div><p>Dirigida por Federico Sosa, el film est\u00e1 ambientado en una cooperativa el\u00e9ctrica de un pueblo del interior en la crisis del 2001. \u201cTomando estado\u201d, una film con toque de comedia y de drama con direcci\u00f3n de Federico Sosa, se&#46;&#46;&#46;<\/p>\n<div style=\"padding-bottom:20px; padding-top:10px;\" class=\"hupso-share-buttons\"><!-- Hupso Share Buttons - https:\/\/www.hupso.com\/share\/ --><a class=\"hupso_counters\" href=\"https:\/\/www.hupso.com\/share\/\"><img src=\"http:\/\/static.hupso.com\/share\/buttons\/lang\/es\/share-small.png\" style=\"border:0px; padding-top:2px; float:left;\" alt=\"Share Button\"\/><\/a><script type=\"text\/javascript\">var hupso_services_c=new Array(\"twitter\",\"facebook_like\",\"google\");var hupso_counters_lang = \"es_LA\";var hupso_image_folder_url = \"\";var hupso_twitter_via=\"crsyvrs\";var hupso_url_c=\"\";<\/script><script type=\"text\/javascript\" src=\"http:\/\/static.hupso.com\/share\/js\/counters.js\"><\/script><!-- Hupso Share Buttons --><\/div>","protected":false},"author":5,"featured_media":28604,"comment_status":"closed","ping_status":"closed","sticky":false,"template":"","format":"standard","meta":{"footnotes":""},"categories":[4,6],"tags":[9710,9588,9712,8614,9711,3999,9713,9708,9709],"class_list":["post-28603","post","type-post","status-publish","format-standard","has-post-thumbnail","hentry","category-cine","category-radio-y-tv","tag-chang-sung-kim","tag-cinear","tag-elvira-onetto","tag-emilio-bardi","tag-federico-liss","tag-german-de-silva","tag-malala-olivares","tag-sergio-podeley","tag-veronica-gerez"],"_links":{"self":[{"href":"http:\/\/cronicasyversiones.com\/index.php?rest_route=\/wp\/v2\/posts\/28603","targetHints":{"allow":["GET"]}}],"collection":[{"href":"http:\/\/cronicasyversiones.com\/index.php?rest_route=\/wp\/v2\/posts"}],"about":[{"href":"http:\/\/cronicasyversiones.com\/index.php?rest_route=\/wp\/v2\/types\/post"}],"author":[{"embeddable":true,"href":"http:\/\/cronicasyversiones.com\/index.php?rest_route=\/wp\/v2\/users\/5"}],"replies":[{"embeddable":true,"href":"http:\/\/cronicasyversiones.com\/index.php?rest_route=%2Fwp%2Fv2%2Fcomments&post=28603"}],"version-history":[{"count":1,"href":"http:\/\/cronicasyversiones.com\/index.php?rest_route=\/wp\/v2\/posts\/28603\/revisions"}],"predecessor-version":[{"id":28605,"href":"http:\/\/cronicasyversiones.com\/index.php?rest_route=\/wp\/v2\/posts\/28603\/revisions\/28605"}],"wp:featuredmedia":[{"embeddable":true,"href":"http:\/\/cronicasyversiones.com\/index.php?rest_route=\/wp\/v2\/media\/28604"}],"wp:attachment":[{"href":"http:\/\/cronicasyversiones.com\/index.php?rest_route=%2Fwp%2Fv2%2Fmedia&parent=28603"}],"wp:term":[{"taxonomy":"category","embeddable":true,"href":"http:\/\/cronicasyversiones.com\/index.php?rest_route=%2Fwp%2Fv2%2Fcategories&post=28603"},{"taxonomy":"post_tag","embeddable":true,"href":"http:\/\/cronicasyversiones.com\/index.php?rest_route=%2Fwp%2Fv2%2Ftags&post=28603"}],"curies":[{"name":"wp","href":"https:\/\/api.w.org\/{rel}","templated":true}]}}