{"id":28758,"date":"2020-11-03T08:35:00","date_gmt":"2020-11-03T11:35:00","guid":{"rendered":"http:\/\/cronicasyversiones.com\/?p=28758"},"modified":"2020-11-03T08:35:03","modified_gmt":"2020-11-03T11:35:03","slug":"juan-pablo-navarro-septeto-presenta-su-primer-streaming","status":"publish","type":"post","link":"http:\/\/cronicasyversiones.com\/?p=28758","title":{"rendered":"Juan Pablo Navarro Septeto presenta su primer streaming"},"content":{"rendered":"<div style=\"padding-bottom:20px; padding-top:10px;\" class=\"hupso-share-buttons\"><!-- Hupso Share Buttons - https:\/\/www.hupso.com\/share\/ --><a class=\"hupso_counters\" href=\"https:\/\/www.hupso.com\/share\/\"><img decoding=\"async\" src=\"http:\/\/static.hupso.com\/share\/buttons\/lang\/es\/share-small.png\" style=\"border:0px; padding-top:2px; float:left;\" alt=\"Share Button\"\/><\/a><script type=\"text\/javascript\">var hupso_services_c=new Array(\"twitter\",\"facebook_like\",\"google\");var hupso_counters_lang = \"es_LA\";var hupso_image_folder_url = \"\";var hupso_twitter_via=\"crsyvrs\";var hupso_url_c=\"\";<\/script><script type=\"text\/javascript\" src=\"http:\/\/static.hupso.com\/share\/js\/counters.js\"><\/script><!-- Hupso Share Buttons --><\/div><h2>La formaci\u00f3n liderada por el contrabajista mostrar\u00e1 en este formato el material de &nbsp;los discos \u201cTangos de la Posverdad\u201d y&nbsp; \u201cLos Dopados\u201d.<\/h2>\n<p><img loading=\"lazy\" decoding=\"async\" class=\" wp-image-28759 aligncenter\" src=\"http:\/\/cronicasyversiones.com\/wp-content\/uploads\/2020\/10\/JPN-1024x683.jpeg\" alt=\"\" width=\"762\" height=\"508\" srcset=\"http:\/\/cronicasyversiones.com\/wp-content\/uploads\/2020\/10\/JPN-1024x683.jpeg 1024w, http:\/\/cronicasyversiones.com\/wp-content\/uploads\/2020\/10\/JPN-300x200.jpeg 300w, http:\/\/cronicasyversiones.com\/wp-content\/uploads\/2020\/10\/JPN-768x512.jpeg 768w, http:\/\/cronicasyversiones.com\/wp-content\/uploads\/2020\/10\/JPN-1536x1024.jpeg 1536w, http:\/\/cronicasyversiones.com\/wp-content\/uploads\/2020\/10\/JPN-2048x1365.jpeg 2048w, http:\/\/cronicasyversiones.com\/wp-content\/uploads\/2020\/10\/JPN-480x320.jpeg 480w\" sizes=\"auto, (max-width: 762px) 100vw, 762px\" \/><\/p>\n<p><strong>Juan Pablo Navarro<\/strong> Septeto presenta su primer concierto v\u00eda streaming con un exquisito programa que abarca <em><strong>\u201cTangos de la Posverdad\u201d<\/strong><\/em> y &nbsp;<em><strong>\u201cLos Dopados\u201d<\/strong><\/em>, sus dos exitosos trabajos discogr\u00e1ficos.<\/p>\n<p>La cita ser\u00e1 el viernes 13 de noviembre a las 22 <a href=\"https:\/\/allarena.net\/detailevent\/1052\/2-juan-pablo-navarro-septeto\">en la plataforma All Arena<\/a> y las entradas se encuentran a la venta.<\/p>\n<p>Navarro lidera uno de los m\u00e1s relevantes grupos de ra\u00edz tanguera, e influencias del jazz y m\u00fasica contempor\u00e1nea.<\/p>\n<p>El concierto ser\u00e1 Una oportunidad \u00fanica para disfrutar de toda la riqueza y originalidad de los sonidos de esta agrupaci\u00f3n con fuerte ra\u00edz tanguera y notables influencias del jazz y la m\u00fasica contempor\u00e1nea.<\/p>\n<p>Transmitido con las tecnolog\u00edas de imagen y sonido m\u00e1s avanzadas, el evento contar\u00e1 con la direcci\u00f3n de c\u00e1maras y realizaci\u00f3n visual de Luis Santos, responsable de los impactantes shows \u201cMe ver\u00e1s volver\u201d,&nbsp; de Soda Stereo; \u201cAh\u00ed vamos\u201d, de Gustavo Cerati; &nbsp;\u201cEl concierto subacu\u00e1tico\u201d y \u201c60&#215;60\u201d, de Charly Garc\u00eda, entre muchos otros.<\/p>\n<p><iframe loading=\"lazy\" src=\"https:\/\/www.youtube.com\/embed\/vygxxUCobBw\" width=\"600\" height=\"350\" frameborder=\"0\" allowfullscreen=\"allowfullscreen\"><span data-mce-type=\"bookmark\" style=\"display: inline-block; width: 0px; overflow: hidden; line-height: 0;\" class=\"mce_SELRES_start\">?<\/span><\/iframe><\/p>\n<p><strong>Juan Pablo Navarro<\/strong> naci\u00f3 en Avellaneda el 9 de abril de 1971. Es profesor de contrabajo y educaci\u00f3n musical egresado del conservatorio \u201cLuis Gianneo de Mar Del Plata\u201d.<\/p>\n<p>Ganador de una beca de la Fundaci\u00f3n Antorchas para realizar una Performance Residency en la Carnegie Mellon University de Pennsylvania, ha actuado como solista junto al Carnegie Mellon Contemporary Ensemble y la Orquesta Sinf\u00f3nica de Mar del Plata, realizando la premier mundial del concierto para contrabajo y orquesta de Fermina Casanova.<\/p>\n<p>Tambi\u00e9n ha actuado como solista junto a la Orquesta del Tango de la Ciudad de Buenos Aires en una versi\u00f3n original de Kicho de Astor Piazzolla.<\/p>\n<div style=\"padding-bottom:20px; padding-top:10px;\" class=\"hupso-share-buttons\"><!-- Hupso Share Buttons - https:\/\/www.hupso.com\/share\/ --><a class=\"hupso_counters\" href=\"https:\/\/www.hupso.com\/share\/\"><img decoding=\"async\" src=\"http:\/\/static.hupso.com\/share\/buttons\/lang\/es\/share-small.png\" style=\"border:0px; padding-top:2px; float:left;\" alt=\"Share Button\"\/><\/a><script type=\"text\/javascript\">var hupso_services_c=new Array(\"twitter\",\"facebook_like\",\"google\");var hupso_counters_lang = \"es_LA\";var hupso_image_folder_url = \"\";var hupso_twitter_via=\"crsyvrs\";var hupso_url_c=\"\";<\/script><script type=\"text\/javascript\" src=\"http:\/\/static.hupso.com\/share\/js\/counters.js\"><\/script><!-- Hupso Share Buttons --><\/div> ","protected":false},"excerpt":{"rendered":"<div style=\"padding-bottom:20px; padding-top:10px;\" class=\"hupso-share-buttons\"><!-- Hupso Share Buttons - https:\/\/www.hupso.com\/share\/ --><a class=\"hupso_counters\" href=\"https:\/\/www.hupso.com\/share\/\"><img src=\"http:\/\/static.hupso.com\/share\/buttons\/lang\/es\/share-small.png\" style=\"border:0px; padding-top:2px; float:left;\" alt=\"Share Button\"\/><\/a><script type=\"text\/javascript\">var hupso_services_c=new Array(\"twitter\",\"facebook_like\",\"google\");var hupso_counters_lang = \"es_LA\";var hupso_image_folder_url = \"\";var hupso_twitter_via=\"crsyvrs\";var hupso_url_c=\"\";<\/script><script type=\"text\/javascript\" src=\"http:\/\/static.hupso.com\/share\/js\/counters.js\"><\/script><!-- Hupso Share Buttons --><\/div><p>La formaci\u00f3n liderada por el contrabajista mostrar\u00e1 en este formato el material de &nbsp;los discos \u201cTangos de la Posverdad\u201d y&nbsp; \u201cLos Dopados\u201d. Juan Pablo Navarro Septeto presenta su primer concierto v\u00eda streaming con un exquisito programa que abarca \u201cTangos&#46;&#46;&#46;<\/p>\n<div style=\"padding-bottom:20px; padding-top:10px;\" class=\"hupso-share-buttons\"><!-- Hupso Share Buttons - https:\/\/www.hupso.com\/share\/ --><a class=\"hupso_counters\" href=\"https:\/\/www.hupso.com\/share\/\"><img src=\"http:\/\/static.hupso.com\/share\/buttons\/lang\/es\/share-small.png\" style=\"border:0px; padding-top:2px; float:left;\" alt=\"Share Button\"\/><\/a><script type=\"text\/javascript\">var hupso_services_c=new Array(\"twitter\",\"facebook_like\",\"google\");var hupso_counters_lang = \"es_LA\";var hupso_image_folder_url = \"\";var hupso_twitter_via=\"crsyvrs\";var hupso_url_c=\"\";<\/script><script type=\"text\/javascript\" src=\"http:\/\/static.hupso.com\/share\/js\/counters.js\"><\/script><!-- Hupso Share Buttons --><\/div>","protected":false},"author":5,"featured_media":28759,"comment_status":"closed","ping_status":"closed","sticky":false,"template":"","format":"standard","meta":{"footnotes":""},"categories":[3],"tags":[8982,467],"class_list":["post-28758","post","type-post","status-publish","format-standard","has-post-thumbnail","hentry","category-musica","tag-juan-pablo-navarro","tag-tango"],"_links":{"self":[{"href":"http:\/\/cronicasyversiones.com\/index.php?rest_route=\/wp\/v2\/posts\/28758","targetHints":{"allow":["GET"]}}],"collection":[{"href":"http:\/\/cronicasyversiones.com\/index.php?rest_route=\/wp\/v2\/posts"}],"about":[{"href":"http:\/\/cronicasyversiones.com\/index.php?rest_route=\/wp\/v2\/types\/post"}],"author":[{"embeddable":true,"href":"http:\/\/cronicasyversiones.com\/index.php?rest_route=\/wp\/v2\/users\/5"}],"replies":[{"embeddable":true,"href":"http:\/\/cronicasyversiones.com\/index.php?rest_route=%2Fwp%2Fv2%2Fcomments&post=28758"}],"version-history":[{"count":2,"href":"http:\/\/cronicasyversiones.com\/index.php?rest_route=\/wp\/v2\/posts\/28758\/revisions"}],"predecessor-version":[{"id":28822,"href":"http:\/\/cronicasyversiones.com\/index.php?rest_route=\/wp\/v2\/posts\/28758\/revisions\/28822"}],"wp:featuredmedia":[{"embeddable":true,"href":"http:\/\/cronicasyversiones.com\/index.php?rest_route=\/wp\/v2\/media\/28759"}],"wp:attachment":[{"href":"http:\/\/cronicasyversiones.com\/index.php?rest_route=%2Fwp%2Fv2%2Fmedia&parent=28758"}],"wp:term":[{"taxonomy":"category","embeddable":true,"href":"http:\/\/cronicasyversiones.com\/index.php?rest_route=%2Fwp%2Fv2%2Fcategories&post=28758"},{"taxonomy":"post_tag","embeddable":true,"href":"http:\/\/cronicasyversiones.com\/index.php?rest_route=%2Fwp%2Fv2%2Ftags&post=28758"}],"curies":[{"name":"wp","href":"https:\/\/api.w.org\/{rel}","templated":true}]}}