{"id":2896,"date":"2014-07-25T00:08:34","date_gmt":"2014-07-25T03:08:34","guid":{"rendered":"http:\/\/cronicasyversiones.com\/?p=2896"},"modified":"2014-07-25T11:00:34","modified_gmt":"2014-07-25T14:00:34","slug":"charly-garcia-prefiere-la-mano-del-diablo-a-la-del-angel","status":"publish","type":"post","link":"http:\/\/cronicasyversiones.com\/?p=2896","title":{"rendered":"Charly Garc\u00eda \u201cprefiere la mano del diablo a la del \u00e1ngel\u201d"},"content":{"rendered":"<div style=\"padding-bottom:20px; padding-top:10px;\" class=\"hupso-share-buttons\"><!-- Hupso Share Buttons - https:\/\/www.hupso.com\/share\/ --><a class=\"hupso_counters\" href=\"https:\/\/www.hupso.com\/share\/\"><img decoding=\"async\" src=\"http:\/\/static.hupso.com\/share\/buttons\/lang\/es\/share-small.png\" style=\"border:0px; padding-top:2px; float:left;\" alt=\"Share Button\"\/><\/a><script type=\"text\/javascript\">var hupso_services_c=new Array(\"twitter\",\"facebook_like\",\"google\");var hupso_counters_lang = \"es_LA\";var hupso_image_folder_url = \"\";var hupso_twitter_via=\"crsyvrs\";var hupso_url_c=\"\";<\/script><script type=\"text\/javascript\" src=\"http:\/\/static.hupso.com\/share\/js\/counters.js\"><\/script><!-- Hupso Share Buttons --><\/div><h2 style=\"text-align: justify;\">Lo asegur\u00f3 su bi\u00f3grafo, el periodista Sergio Marchi, en la presentaci\u00f3n de \u201cRoom Service\u00bb, su nueva publicaci\u00f3n, en la Feria Internacional del Libro de Lima.<\/h2>\n<p><a href=\"http:\/\/cronicasyversiones.com\/wp-content\/uploads\/2014\/07\/charly_garcia_1_ok_1.jpg\"><img loading=\"lazy\" decoding=\"async\" class=\"size-full wp-image-2897 aligncenter\" src=\"http:\/\/cronicasyversiones.com\/wp-content\/uploads\/2014\/07\/charly_garcia_1_ok_1.jpg\" alt=\"charly_garcia_1_ok_1\" width=\"700\" height=\"400\" srcset=\"http:\/\/cronicasyversiones.com\/wp-content\/uploads\/2014\/07\/charly_garcia_1_ok_1.jpg 700w, http:\/\/cronicasyversiones.com\/wp-content\/uploads\/2014\/07\/charly_garcia_1_ok_1-300x171.jpg 300w, http:\/\/cronicasyversiones.com\/wp-content\/uploads\/2014\/07\/charly_garcia_1_ok_1-624x356.jpg 624w\" sizes=\"auto, (max-width: 700px) 100vw, 700px\" \/><\/a><\/p>\n<p style=\"text-align: justify;\">El bi\u00f3grafo de<strong> Charly Garc\u00eda<\/strong>, el periodista<strong> Sergio Marchi<\/strong>, present\u00f3 en la<strong> Feria Internacional del Libro de Lima<\/strong> (FIL Lima) su obra <em><strong>\u201cRoom Service\u201d,<\/strong><\/em> que re\u00fane cr\u00f3nicas sobre estrellas del rock mundial.<\/p>\n<p style=\"text-align: center;\"><strong><em>\u201cCharly Garc\u00eda prefiere la mano del diablo a la mano del \u00e1ngel\u201d, afirm\u00f3 el periodista en di\u00e1logo con la agencia de noticias EFE.<\/em><\/strong><\/p>\n<p style=\"text-align: justify;\">Marchi, autor de <em><strong>\u201cNo digas nada\u201d,<\/strong><\/em> una biograf\u00eda de Charly Garc\u00eda que edit\u00f3 en 1997, explic\u00f3 que \u201cRoom Service\u201d es \u201cun efecto colateral\u201d de la publicaci\u00f3n sobre su el m\u00fasico, al que considera como \u201c<strong>el astro rey del sistema solar del rock argentino.\u201d<\/strong><\/p>\n<p style=\"text-align: justify;\">\u201cYo trataba de entender qu\u00e9 era lo que pasaba con las estrellas de rock y en la b\u00fasqueda de herramientas para ayudar a Charly, <strong>me di cuenta de que hab\u00eda otro tipo de historias parecidas<\/strong>, as\u00ed que me propuse alg\u00fan d\u00eda hacer un libro\u201d, asegur\u00f3 Marchi.<\/p>\n<p style=\"text-align: justify;\">El autor de \u201cRoom Service\u201d se\u00f1al\u00f3 que en su libro intenta acercarse \u201ca la realidad\u201d y dejar de lado los mitos que se crearon sobre la vida de estrellas del rock como <strong>David Bowie, Lou Reed, Keith Richards, John Lennon, Mick Jagger, Elvis Presley<\/strong> o el propio Charly Garc\u00eda, entre otros.<\/p>\n<p style=\"text-align: center;\"><em><strong>\u201cDetr\u00e1s de cada estrella de rock hay un ser humano como cualquiera, que tiene problemas y al que le pasan circunstancias que tienen que ver con su historia\u201d, acot\u00f3.<\/strong><\/em><\/p>\n<p style=\"text-align: justify;\"><strong>\u201cUna estrella de rock tiene que tener el car\u00e1cter estelar<\/strong> que te da la fama y la adoraci\u00f3n un\u00e1nime. Adem\u00e1s, un comportamiento \u00fanico, que conlleva a una vida de excesos y un carisma irreprochable\u201d, agreg\u00f3 Marchi.<\/p>\n<p>&nbsp;<\/p>\n<p>&nbsp;<\/p>\n<div style=\"padding-bottom:20px; padding-top:10px;\" class=\"hupso-share-buttons\"><!-- Hupso Share Buttons - https:\/\/www.hupso.com\/share\/ --><a class=\"hupso_counters\" href=\"https:\/\/www.hupso.com\/share\/\"><img decoding=\"async\" src=\"http:\/\/static.hupso.com\/share\/buttons\/lang\/es\/share-small.png\" style=\"border:0px; padding-top:2px; float:left;\" alt=\"Share Button\"\/><\/a><script type=\"text\/javascript\">var hupso_services_c=new Array(\"twitter\",\"facebook_like\",\"google\");var hupso_counters_lang = \"es_LA\";var hupso_image_folder_url = \"\";var hupso_twitter_via=\"crsyvrs\";var hupso_url_c=\"\";<\/script><script type=\"text\/javascript\" src=\"http:\/\/static.hupso.com\/share\/js\/counters.js\"><\/script><!-- Hupso Share Buttons --><\/div> ","protected":false},"excerpt":{"rendered":"<div style=\"padding-bottom:20px; padding-top:10px;\" class=\"hupso-share-buttons\"><!-- Hupso Share Buttons - https:\/\/www.hupso.com\/share\/ --><a class=\"hupso_counters\" href=\"https:\/\/www.hupso.com\/share\/\"><img src=\"http:\/\/static.hupso.com\/share\/buttons\/lang\/es\/share-small.png\" style=\"border:0px; padding-top:2px; float:left;\" alt=\"Share Button\"\/><\/a><script type=\"text\/javascript\">var hupso_services_c=new Array(\"twitter\",\"facebook_like\",\"google\");var hupso_counters_lang = \"es_LA\";var hupso_image_folder_url = \"\";var hupso_twitter_via=\"crsyvrs\";var hupso_url_c=\"\";<\/script><script type=\"text\/javascript\" src=\"http:\/\/static.hupso.com\/share\/js\/counters.js\"><\/script><!-- Hupso Share Buttons --><\/div><p>Lo asegur\u00f3 su bi\u00f3grafo, el periodista Sergio Marchi, en la presentaci\u00f3n de \u201cRoom Service\u00bb, su nueva publicaci\u00f3n, en la Feria Internacional del Libro de Lima. El bi\u00f3grafo de Charly Garc\u00eda, el periodista Sergio Marchi, present\u00f3 en la Feria Internacional&#46;&#46;&#46;<\/p>\n<div style=\"padding-bottom:20px; padding-top:10px;\" class=\"hupso-share-buttons\"><!-- Hupso Share Buttons - https:\/\/www.hupso.com\/share\/ --><a class=\"hupso_counters\" href=\"https:\/\/www.hupso.com\/share\/\"><img src=\"http:\/\/static.hupso.com\/share\/buttons\/lang\/es\/share-small.png\" style=\"border:0px; padding-top:2px; float:left;\" alt=\"Share Button\"\/><\/a><script type=\"text\/javascript\">var hupso_services_c=new Array(\"twitter\",\"facebook_like\",\"google\");var hupso_counters_lang = \"es_LA\";var hupso_image_folder_url = \"\";var hupso_twitter_via=\"crsyvrs\";var hupso_url_c=\"\";<\/script><script type=\"text\/javascript\" src=\"http:\/\/static.hupso.com\/share\/js\/counters.js\"><\/script><!-- Hupso Share Buttons --><\/div>","protected":false},"author":5,"featured_media":0,"comment_status":"open","ping_status":"open","sticky":false,"template":"","format":"standard","meta":{"footnotes":""},"categories":[7],"tags":[126,2282,2281,2280,2279],"class_list":["post-2896","post","type-post","status-publish","format-standard","hentry","category-literatura","tag-charly-garcia","tag-feria-internacional-del-libro-de-lima","tag-no-digas-nada","tag-room-service","tag-sergio-marchi"],"_links":{"self":[{"href":"http:\/\/cronicasyversiones.com\/index.php?rest_route=\/wp\/v2\/posts\/2896","targetHints":{"allow":["GET"]}}],"collection":[{"href":"http:\/\/cronicasyversiones.com\/index.php?rest_route=\/wp\/v2\/posts"}],"about":[{"href":"http:\/\/cronicasyversiones.com\/index.php?rest_route=\/wp\/v2\/types\/post"}],"author":[{"embeddable":true,"href":"http:\/\/cronicasyversiones.com\/index.php?rest_route=\/wp\/v2\/users\/5"}],"replies":[{"embeddable":true,"href":"http:\/\/cronicasyversiones.com\/index.php?rest_route=%2Fwp%2Fv2%2Fcomments&post=2896"}],"version-history":[{"count":0,"href":"http:\/\/cronicasyversiones.com\/index.php?rest_route=\/wp\/v2\/posts\/2896\/revisions"}],"wp:attachment":[{"href":"http:\/\/cronicasyversiones.com\/index.php?rest_route=%2Fwp%2Fv2%2Fmedia&parent=2896"}],"wp:term":[{"taxonomy":"category","embeddable":true,"href":"http:\/\/cronicasyversiones.com\/index.php?rest_route=%2Fwp%2Fv2%2Fcategories&post=2896"},{"taxonomy":"post_tag","embeddable":true,"href":"http:\/\/cronicasyversiones.com\/index.php?rest_route=%2Fwp%2Fv2%2Ftags&post=2896"}],"curies":[{"name":"wp","href":"https:\/\/api.w.org\/{rel}","templated":true}]}}