{"id":28974,"date":"2020-11-18T20:05:00","date_gmt":"2020-11-18T23:05:00","guid":{"rendered":"http:\/\/cronicasyversiones.com\/?p=28974"},"modified":"2020-11-18T20:05:03","modified_gmt":"2020-11-18T23:05:03","slug":"cuchara-de-madera-de-florencia-aroldi-en-el-festival-medeas-2020","status":"publish","type":"post","link":"http:\/\/cronicasyversiones.com\/?p=28974","title":{"rendered":"\u201cCuchara de madera\u201d, de Florencia Aroldi, en el Festival Medeas 2020"},"content":{"rendered":"<div style=\"padding-bottom:20px; padding-top:10px;\" class=\"hupso-share-buttons\"><!-- Hupso Share Buttons - https:\/\/www.hupso.com\/share\/ --><a class=\"hupso_counters\" href=\"https:\/\/www.hupso.com\/share\/\"><img decoding=\"async\" src=\"http:\/\/static.hupso.com\/share\/buttons\/lang\/es\/share-small.png\" style=\"border:0px; padding-top:2px; float:left;\" alt=\"Share Button\"\/><\/a><script type=\"text\/javascript\">var hupso_services_c=new Array(\"twitter\",\"facebook_like\",\"google\");var hupso_counters_lang = \"es_LA\";var hupso_image_folder_url = \"\";var hupso_twitter_via=\"crsyvrs\";var hupso_url_c=\"\";<\/script><script type=\"text\/javascript\" src=\"http:\/\/static.hupso.com\/share\/js\/counters.js\"><\/script><!-- Hupso Share Buttons --><\/div><h2>La puesta se desarrolla durante el cumplea\u00f1os n\u00famero 10 de una ni\u00f1a y tiene actuaciones de Carla Appella y Sabrina Lara.<\/h2>\n<p><img loading=\"lazy\" decoding=\"async\" class=\"size-full wp-image-28975 aligncenter\" src=\"http:\/\/cronicasyversiones.com\/wp-content\/uploads\/2020\/11\/cuchara.jpg\" alt=\"\" width=\"750\" height=\"458\" srcset=\"http:\/\/cronicasyversiones.com\/wp-content\/uploads\/2020\/11\/cuchara.jpg 750w, http:\/\/cronicasyversiones.com\/wp-content\/uploads\/2020\/11\/cuchara-300x183.jpg 300w\" sizes=\"auto, (max-width: 750px) 100vw, 750px\" \/><\/p>\n<p>La obra <em><strong>\u201cCuchara de madera\u201d<\/strong><\/em>, escrita y dirigida por <strong>Florencia Aroldi,<\/strong> se presentar\u00e1 en el <strong>Festival Medeas 2020<\/strong>, integrado por piezas creadas por mujeres, los s\u00e1bados 21 y 28 y los domingos 22 y 29 de noviembre a las 21.<\/p>\n<p>El espect\u00e1culo, de 30 minutos de duraci\u00f3n, se desarrolla durante el cumplea\u00f1os n\u00famero 10 de una ni\u00f1a, quien junto a su madre y la pareja de su padre deber\u00e1 decidir sobre asuntos de la identidad femenina, y tiene actuaciones de <strong>Carla Appella y Sabrina Lara<\/strong> y producci\u00f3n de Zaida Mazzitelli.<\/p>\n<p>Es el cumplea\u00f1os n\u00famero 10 de Vera, y su mam\u00e1 y la pareja de su pap\u00e1 est\u00e1n en la cocina preparando la torta. La cordialidad de cotill\u00f3n se sostiene hasta que llega el momento de decidir en cu\u00e1l de las dos tortas van las velitas.<\/p>\n<blockquote><p>\u00bfEn la que hizo la nena con Berenice que tiene la decoraci\u00f3n de un pa\u00f1uelo verde o en la que hizo Griselda que tiene una princesa de adorno?<\/p>\n<p><em><strong>LEA TAMBI\u00c9N:&nbsp;<\/strong><\/em><\/p><\/blockquote>\n<div class=\"video-container\">\n<blockquote class=\"wp-embedded-content\" data-secret=\"IB6bKUCzqc\"><p><a href=\"https:\/\/cronicasyversiones.com\/?p=28742\">\u201cBrutalmente real\u201d, de Mercedes Farriols, se ver\u00e1 v\u00eda streaming<\/a><\/p><\/blockquote>\n<p><iframe loading=\"lazy\" class=\"wp-embedded-content\" sandbox=\"allow-scripts\" security=\"restricted\" style=\"position: absolute; clip: rect(1px, 1px, 1px, 1px);\" title=\"\u00ab\u201cBrutalmente real\u201d, de Mercedes Farriols, se ver\u00e1 v\u00eda streaming\u00bb \u2014    \" src=\"https:\/\/cronicasyversiones.com\/?p=28742&#038;embed=true#?secret=KRflHjf29u#?secret=IB6bKUCzqc\" data-secret=\"IB6bKUCzqc\" width=\"600\" height=\"338\" frameborder=\"0\" marginwidth=\"0\" marginheight=\"0\" scrolling=\"no\"><\/iframe><\/div>\n<p>Florencia, <strong>hija de la actriz Mar\u00eda Ibarreta y el actor Norberto Aroldi<\/strong>, es una de las dramaturgas m\u00e1s activas de su generaci\u00f3n, con diez obras breves presentadas en el ciclo Microteatro BA y varias de ellas representadas en Madrid \u2013<em><strong>\u201cAmelia\u201d<\/strong><\/em>, dirigida por Pablo Razuk- y Nueva York \u2013<em><strong>\u201cCaprichosa\u201d<\/strong><\/em>, recientemente emitida por el sitio de Timbre 4 con su elenco original estadounidense.<\/p>\n<p>Las entradas son a la gorra virtual en www.alternativateatral.com<\/p>\n<div style=\"padding-bottom:20px; padding-top:10px;\" class=\"hupso-share-buttons\"><!-- Hupso Share Buttons - https:\/\/www.hupso.com\/share\/ --><a class=\"hupso_counters\" href=\"https:\/\/www.hupso.com\/share\/\"><img decoding=\"async\" src=\"http:\/\/static.hupso.com\/share\/buttons\/lang\/es\/share-small.png\" style=\"border:0px; padding-top:2px; float:left;\" alt=\"Share Button\"\/><\/a><script type=\"text\/javascript\">var hupso_services_c=new Array(\"twitter\",\"facebook_like\",\"google\");var hupso_counters_lang = \"es_LA\";var hupso_image_folder_url = \"\";var hupso_twitter_via=\"crsyvrs\";var hupso_url_c=\"\";<\/script><script type=\"text\/javascript\" src=\"http:\/\/static.hupso.com\/share\/js\/counters.js\"><\/script><!-- Hupso Share Buttons --><\/div> ","protected":false},"excerpt":{"rendered":"<div style=\"padding-bottom:20px; padding-top:10px;\" class=\"hupso-share-buttons\"><!-- Hupso Share Buttons - https:\/\/www.hupso.com\/share\/ --><a class=\"hupso_counters\" href=\"https:\/\/www.hupso.com\/share\/\"><img src=\"http:\/\/static.hupso.com\/share\/buttons\/lang\/es\/share-small.png\" style=\"border:0px; padding-top:2px; float:left;\" alt=\"Share Button\"\/><\/a><script type=\"text\/javascript\">var hupso_services_c=new Array(\"twitter\",\"facebook_like\",\"google\");var hupso_counters_lang = \"es_LA\";var hupso_image_folder_url = \"\";var hupso_twitter_via=\"crsyvrs\";var hupso_url_c=\"\";<\/script><script type=\"text\/javascript\" src=\"http:\/\/static.hupso.com\/share\/js\/counters.js\"><\/script><!-- Hupso Share Buttons --><\/div><p>La puesta se desarrolla durante el cumplea\u00f1os n\u00famero 10 de una ni\u00f1a y tiene actuaciones de Carla Appella y Sabrina Lara. La obra \u201cCuchara de madera\u201d, escrita y dirigida por Florencia Aroldi, se presentar\u00e1 en el Festival Medeas 2020,&#46;&#46;&#46;<\/p>\n<div style=\"padding-bottom:20px; padding-top:10px;\" class=\"hupso-share-buttons\"><!-- Hupso Share Buttons - https:\/\/www.hupso.com\/share\/ --><a class=\"hupso_counters\" href=\"https:\/\/www.hupso.com\/share\/\"><img src=\"http:\/\/static.hupso.com\/share\/buttons\/lang\/es\/share-small.png\" style=\"border:0px; padding-top:2px; float:left;\" alt=\"Share Button\"\/><\/a><script type=\"text\/javascript\">var hupso_services_c=new Array(\"twitter\",\"facebook_like\",\"google\");var hupso_counters_lang = \"es_LA\";var hupso_image_folder_url = \"\";var hupso_twitter_via=\"crsyvrs\";var hupso_url_c=\"\";<\/script><script type=\"text\/javascript\" src=\"http:\/\/static.hupso.com\/share\/js\/counters.js\"><\/script><!-- Hupso Share Buttons --><\/div>","protected":false},"author":5,"featured_media":28975,"comment_status":"closed","ping_status":"closed","sticky":false,"template":"","format":"standard","meta":{"footnotes":""},"categories":[5],"tags":[7947],"class_list":["post-28974","post","type-post","status-publish","format-standard","has-post-thumbnail","hentry","category-teatro","tag-florencia-aroldi"],"_links":{"self":[{"href":"http:\/\/cronicasyversiones.com\/index.php?rest_route=\/wp\/v2\/posts\/28974","targetHints":{"allow":["GET"]}}],"collection":[{"href":"http:\/\/cronicasyversiones.com\/index.php?rest_route=\/wp\/v2\/posts"}],"about":[{"href":"http:\/\/cronicasyversiones.com\/index.php?rest_route=\/wp\/v2\/types\/post"}],"author":[{"embeddable":true,"href":"http:\/\/cronicasyversiones.com\/index.php?rest_route=\/wp\/v2\/users\/5"}],"replies":[{"embeddable":true,"href":"http:\/\/cronicasyversiones.com\/index.php?rest_route=%2Fwp%2Fv2%2Fcomments&post=28974"}],"version-history":[{"count":2,"href":"http:\/\/cronicasyversiones.com\/index.php?rest_route=\/wp\/v2\/posts\/28974\/revisions"}],"predecessor-version":[{"id":29002,"href":"http:\/\/cronicasyversiones.com\/index.php?rest_route=\/wp\/v2\/posts\/28974\/revisions\/29002"}],"wp:featuredmedia":[{"embeddable":true,"href":"http:\/\/cronicasyversiones.com\/index.php?rest_route=\/wp\/v2\/media\/28975"}],"wp:attachment":[{"href":"http:\/\/cronicasyversiones.com\/index.php?rest_route=%2Fwp%2Fv2%2Fmedia&parent=28974"}],"wp:term":[{"taxonomy":"category","embeddable":true,"href":"http:\/\/cronicasyversiones.com\/index.php?rest_route=%2Fwp%2Fv2%2Fcategories&post=28974"},{"taxonomy":"post_tag","embeddable":true,"href":"http:\/\/cronicasyversiones.com\/index.php?rest_route=%2Fwp%2Fv2%2Ftags&post=28974"}],"curies":[{"name":"wp","href":"https:\/\/api.w.org\/{rel}","templated":true}]}}