{"id":29018,"date":"2020-11-23T08:42:50","date_gmt":"2020-11-23T11:42:50","guid":{"rendered":"http:\/\/cronicasyversiones.com\/?p=29018"},"modified":"2020-11-23T08:42:54","modified_gmt":"2020-11-23T11:42:54","slug":"daniel-divinsky-isabella-cosse-y-liniers-en-un-homenaje-a-quino","status":"publish","type":"post","link":"http:\/\/cronicasyversiones.com\/?p=29018","title":{"rendered":"Daniel Divinsky, Isabella Cosse y Liniers, en un homenaje a Quino"},"content":{"rendered":"<div style=\"padding-bottom:20px; padding-top:10px;\" class=\"hupso-share-buttons\"><!-- Hupso Share Buttons - https:\/\/www.hupso.com\/share\/ --><a class=\"hupso_counters\" href=\"https:\/\/www.hupso.com\/share\/\"><img decoding=\"async\" src=\"http:\/\/static.hupso.com\/share\/buttons\/lang\/es\/share-small.png\" style=\"border:0px; padding-top:2px; float:left;\" alt=\"Share Button\"\/><\/a><script type=\"text\/javascript\">var hupso_services_c=new Array(\"twitter\",\"facebook_like\",\"google\");var hupso_counters_lang = \"es_LA\";var hupso_image_folder_url = \"\";var hupso_twitter_via=\"crsyvrs\";var hupso_url_c=\"\";<\/script><script type=\"text\/javascript\" src=\"http:\/\/static.hupso.com\/share\/js\/counters.js\"><\/script><!-- Hupso Share Buttons --><\/div><h2>Se tratar\u00e1 de una charla organizada por la editorial Fondo de Cultura Econ\u00f3mica y estar\u00e1 moderada por Laura V\u00e1zquez Hutnik.<\/h2>\n<p><img loading=\"lazy\" decoding=\"async\" class=\" wp-image-29019 aligncenter\" src=\"http:\/\/cronicasyversiones.com\/wp-content\/uploads\/2020\/11\/quino_-_mafalda_2.jpg\" alt=\"\" width=\"788\" height=\"443\" srcset=\"http:\/\/cronicasyversiones.com\/wp-content\/uploads\/2020\/11\/quino_-_mafalda_2.jpg 990w, http:\/\/cronicasyversiones.com\/wp-content\/uploads\/2020\/11\/quino_-_mafalda_2-300x169.jpg 300w, http:\/\/cronicasyversiones.com\/wp-content\/uploads\/2020\/11\/quino_-_mafalda_2-768x432.jpg 768w\" sizes=\"auto, (max-width: 788px) 100vw, 788px\" \/><\/p>\n<p><strong>Isabella Cosse,<\/strong> autora del libro <em><strong>\u00abMafalda: historia social y pol\u00edtica<\/strong><\/em>\u00ab; <strong>Daniel Divinsky,<\/strong> editor hist\u00f3rico de <strong>Quino<\/strong> (Ediciones De la Flor) y el humorista gr\u00e1fico <strong>Liniers<\/strong> participar\u00e1n el pr\u00f3ximo jueves de una charla en homenaje al humorista gr\u00e1fico Joaqu\u00edn Lavado -mundialmente conocido como Quino- que se realizar\u00e1 v\u00eda Zoom y YouTube.<\/p>\n<p>La actividad est\u00e1 organizada por la editorial Fondo de Cultura Econ\u00f3mica y estar\u00e1 moderada por <strong>Laura V\u00e1zquez Hutnik,<\/strong> investigadora y cr\u00edtica de narrativas dibujadas.<\/p>\n<p>Se podr\u00e1 seguir a partir de las 19 por el canal de YouTube del sello editorial o por Zoom con con el ID de reuni\u00f3n 988 1709 2382 y el c\u00f3digo de acceso 866236.<\/p>\n<p>Se trata de una actividad gratuita, con cupo limitado y sin inscripci\u00f3n previa, en homenaje al creador de Mafalda fallecido el pasado 30 de septiembre a los 88 a\u00f1os.<\/p>\n<p><em><strong>LEA TAMBI\u00c9N:<\/strong><\/em><\/p>\n<div class=\"video-container\">\n<blockquote class=\"wp-embedded-content\" data-secret=\"M8896KWHM2\"><p><a href=\"http:\/\/cronicasyversiones.com\/?p=28907\">El Festival Basado en Hechos Reales, en formato virtual<\/a><\/p><\/blockquote>\n<p><iframe loading=\"lazy\" class=\"wp-embedded-content\" sandbox=\"allow-scripts\" security=\"restricted\" style=\"position: absolute; clip: rect(1px, 1px, 1px, 1px);\" title=\"\u00abEl Festival Basado en Hechos Reales, en formato virtual\u00bb \u2014    \" src=\"http:\/\/cronicasyversiones.com\/?p=28907&#038;embed=true#?secret=vUNM1PgNrs#?secret=M8896KWHM2\" data-secret=\"M8896KWHM2\" width=\"600\" height=\"338\" frameborder=\"0\" marginwidth=\"0\" marginheight=\"0\" scrolling=\"no\"><\/iframe><\/div>\n<p><strong>Quino<\/strong>, el creador de esta tira que se public\u00f3 entre 1964 y 1973, defini\u00f3 a Mafalda como un \u201cespejo de la clase media latinoamericana y de la juventud progresista\u201d .<\/p>\n<p>A pesar de que Mafalda s\u00f3lo se public\u00f3 durante menos que una d\u00e9cada, un tiempo mucho menor a otros cl\u00e1sicos del humor gr\u00e1fico, el furor posterior gener\u00f3 que la tira se traduzca a 30 idiomas y lleve vendido en la Argentina m\u00e1s de 20 millones de ejemplares y una suculenta cantidad en otras latitudes .<\/p>\n<div style=\"padding-bottom:20px; padding-top:10px;\" class=\"hupso-share-buttons\"><!-- Hupso Share Buttons - https:\/\/www.hupso.com\/share\/ --><a class=\"hupso_counters\" href=\"https:\/\/www.hupso.com\/share\/\"><img decoding=\"async\" src=\"http:\/\/static.hupso.com\/share\/buttons\/lang\/es\/share-small.png\" style=\"border:0px; padding-top:2px; float:left;\" alt=\"Share Button\"\/><\/a><script type=\"text\/javascript\">var hupso_services_c=new Array(\"twitter\",\"facebook_like\",\"google\");var hupso_counters_lang = \"es_LA\";var hupso_image_folder_url = \"\";var hupso_twitter_via=\"crsyvrs\";var hupso_url_c=\"\";<\/script><script type=\"text\/javascript\" src=\"http:\/\/static.hupso.com\/share\/js\/counters.js\"><\/script><!-- Hupso Share Buttons --><\/div> ","protected":false},"excerpt":{"rendered":"<div style=\"padding-bottom:20px; padding-top:10px;\" class=\"hupso-share-buttons\"><!-- Hupso Share Buttons - https:\/\/www.hupso.com\/share\/ --><a class=\"hupso_counters\" href=\"https:\/\/www.hupso.com\/share\/\"><img src=\"http:\/\/static.hupso.com\/share\/buttons\/lang\/es\/share-small.png\" style=\"border:0px; padding-top:2px; float:left;\" alt=\"Share Button\"\/><\/a><script type=\"text\/javascript\">var hupso_services_c=new Array(\"twitter\",\"facebook_like\",\"google\");var hupso_counters_lang = \"es_LA\";var hupso_image_folder_url = \"\";var hupso_twitter_via=\"crsyvrs\";var hupso_url_c=\"\";<\/script><script type=\"text\/javascript\" src=\"http:\/\/static.hupso.com\/share\/js\/counters.js\"><\/script><!-- Hupso Share Buttons --><\/div><p>Se tratar\u00e1 de una charla organizada por la editorial Fondo de Cultura Econ\u00f3mica y estar\u00e1 moderada por Laura V\u00e1zquez Hutnik. Isabella Cosse, autora del libro \u00abMafalda: historia social y pol\u00edtica\u00ab; Daniel Divinsky, editor hist\u00f3rico de Quino (Ediciones De la&#46;&#46;&#46;<\/p>\n<div style=\"padding-bottom:20px; padding-top:10px;\" class=\"hupso-share-buttons\"><!-- Hupso Share Buttons - https:\/\/www.hupso.com\/share\/ --><a class=\"hupso_counters\" href=\"https:\/\/www.hupso.com\/share\/\"><img src=\"http:\/\/static.hupso.com\/share\/buttons\/lang\/es\/share-small.png\" style=\"border:0px; padding-top:2px; float:left;\" alt=\"Share Button\"\/><\/a><script type=\"text\/javascript\">var hupso_services_c=new Array(\"twitter\",\"facebook_like\",\"google\");var hupso_counters_lang = \"es_LA\";var hupso_image_folder_url = \"\";var hupso_twitter_via=\"crsyvrs\";var hupso_url_c=\"\";<\/script><script type=\"text\/javascript\" src=\"http:\/\/static.hupso.com\/share\/js\/counters.js\"><\/script><!-- Hupso Share Buttons --><\/div>","protected":false},"author":5,"featured_media":29019,"comment_status":"closed","ping_status":"closed","sticky":false,"template":"","format":"standard","meta":{"footnotes":""},"categories":[8,7],"tags":[2966,850],"class_list":["post-29018","post","type-post","status-publish","format-standard","has-post-thumbnail","hentry","category-artes-plasticas","category-literatura","tag-liniers","tag-quino"],"_links":{"self":[{"href":"http:\/\/cronicasyversiones.com\/index.php?rest_route=\/wp\/v2\/posts\/29018","targetHints":{"allow":["GET"]}}],"collection":[{"href":"http:\/\/cronicasyversiones.com\/index.php?rest_route=\/wp\/v2\/posts"}],"about":[{"href":"http:\/\/cronicasyversiones.com\/index.php?rest_route=\/wp\/v2\/types\/post"}],"author":[{"embeddable":true,"href":"http:\/\/cronicasyversiones.com\/index.php?rest_route=\/wp\/v2\/users\/5"}],"replies":[{"embeddable":true,"href":"http:\/\/cronicasyversiones.com\/index.php?rest_route=%2Fwp%2Fv2%2Fcomments&post=29018"}],"version-history":[{"count":2,"href":"http:\/\/cronicasyversiones.com\/index.php?rest_route=\/wp\/v2\/posts\/29018\/revisions"}],"predecessor-version":[{"id":29024,"href":"http:\/\/cronicasyversiones.com\/index.php?rest_route=\/wp\/v2\/posts\/29018\/revisions\/29024"}],"wp:featuredmedia":[{"embeddable":true,"href":"http:\/\/cronicasyversiones.com\/index.php?rest_route=\/wp\/v2\/media\/29019"}],"wp:attachment":[{"href":"http:\/\/cronicasyversiones.com\/index.php?rest_route=%2Fwp%2Fv2%2Fmedia&parent=29018"}],"wp:term":[{"taxonomy":"category","embeddable":true,"href":"http:\/\/cronicasyversiones.com\/index.php?rest_route=%2Fwp%2Fv2%2Fcategories&post=29018"},{"taxonomy":"post_tag","embeddable":true,"href":"http:\/\/cronicasyversiones.com\/index.php?rest_route=%2Fwp%2Fv2%2Ftags&post=29018"}],"curies":[{"name":"wp","href":"https:\/\/api.w.org\/{rel}","templated":true}]}}