{"id":29104,"date":"2020-12-02T22:40:12","date_gmt":"2020-12-03T01:40:12","guid":{"rendered":"http:\/\/cronicasyversiones.com\/?p=29104"},"modified":"2020-12-02T22:40:15","modified_gmt":"2020-12-03T01:40:15","slug":"una-nueva-entrega-de-comisario-montalbano-en-europa-europa","status":"publish","type":"post","link":"http:\/\/cronicasyversiones.com\/?p=29104","title":{"rendered":"Una nueva entrega de \u201cComisario Montalbano\u201d, en Europa Europa"},"content":{"rendered":"<div style=\"padding-bottom:20px; padding-top:10px;\" class=\"hupso-share-buttons\"><!-- Hupso Share Buttons - https:\/\/www.hupso.com\/share\/ --><a class=\"hupso_counters\" href=\"https:\/\/www.hupso.com\/share\/\"><img decoding=\"async\" src=\"http:\/\/static.hupso.com\/share\/buttons\/lang\/es\/share-small.png\" style=\"border:0px; padding-top:2px; float:left;\" alt=\"Share Button\"\/><\/a><script type=\"text\/javascript\">var hupso_services_c=new Array(\"twitter\",\"facebook_like\",\"google\");var hupso_counters_lang = \"es_LA\";var hupso_image_folder_url = \"\";var hupso_twitter_via=\"crsyvrs\";var hupso_url_c=\"\";<\/script><script type=\"text\/javascript\" src=\"http:\/\/static.hupso.com\/share\/js\/counters.js\"><\/script><!-- Hupso Share Buttons --><\/div><h2>La se\u00f1al estrenar\u00e1 los cap\u00edtulos \u201cSalvo amado, Livia m\u00eda\u201d y \u201cLa red de seguridad\u201d, dirigidos por el propio protagonista Luca Zingaretti.<\/h2>\n<p><img loading=\"lazy\" decoding=\"async\" class=\" wp-image-29105 aligncenter\" src=\"http:\/\/cronicasyversiones.com\/wp-content\/uploads\/2020\/11\/comisario-montalbano-sitio-561x400-1.jpg\" alt=\"\" width=\"684\" height=\"488\" srcset=\"http:\/\/cronicasyversiones.com\/wp-content\/uploads\/2020\/11\/comisario-montalbano-sitio-561x400-1.jpg 561w, http:\/\/cronicasyversiones.com\/wp-content\/uploads\/2020\/11\/comisario-montalbano-sitio-561x400-1-300x214.jpg 300w, http:\/\/cronicasyversiones.com\/wp-content\/uploads\/2020\/11\/comisario-montalbano-sitio-561x400-1-350x250.jpg 350w\" sizes=\"auto, (max-width: 684px) 100vw, 684px\" \/><\/p>\n<p>Los domingos 6&nbsp; y 13 diciembre a las 20, <strong>Europa Europa<\/strong> pone en pantalla una nueva entrega de<em><strong> \u201cComisario Montalbano\u201d<\/strong><\/em>, trasladando la pen\u00faltima obra de Andrea Camillieri antes de su fallecimiento y dirigida por el propio protagonista Luca Zingaretti.<\/p>\n<p><em><strong>\u201cSalvo amado, Livia m\u00eda\u201d<\/strong><\/em>, el primer cap\u00edtulo que se emitir\u00e1, cuanta sobre una joven que es asesinada en el archivo municipal de Vig\u00e0ta.<\/p>\n<p>Aunque es su lugar de trabajo, nadie entiende por qu\u00e9 estaba all\u00ed, ya que las oficinas permanec\u00edan cerradas por reformas. Las investigaciones sacan a la luz la variada personalidad de la v\u00edctima, sus m\u00faltiples vidas y el v\u00ednculo con Livia, la eterna novia de Montalbano.<\/p>\n<p>Uno tras otro, varios personajes son considerados sospechosos del crimen, solo para ser luego exonerados ante la falta de evidencia, en un juego de vueltas sin fin.<\/p>\n<p>El domingo 13 de diciembre se estrena el cap\u00edtulo<em><strong> \u201cLa red de seguridad\u201d<\/strong><\/em>, que se centra en la llegada de un equipo de televisi\u00f3n sueco que llega al peque\u00f1o centro de Vig\u00e0ta.<\/p>\n<p>Este se convierte en el set de una ficci\u00f3n. Todo el lugar est\u00e1 involucrado e incluso la estaci\u00f3n de polic\u00eda jugar\u00e1 un papel importante y la ubicaci\u00f3n donde opera Montalbano podr\u00eda convertirse en un sal\u00f3n de baile.<\/p>\n<p>La ciudad est\u00e1 atravesada por un gran movimiento debido a que est\u00e1n llegando actrices suecas, precedidas por una reputaci\u00f3n de gran belleza, hasta el punto de poner en crisis a muchas uniones familiares.<\/p>\n<p>&nbsp;<\/p>\n<div style=\"padding-bottom:20px; padding-top:10px;\" class=\"hupso-share-buttons\"><!-- Hupso Share Buttons - https:\/\/www.hupso.com\/share\/ --><a class=\"hupso_counters\" href=\"https:\/\/www.hupso.com\/share\/\"><img decoding=\"async\" src=\"http:\/\/static.hupso.com\/share\/buttons\/lang\/es\/share-small.png\" style=\"border:0px; padding-top:2px; float:left;\" alt=\"Share Button\"\/><\/a><script type=\"text\/javascript\">var hupso_services_c=new Array(\"twitter\",\"facebook_like\",\"google\");var hupso_counters_lang = \"es_LA\";var hupso_image_folder_url = \"\";var hupso_twitter_via=\"crsyvrs\";var hupso_url_c=\"\";<\/script><script type=\"text\/javascript\" src=\"http:\/\/static.hupso.com\/share\/js\/counters.js\"><\/script><!-- Hupso Share Buttons --><\/div> ","protected":false},"excerpt":{"rendered":"<div style=\"padding-bottom:20px; padding-top:10px;\" class=\"hupso-share-buttons\"><!-- Hupso Share Buttons - https:\/\/www.hupso.com\/share\/ --><a class=\"hupso_counters\" href=\"https:\/\/www.hupso.com\/share\/\"><img src=\"http:\/\/static.hupso.com\/share\/buttons\/lang\/es\/share-small.png\" style=\"border:0px; padding-top:2px; float:left;\" alt=\"Share Button\"\/><\/a><script type=\"text\/javascript\">var hupso_services_c=new Array(\"twitter\",\"facebook_like\",\"google\");var hupso_counters_lang = \"es_LA\";var hupso_image_folder_url = \"\";var hupso_twitter_via=\"crsyvrs\";var hupso_url_c=\"\";<\/script><script type=\"text\/javascript\" src=\"http:\/\/static.hupso.com\/share\/js\/counters.js\"><\/script><!-- Hupso Share Buttons --><\/div><p>La se\u00f1al estrenar\u00e1 los cap\u00edtulos \u201cSalvo amado, Livia m\u00eda\u201d y \u201cLa red de seguridad\u201d, dirigidos por el propio protagonista Luca Zingaretti. Los domingos 6&nbsp; y 13 diciembre a las 20, Europa Europa pone en pantalla una nueva entrega de&#46;&#46;&#46;<\/p>\n<div style=\"padding-bottom:20px; padding-top:10px;\" class=\"hupso-share-buttons\"><!-- Hupso Share Buttons - https:\/\/www.hupso.com\/share\/ --><a class=\"hupso_counters\" href=\"https:\/\/www.hupso.com\/share\/\"><img src=\"http:\/\/static.hupso.com\/share\/buttons\/lang\/es\/share-small.png\" style=\"border:0px; padding-top:2px; float:left;\" alt=\"Share Button\"\/><\/a><script type=\"text\/javascript\">var hupso_services_c=new Array(\"twitter\",\"facebook_like\",\"google\");var hupso_counters_lang = \"es_LA\";var hupso_image_folder_url = \"\";var hupso_twitter_via=\"crsyvrs\";var hupso_url_c=\"\";<\/script><script type=\"text\/javascript\" src=\"http:\/\/static.hupso.com\/share\/js\/counters.js\"><\/script><!-- Hupso Share Buttons --><\/div>","protected":false},"author":5,"featured_media":29105,"comment_status":"closed","ping_status":"closed","sticky":false,"template":"","format":"standard","meta":{"footnotes":""},"categories":[6],"tags":[3602],"class_list":["post-29104","post","type-post","status-publish","format-standard","has-post-thumbnail","hentry","category-radio-y-tv","tag-europa-europa"],"_links":{"self":[{"href":"http:\/\/cronicasyversiones.com\/index.php?rest_route=\/wp\/v2\/posts\/29104","targetHints":{"allow":["GET"]}}],"collection":[{"href":"http:\/\/cronicasyversiones.com\/index.php?rest_route=\/wp\/v2\/posts"}],"about":[{"href":"http:\/\/cronicasyversiones.com\/index.php?rest_route=\/wp\/v2\/types\/post"}],"author":[{"embeddable":true,"href":"http:\/\/cronicasyversiones.com\/index.php?rest_route=\/wp\/v2\/users\/5"}],"replies":[{"embeddable":true,"href":"http:\/\/cronicasyversiones.com\/index.php?rest_route=%2Fwp%2Fv2%2Fcomments&post=29104"}],"version-history":[{"count":2,"href":"http:\/\/cronicasyversiones.com\/index.php?rest_route=\/wp\/v2\/posts\/29104\/revisions"}],"predecessor-version":[{"id":29143,"href":"http:\/\/cronicasyversiones.com\/index.php?rest_route=\/wp\/v2\/posts\/29104\/revisions\/29143"}],"wp:featuredmedia":[{"embeddable":true,"href":"http:\/\/cronicasyversiones.com\/index.php?rest_route=\/wp\/v2\/media\/29105"}],"wp:attachment":[{"href":"http:\/\/cronicasyversiones.com\/index.php?rest_route=%2Fwp%2Fv2%2Fmedia&parent=29104"}],"wp:term":[{"taxonomy":"category","embeddable":true,"href":"http:\/\/cronicasyversiones.com\/index.php?rest_route=%2Fwp%2Fv2%2Fcategories&post=29104"},{"taxonomy":"post_tag","embeddable":true,"href":"http:\/\/cronicasyversiones.com\/index.php?rest_route=%2Fwp%2Fv2%2Ftags&post=29104"}],"curies":[{"name":"wp","href":"https:\/\/api.w.org\/{rel}","templated":true}]}}