{"id":29320,"date":"2020-12-21T16:29:23","date_gmt":"2020-12-21T19:29:23","guid":{"rendered":"http:\/\/cronicasyversiones.com\/?p=29320"},"modified":"2020-12-21T16:29:23","modified_gmt":"2020-12-21T19:29:23","slug":"adelantan-imagenes-del-film-the-beatles-get-back","status":"publish","type":"post","link":"http:\/\/cronicasyversiones.com\/?p=29320","title":{"rendered":"Adelantan im\u00e1genes del film \u00abThe Beatles: Get Back\u00bb"},"content":{"rendered":"<div style=\"padding-bottom:20px; padding-top:10px;\" class=\"hupso-share-buttons\"><!-- Hupso Share Buttons - https:\/\/www.hupso.com\/share\/ --><a class=\"hupso_counters\" href=\"https:\/\/www.hupso.com\/share\/\"><img decoding=\"async\" src=\"http:\/\/static.hupso.com\/share\/buttons\/lang\/es\/share-small.png\" style=\"border:0px; padding-top:2px; float:left;\" alt=\"Share Button\"\/><\/a><script type=\"text\/javascript\">var hupso_services_c=new Array(\"twitter\",\"facebook_like\",\"google\");var hupso_counters_lang = \"es_LA\";var hupso_image_folder_url = \"\";var hupso_twitter_via=\"crsyvrs\";var hupso_url_c=\"\";<\/script><script type=\"text\/javascript\" src=\"http:\/\/static.hupso.com\/share\/js\/counters.js\"><\/script><!-- Hupso Share Buttons --><\/div><h2>El director Peter Jackson comparti\u00f3 algunas escenas de la pel\u00edcula, \u00a0que una nueva lectura del cl\u00e1sico filme \u00abLet It Be\u00bb.<\/h2>\n<p><img loading=\"lazy\" decoding=\"async\" class=\" wp-image-29321 aligncenter\" src=\"http:\/\/cronicasyversiones.com\/wp-content\/uploads\/2020\/12\/beatles.jpg\" alt=\"\" width=\"782\" height=\"441\" srcset=\"http:\/\/cronicasyversiones.com\/wp-content\/uploads\/2020\/12\/beatles.jpg 1004w, http:\/\/cronicasyversiones.com\/wp-content\/uploads\/2020\/12\/beatles-300x169.jpg 300w, http:\/\/cronicasyversiones.com\/wp-content\/uploads\/2020\/12\/beatles-768x433.jpg 768w\" sizes=\"auto, (max-width: 782px) 100vw, 782px\" \/><\/p>\n<p><strong>Peter Jackson<\/strong> public\u00f3 un video en el que anticipa algunas im\u00e1genes in\u00e9ditas del documental <em><strong>\u00abThe Beatles: Get Back\u00bb,<\/strong> <\/em>una nueva lectura del cl\u00e1sico filme <em><strong>\u00abLet It Be\u00bb<\/strong><\/em>, y anunci\u00f3 su estreno para el 27 de agosto de 2021.<\/p>\n<blockquote><p>\u00abEste no es un trailer. Es un montaje de las 56 horas no vistas de la pel\u00edcula\u00bb, aclar\u00f3 el director al principio del video, en donde saluda a los fans del grupo y confirma la fecha de llegada a las salas luego de las postergaciones por la pandemia de coronavirus.<\/p><\/blockquote>\n<p>Luego se suceden una serie de im\u00e1genes en donde los cuatro m\u00fasicos de Liverpool aparecen animados, haciendo bromas y disfrutando de los ensayos, lo cual se contrapone a las escenas cargadas de tedio que caracterizaron al original film de 1970 dirigido por Michael Lindsay-Hogg.<\/p>\n<p><iframe loading=\"lazy\" src=\"https:\/\/www.youtube.com\/embed\/UocEGvQ10OE\" width=\"600\" height=\"350\" frameborder=\"0\" allowfullscreen=\"allowfullscreen\"><span data-mce-type=\"bookmark\" style=\"display: inline-block; width: 0px; overflow: hidden; line-height: 0;\" class=\"mce_SELRES_start\">?<\/span><\/iframe><\/p>\n<p>El anticipo muestra al grupo musicalizando una especie de noticiero cantado a cargo de John Lennon, quien se mofa de un art\u00edculo en un diario que da cuenta de unos supuesto problemas de George Harrison con la polic\u00eda francesa; como as\u00ed tambi\u00e9n el ensayo de la canci\u00f3n<em><strong> \u00abGet Back\u00bb.<\/strong><\/em><\/p>\n<p>Tambi\u00e9n se pueden apreciar diversas bromas y morisquetas de los m\u00fasicos ante las c\u00e1maras, con especial protagonismo de Ringo Starr; o a John y Paul McCartney en una hilarante versi\u00f3n de <em><strong>\u00abTwo Of Us\u00bb.<\/strong><\/em><\/p>\n<p><em><strong>\u00abGet Back: The Beatles\u00bb<\/strong><\/em> iba a ser estrenada a mediados de este a\u00f1o pero la pandemia de coronavirus retras\u00f3 la labor del director, seg\u00fan cont\u00f3 \u00e9l mismo al presentar este anticipo.<\/p>\n<div style=\"padding-bottom:20px; padding-top:10px;\" class=\"hupso-share-buttons\"><!-- Hupso Share Buttons - https:\/\/www.hupso.com\/share\/ --><a class=\"hupso_counters\" href=\"https:\/\/www.hupso.com\/share\/\"><img decoding=\"async\" src=\"http:\/\/static.hupso.com\/share\/buttons\/lang\/es\/share-small.png\" style=\"border:0px; padding-top:2px; float:left;\" alt=\"Share Button\"\/><\/a><script type=\"text\/javascript\">var hupso_services_c=new Array(\"twitter\",\"facebook_like\",\"google\");var hupso_counters_lang = \"es_LA\";var hupso_image_folder_url = \"\";var hupso_twitter_via=\"crsyvrs\";var hupso_url_c=\"\";<\/script><script type=\"text\/javascript\" src=\"http:\/\/static.hupso.com\/share\/js\/counters.js\"><\/script><!-- Hupso Share Buttons --><\/div> ","protected":false},"excerpt":{"rendered":"<div style=\"padding-bottom:20px; padding-top:10px;\" class=\"hupso-share-buttons\"><!-- Hupso Share Buttons - https:\/\/www.hupso.com\/share\/ --><a class=\"hupso_counters\" href=\"https:\/\/www.hupso.com\/share\/\"><img src=\"http:\/\/static.hupso.com\/share\/buttons\/lang\/es\/share-small.png\" style=\"border:0px; padding-top:2px; float:left;\" alt=\"Share Button\"\/><\/a><script type=\"text\/javascript\">var hupso_services_c=new Array(\"twitter\",\"facebook_like\",\"google\");var hupso_counters_lang = \"es_LA\";var hupso_image_folder_url = \"\";var hupso_twitter_via=\"crsyvrs\";var hupso_url_c=\"\";<\/script><script type=\"text\/javascript\" src=\"http:\/\/static.hupso.com\/share\/js\/counters.js\"><\/script><!-- Hupso Share Buttons --><\/div><p>El director Peter Jackson comparti\u00f3 algunas escenas de la pel\u00edcula, \u00a0que una nueva lectura del cl\u00e1sico filme \u00abLet It Be\u00bb. Peter Jackson public\u00f3 un video en el que anticipa algunas im\u00e1genes in\u00e9ditas del documental \u00abThe Beatles: Get Back\u00bb, una&#46;&#46;&#46;<\/p>\n<div style=\"padding-bottom:20px; padding-top:10px;\" class=\"hupso-share-buttons\"><!-- Hupso Share Buttons - https:\/\/www.hupso.com\/share\/ --><a class=\"hupso_counters\" href=\"https:\/\/www.hupso.com\/share\/\"><img src=\"http:\/\/static.hupso.com\/share\/buttons\/lang\/es\/share-small.png\" style=\"border:0px; padding-top:2px; float:left;\" alt=\"Share Button\"\/><\/a><script type=\"text\/javascript\">var hupso_services_c=new Array(\"twitter\",\"facebook_like\",\"google\");var hupso_counters_lang = \"es_LA\";var hupso_image_folder_url = \"\";var hupso_twitter_via=\"crsyvrs\";var hupso_url_c=\"\";<\/script><script type=\"text\/javascript\" src=\"http:\/\/static.hupso.com\/share\/js\/counters.js\"><\/script><!-- Hupso Share Buttons --><\/div>","protected":false},"author":5,"featured_media":29321,"comment_status":"closed","ping_status":"closed","sticky":false,"template":"","format":"standard","meta":{"footnotes":""},"categories":[3,2778],"tags":[40],"class_list":["post-29320","post","type-post","status-publish","format-standard","has-post-thumbnail","hentry","category-musica","category-rincon-beatle","tag-los-beatles"],"_links":{"self":[{"href":"http:\/\/cronicasyversiones.com\/index.php?rest_route=\/wp\/v2\/posts\/29320","targetHints":{"allow":["GET"]}}],"collection":[{"href":"http:\/\/cronicasyversiones.com\/index.php?rest_route=\/wp\/v2\/posts"}],"about":[{"href":"http:\/\/cronicasyversiones.com\/index.php?rest_route=\/wp\/v2\/types\/post"}],"author":[{"embeddable":true,"href":"http:\/\/cronicasyversiones.com\/index.php?rest_route=\/wp\/v2\/users\/5"}],"replies":[{"embeddable":true,"href":"http:\/\/cronicasyversiones.com\/index.php?rest_route=%2Fwp%2Fv2%2Fcomments&post=29320"}],"version-history":[{"count":1,"href":"http:\/\/cronicasyversiones.com\/index.php?rest_route=\/wp\/v2\/posts\/29320\/revisions"}],"predecessor-version":[{"id":29322,"href":"http:\/\/cronicasyversiones.com\/index.php?rest_route=\/wp\/v2\/posts\/29320\/revisions\/29322"}],"wp:featuredmedia":[{"embeddable":true,"href":"http:\/\/cronicasyversiones.com\/index.php?rest_route=\/wp\/v2\/media\/29321"}],"wp:attachment":[{"href":"http:\/\/cronicasyversiones.com\/index.php?rest_route=%2Fwp%2Fv2%2Fmedia&parent=29320"}],"wp:term":[{"taxonomy":"category","embeddable":true,"href":"http:\/\/cronicasyversiones.com\/index.php?rest_route=%2Fwp%2Fv2%2Fcategories&post=29320"},{"taxonomy":"post_tag","embeddable":true,"href":"http:\/\/cronicasyversiones.com\/index.php?rest_route=%2Fwp%2Fv2%2Ftags&post=29320"}],"curies":[{"name":"wp","href":"https:\/\/api.w.org\/{rel}","templated":true}]}}