{"id":29323,"date":"2020-12-21T16:53:19","date_gmt":"2020-12-21T19:53:19","guid":{"rendered":"http:\/\/cronicasyversiones.com\/?p=29323"},"modified":"2020-12-21T16:53:19","modified_gmt":"2020-12-21T19:53:19","slug":"la-casa-de-los-palos-de-sebastian-sarquis-se-estrena-en-cine-ar","status":"publish","type":"post","link":"http:\/\/cronicasyversiones.com\/?p=29323","title":{"rendered":"\u201cLa Casa de los Palos\u201d, de Sebasti\u00e1n Sarqu\u00eds, se estrena en Cine.ar"},"content":{"rendered":"<div style=\"padding-bottom:20px; padding-top:10px;\" class=\"hupso-share-buttons\"><!-- Hupso Share Buttons - https:\/\/www.hupso.com\/share\/ --><a class=\"hupso_counters\" href=\"https:\/\/www.hupso.com\/share\/\"><img decoding=\"async\" src=\"http:\/\/static.hupso.com\/share\/buttons\/lang\/es\/share-small.png\" style=\"border:0px; padding-top:2px; float:left;\" alt=\"Share Button\"\/><\/a><script type=\"text\/javascript\">var hupso_services_c=new Array(\"twitter\",\"facebook_like\",\"google\");var hupso_counters_lang = \"es_LA\";var hupso_image_folder_url = \"\";var hupso_twitter_via=\"crsyvrs\";var hupso_url_c=\"\";<\/script><script type=\"text\/javascript\" src=\"http:\/\/static.hupso.com\/share\/js\/counters.js\"><\/script><!-- Hupso Share Buttons --><\/div><h2>El film actualiza en el mito del hombre lobo o Lobiz\u00f3n con una mirada que apunta no solo a lo fant\u00e1stico sino tambi\u00e9n a la exclusi\u00f3n social.<\/h2>\n<p><img loading=\"lazy\" decoding=\"async\" class=\" wp-image-29324 aligncenter\" src=\"http:\/\/cronicasyversiones.com\/wp-content\/uploads\/2020\/12\/casa-1024x683.jpg\" alt=\"\" width=\"777\" height=\"518\" srcset=\"http:\/\/cronicasyversiones.com\/wp-content\/uploads\/2020\/12\/casa-1024x683.jpg 1024w, http:\/\/cronicasyversiones.com\/wp-content\/uploads\/2020\/12\/casa-300x200.jpg 300w, http:\/\/cronicasyversiones.com\/wp-content\/uploads\/2020\/12\/casa-768x512.jpg 768w, http:\/\/cronicasyversiones.com\/wp-content\/uploads\/2020\/12\/casa-1536x1024.jpg 1536w, http:\/\/cronicasyversiones.com\/wp-content\/uploads\/2020\/12\/casa-480x320.jpg 480w, http:\/\/cronicasyversiones.com\/wp-content\/uploads\/2020\/12\/casa.jpg 2048w\" sizes=\"auto, (max-width: 777px) 100vw, 777px\" \/><\/p>\n<p><em><strong>\u201cLa Casa de los Palos\u201d,<\/strong><\/em> de <strong>Sebasti\u00e1n Sarqu\u00eds,<\/strong> actualiza en el mito del hombre lobo o Lobiz\u00f3n con una mirada que apunta no solo a lo fant\u00e1stico sino tambi\u00e9n a la exclusi\u00f3n social de quienes son diferentes y se estrena en las plataformas de <strong>Cine.ar.<\/strong><\/p>\n<p>El elenco lo completan Adri\u00e1n Navarro, Moro Arghileri, Omar Fanucchi, Facundo Navarro, Uma Germ\u00e1n y Charly Anzulain, entre otros.<\/p>\n<p>Tras un brote de rabia, una orquesta de aullidos feroces intimida a una humilde familia que debe resguardarse en su casa del bosque. Encerrados y en un total aislamiento, resistir\u00e1n la situaci\u00f3n desde sus propios miedos, manifestando rasgos at\u00edpicos.<\/p>\n<p><iframe loading=\"lazy\" src=\"https:\/\/www.youtube.com\/embed\/fX7djQM0LTU\" width=\"600\" height=\"350\" frameborder=\"0\" allowfullscreen=\"allowfullscreen\"><span data-mce-type=\"bookmark\" style=\"display: inline-block; width: 0px; overflow: hidden; line-height: 0;\" class=\"mce_SELRES_start\">?<\/span><\/iframe><\/p>\n<p>Una familia de monta\u00f1eses vive aislada en medio del bosque y, en medio de un brote de rabia que ataca al hijo mayor, se debate entre permanecer en la casa o ir al pueblo en busca de medicina.<\/p>\n<p>En medio de ello, un peligro que los ven\u00eda persiguiendo desde hac\u00eda a\u00f1os se hace presente y deja en evidencia que ese distanciamiento social que militaban no solo es hacia el poblado, sino tambi\u00e9n hacia una antigua comunidad de la que eran parte y a la que no quieren volver.<\/p>\n<p><em><strong>\u201cLa Casa de los Palos\u201d<\/strong> <\/em>puede ver este jueves y s\u00e1bado a las 20 por Cine.ar y a partir del viernes, gratis, por Cine.ar Play.<\/p>\n<div style=\"padding-bottom:20px; padding-top:10px;\" class=\"hupso-share-buttons\"><!-- Hupso Share Buttons - https:\/\/www.hupso.com\/share\/ --><a class=\"hupso_counters\" href=\"https:\/\/www.hupso.com\/share\/\"><img decoding=\"async\" src=\"http:\/\/static.hupso.com\/share\/buttons\/lang\/es\/share-small.png\" style=\"border:0px; padding-top:2px; float:left;\" alt=\"Share Button\"\/><\/a><script type=\"text\/javascript\">var hupso_services_c=new Array(\"twitter\",\"facebook_like\",\"google\");var hupso_counters_lang = \"es_LA\";var hupso_image_folder_url = \"\";var hupso_twitter_via=\"crsyvrs\";var hupso_url_c=\"\";<\/script><script type=\"text\/javascript\" src=\"http:\/\/static.hupso.com\/share\/js\/counters.js\"><\/script><!-- Hupso Share Buttons --><\/div> ","protected":false},"excerpt":{"rendered":"<div style=\"padding-bottom:20px; padding-top:10px;\" class=\"hupso-share-buttons\"><!-- Hupso Share Buttons - https:\/\/www.hupso.com\/share\/ --><a class=\"hupso_counters\" href=\"https:\/\/www.hupso.com\/share\/\"><img src=\"http:\/\/static.hupso.com\/share\/buttons\/lang\/es\/share-small.png\" style=\"border:0px; padding-top:2px; float:left;\" alt=\"Share Button\"\/><\/a><script type=\"text\/javascript\">var hupso_services_c=new Array(\"twitter\",\"facebook_like\",\"google\");var hupso_counters_lang = \"es_LA\";var hupso_image_folder_url = \"\";var hupso_twitter_via=\"crsyvrs\";var hupso_url_c=\"\";<\/script><script type=\"text\/javascript\" src=\"http:\/\/static.hupso.com\/share\/js\/counters.js\"><\/script><!-- Hupso Share Buttons --><\/div><p>El film actualiza en el mito del hombre lobo o Lobiz\u00f3n con una mirada que apunta no solo a lo fant\u00e1stico sino tambi\u00e9n a la exclusi\u00f3n social. \u201cLa Casa de los Palos\u201d, de Sebasti\u00e1n Sarqu\u00eds, actualiza en el mito&#46;&#46;&#46;<\/p>\n<div style=\"padding-bottom:20px; padding-top:10px;\" class=\"hupso-share-buttons\"><!-- Hupso Share Buttons - https:\/\/www.hupso.com\/share\/ --><a class=\"hupso_counters\" href=\"https:\/\/www.hupso.com\/share\/\"><img src=\"http:\/\/static.hupso.com\/share\/buttons\/lang\/es\/share-small.png\" style=\"border:0px; padding-top:2px; float:left;\" alt=\"Share Button\"\/><\/a><script type=\"text\/javascript\">var hupso_services_c=new Array(\"twitter\",\"facebook_like\",\"google\");var hupso_counters_lang = \"es_LA\";var hupso_image_folder_url = \"\";var hupso_twitter_via=\"crsyvrs\";var hupso_url_c=\"\";<\/script><script type=\"text\/javascript\" src=\"http:\/\/static.hupso.com\/share\/js\/counters.js\"><\/script><!-- Hupso Share Buttons --><\/div>","protected":false},"author":5,"featured_media":29324,"comment_status":"closed","ping_status":"closed","sticky":false,"template":"","format":"standard","meta":{"footnotes":""},"categories":[4,6],"tags":[9588,7110],"class_list":["post-29323","post","type-post","status-publish","format-standard","has-post-thumbnail","hentry","category-cine","category-radio-y-tv","tag-cinear","tag-moro-anghileri"],"_links":{"self":[{"href":"http:\/\/cronicasyversiones.com\/index.php?rest_route=\/wp\/v2\/posts\/29323","targetHints":{"allow":["GET"]}}],"collection":[{"href":"http:\/\/cronicasyversiones.com\/index.php?rest_route=\/wp\/v2\/posts"}],"about":[{"href":"http:\/\/cronicasyversiones.com\/index.php?rest_route=\/wp\/v2\/types\/post"}],"author":[{"embeddable":true,"href":"http:\/\/cronicasyversiones.com\/index.php?rest_route=\/wp\/v2\/users\/5"}],"replies":[{"embeddable":true,"href":"http:\/\/cronicasyversiones.com\/index.php?rest_route=%2Fwp%2Fv2%2Fcomments&post=29323"}],"version-history":[{"count":1,"href":"http:\/\/cronicasyversiones.com\/index.php?rest_route=\/wp\/v2\/posts\/29323\/revisions"}],"predecessor-version":[{"id":29325,"href":"http:\/\/cronicasyversiones.com\/index.php?rest_route=\/wp\/v2\/posts\/29323\/revisions\/29325"}],"wp:featuredmedia":[{"embeddable":true,"href":"http:\/\/cronicasyversiones.com\/index.php?rest_route=\/wp\/v2\/media\/29324"}],"wp:attachment":[{"href":"http:\/\/cronicasyversiones.com\/index.php?rest_route=%2Fwp%2Fv2%2Fmedia&parent=29323"}],"wp:term":[{"taxonomy":"category","embeddable":true,"href":"http:\/\/cronicasyversiones.com\/index.php?rest_route=%2Fwp%2Fv2%2Fcategories&post=29323"},{"taxonomy":"post_tag","embeddable":true,"href":"http:\/\/cronicasyversiones.com\/index.php?rest_route=%2Fwp%2Fv2%2Ftags&post=29323"}],"curies":[{"name":"wp","href":"https:\/\/api.w.org\/{rel}","templated":true}]}}