{"id":29345,"date":"2021-01-04T08:53:25","date_gmt":"2021-01-04T11:53:25","guid":{"rendered":"http:\/\/cronicasyversiones.com\/?p=29345"},"modified":"2021-01-04T08:53:27","modified_gmt":"2021-01-04T11:53:27","slug":"llega-la-25o-edicion-del-uruguayo-festival-medio-y-medio","status":"publish","type":"post","link":"http:\/\/cronicasyversiones.com\/?p=29345","title":{"rendered":"Llega la 25\u00ba edici\u00f3n del uruguayo Festival Medio y Medio"},"content":{"rendered":"<div style=\"padding-bottom:20px; padding-top:10px;\" class=\"hupso-share-buttons\"><!-- Hupso Share Buttons - https:\/\/www.hupso.com\/share\/ --><a class=\"hupso_counters\" href=\"https:\/\/www.hupso.com\/share\/\"><img decoding=\"async\" src=\"http:\/\/static.hupso.com\/share\/buttons\/lang\/es\/share-small.png\" style=\"border:0px; padding-top:2px; float:left;\" alt=\"Share Button\"\/><\/a><script type=\"text\/javascript\">var hupso_services_c=new Array(\"twitter\",\"facebook_like\",\"google\");var hupso_counters_lang = \"es_LA\";var hupso_image_folder_url = \"\";var hupso_twitter_via=\"crsyvrs\";var hupso_url_c=\"\";<\/script><script type=\"text\/javascript\" src=\"http:\/\/static.hupso.com\/share\/js\/counters.js\"><\/script><!-- Hupso Share Buttons --><\/div><h2>El tradicional encuentro contar\u00e1 con figuras como David Leb\u00f3n, Hugo Fattoruso, Kevin Johansen, Loli Molina y Fernando Cabrera y con shows al aire libre.<\/h2>\n<p><img loading=\"lazy\" decoding=\"async\" class=\"size-full wp-image-29346 aligncenter\" src=\"http:\/\/cronicasyversiones.com\/wp-content\/uploads\/2020\/12\/loli.jpg\" alt=\"\" width=\"750\" height=\"498\" srcset=\"http:\/\/cronicasyversiones.com\/wp-content\/uploads\/2020\/12\/loli.jpg 750w, http:\/\/cronicasyversiones.com\/wp-content\/uploads\/2020\/12\/loli-300x199.jpg 300w, http:\/\/cronicasyversiones.com\/wp-content\/uploads\/2020\/12\/loli-480x320.jpg 480w\" sizes=\"auto, (max-width: 750px) 100vw, 750px\" \/><\/p>\n<p><strong>David Leb\u00f3n, Hugo Fattoruso, Kevin Johansen, Loli Molina y Fernando Cabrera<\/strong> ser\u00e1n algunas de las figuras que animar\u00e1n el tradicional festival uruguayo <strong>Medio y Medio<\/strong>, que celebrar\u00e1 su 25\u00ba aniversario, entre el 12 de enero y el 27 de febrero, en el predio ubicado en la zona de Punta Ballenas.<\/p>\n<p>En esta oportunidad, todos los shows se concentrar\u00e1n en el escenario Parque, al aire libre y con localidades acotadas, para cumplir con los protocolos de seguridad sanitaria, a ra\u00edz de la pandemia de coronavirus.<\/p>\n<p>Como es habitual, el encuentro musical estar\u00e1 dividido de manera tem\u00e1tica, en este caso con zapadas programadas los martes de enero a cargo de <strong>Fabi\u00e1n \u201cEl Zorrito\u201d Quintiero;<\/strong> una serie de homenajes a Fattoruso y Rub\u00e9n Rada; un mini carnaval y un espacio dedicado exclusivamente a artistas de pa\u00edses vecinos.<\/p>\n<h2>La programaci\u00f3n<\/h2>\n<p><strong>Enero:<\/strong><\/p>\n<p>12, 19 y 26: Jam de Amigos \u201cNo dejes nunca la m\u00fasica\u201d, con Zorrito Von &amp; Los Gustocks.<\/p>\n<p>Homenaje a Rada &amp; Hugo:<\/p>\n<p>14: Fran Fattoruso y Mati Rada.<\/p>\n<p>15 y 16: Cordera y La Caravana.<\/p>\n<p>21: Hugo Fattoruso y Laura Canoura.<\/p>\n<p>22: David Leb\u00f3n.<\/p>\n<p>23 y 24: Coti Sorokin.<\/p>\n<p>28: Fernando Cabrera.<\/p>\n<p>29: Loli Molina y Nico Ibarburu.<\/p>\n<p>30: Campo.<\/p>\n<p><strong>Febrero:&nbsp;&nbsp;<\/strong><\/p>\n<p><strong>Serie Vecinos y Vecinas:<\/strong><\/p>\n<p>4 y 5: Chico Cesar y Mart\u00edn Buscaglia.<\/p>\n<p>6 y 7: Kevin Johansen y Paulinho Moska.<\/p>\n<p>12: Mar\u00eda Gad\u00fa y Lu Ferreira.<\/p>\n<p><strong>Mini Fest Carnaval:<\/strong><\/p>\n<p>13: Buenos Muchachos.<\/p>\n<p>14: Peyote Asesino.<\/p>\n<p>15: Agarrate Catalina.<\/p>\n<p>18: Francis Andreu.<\/p>\n<p>19: Mateo x6.<\/p>\n<p>20: La Triple Nelson.<\/p>\n<p>27: Urbano Moraes.<\/p>\n<div style=\"padding-bottom:20px; padding-top:10px;\" class=\"hupso-share-buttons\"><!-- Hupso Share Buttons - https:\/\/www.hupso.com\/share\/ --><a class=\"hupso_counters\" href=\"https:\/\/www.hupso.com\/share\/\"><img decoding=\"async\" src=\"http:\/\/static.hupso.com\/share\/buttons\/lang\/es\/share-small.png\" style=\"border:0px; padding-top:2px; float:left;\" alt=\"Share Button\"\/><\/a><script type=\"text\/javascript\">var hupso_services_c=new Array(\"twitter\",\"facebook_like\",\"google\");var hupso_counters_lang = \"es_LA\";var hupso_image_folder_url = \"\";var hupso_twitter_via=\"crsyvrs\";var hupso_url_c=\"\";<\/script><script type=\"text\/javascript\" src=\"http:\/\/static.hupso.com\/share\/js\/counters.js\"><\/script><!-- Hupso Share Buttons --><\/div> ","protected":false},"excerpt":{"rendered":"<div style=\"padding-bottom:20px; padding-top:10px;\" class=\"hupso-share-buttons\"><!-- Hupso Share Buttons - https:\/\/www.hupso.com\/share\/ --><a class=\"hupso_counters\" href=\"https:\/\/www.hupso.com\/share\/\"><img src=\"http:\/\/static.hupso.com\/share\/buttons\/lang\/es\/share-small.png\" style=\"border:0px; padding-top:2px; float:left;\" alt=\"Share Button\"\/><\/a><script type=\"text\/javascript\">var hupso_services_c=new Array(\"twitter\",\"facebook_like\",\"google\");var hupso_counters_lang = \"es_LA\";var hupso_image_folder_url = \"\";var hupso_twitter_via=\"crsyvrs\";var hupso_url_c=\"\";<\/script><script type=\"text\/javascript\" src=\"http:\/\/static.hupso.com\/share\/js\/counters.js\"><\/script><!-- Hupso Share Buttons --><\/div><p>El tradicional encuentro contar\u00e1 con figuras como David Leb\u00f3n, Hugo Fattoruso, Kevin Johansen, Loli Molina y Fernando Cabrera y con shows al aire libre. David Leb\u00f3n, Hugo Fattoruso, Kevin Johansen, Loli Molina y Fernando Cabrera ser\u00e1n algunas de las&#46;&#46;&#46;<\/p>\n<div style=\"padding-bottom:20px; padding-top:10px;\" class=\"hupso-share-buttons\"><!-- Hupso Share Buttons - https:\/\/www.hupso.com\/share\/ --><a class=\"hupso_counters\" href=\"https:\/\/www.hupso.com\/share\/\"><img src=\"http:\/\/static.hupso.com\/share\/buttons\/lang\/es\/share-small.png\" style=\"border:0px; padding-top:2px; float:left;\" alt=\"Share Button\"\/><\/a><script type=\"text\/javascript\">var hupso_services_c=new Array(\"twitter\",\"facebook_like\",\"google\");var hupso_counters_lang = \"es_LA\";var hupso_image_folder_url = \"\";var hupso_twitter_via=\"crsyvrs\";var hupso_url_c=\"\";<\/script><script type=\"text\/javascript\" src=\"http:\/\/static.hupso.com\/share\/js\/counters.js\"><\/script><!-- Hupso Share Buttons --><\/div>","protected":false},"author":5,"featured_media":29346,"comment_status":"closed","ping_status":"closed","sticky":false,"template":"","format":"standard","meta":{"footnotes":""},"categories":[3],"tags":[1066,3561,1432,4042,6316,7572],"class_list":["post-29345","post","type-post","status-publish","format-standard","has-post-thumbnail","hentry","category-musica","tag-david-lebon","tag-fernando-cabrera","tag-hugo-fattoruso","tag-kevin-johansen","tag-loli-molina","tag-medio-y-medio"],"_links":{"self":[{"href":"http:\/\/cronicasyversiones.com\/index.php?rest_route=\/wp\/v2\/posts\/29345","targetHints":{"allow":["GET"]}}],"collection":[{"href":"http:\/\/cronicasyversiones.com\/index.php?rest_route=\/wp\/v2\/posts"}],"about":[{"href":"http:\/\/cronicasyversiones.com\/index.php?rest_route=\/wp\/v2\/types\/post"}],"author":[{"embeddable":true,"href":"http:\/\/cronicasyversiones.com\/index.php?rest_route=\/wp\/v2\/users\/5"}],"replies":[{"embeddable":true,"href":"http:\/\/cronicasyversiones.com\/index.php?rest_route=%2Fwp%2Fv2%2Fcomments&post=29345"}],"version-history":[{"count":2,"href":"http:\/\/cronicasyversiones.com\/index.php?rest_route=\/wp\/v2\/posts\/29345\/revisions"}],"predecessor-version":[{"id":29427,"href":"http:\/\/cronicasyversiones.com\/index.php?rest_route=\/wp\/v2\/posts\/29345\/revisions\/29427"}],"wp:featuredmedia":[{"embeddable":true,"href":"http:\/\/cronicasyversiones.com\/index.php?rest_route=\/wp\/v2\/media\/29346"}],"wp:attachment":[{"href":"http:\/\/cronicasyversiones.com\/index.php?rest_route=%2Fwp%2Fv2%2Fmedia&parent=29345"}],"wp:term":[{"taxonomy":"category","embeddable":true,"href":"http:\/\/cronicasyversiones.com\/index.php?rest_route=%2Fwp%2Fv2%2Fcategories&post=29345"},{"taxonomy":"post_tag","embeddable":true,"href":"http:\/\/cronicasyversiones.com\/index.php?rest_route=%2Fwp%2Fv2%2Ftags&post=29345"}],"curies":[{"name":"wp","href":"https:\/\/api.w.org\/{rel}","templated":true}]}}